{"id":31835,"date":"2014-09-03T13:47:38","date_gmt":"2014-09-03T19:47:38","guid":{"rendered":"http:\/\/www.eloriente.net\/home\/?p=31835"},"modified":"2014-09-04T11:20:46","modified_gmt":"2014-09-04T17:20:46","slug":"homenaje-a-los-simbolos-patrios-en-el-poder-judicial","status":"publish","type":"post","link":"http:\/\/www.eloriente.net\/home\/2014\/09\/03\/homenaje-a-los-simbolos-patrios-en-el-poder-judicial\/","title":{"rendered":"Homenaje a los S\u00edmbolos Patrios en el Poder Judicial"},"content":{"rendered":"<p>eloriente.net<\/p>\n<p>3\/septiembre\/2014<\/p>\n<p>El titular del Poder Judicial, magistrado Alfredo Lagunas Rivera encabez\u00f3 la ceremonia de izamiento de bandera en el asta monumental de Ciudad Judicial<\/p>\n<p>En el marco del programa \u201cSeptiembre, mes de la patria\u201d, este mi\u00e9rcoles el Poder Judicial del Estado refrend\u00f3 su respeto y lealtad a los S\u00edmbolos Patrios, al efectuar una ceremonia c\u00edvica en la sede del Tribunal Superior de Justicia del Estado y del Consejo de la Judicatura, en Ciudad Judicial, acto que fue encabezado por titular de la instituci\u00f3n, magistrado Alfredo Rodrigo Lagunas Rivera.<\/p>\n<p>Al pronunciar el discurso oficial, se\u00f1al\u00f3 que las oaxaque\u00f1as y oaxaque\u00f1os, debemos tomar las riendas de las libertades en el orden; valorando las diferencias en la tolerancia y proscribiendo el conflicto por el di\u00e1logo; en la inteligencia de la buena fe y racionalidad, para construir un habitad com\u00fan y no degenerar lo que es propio, en intereses mezquinos que avanzan devorando la cohesi\u00f3n y bienestar social.<\/p>\n<p>Ante magistrados del Tribunal Superior de Justicia y de los tribunales especializados, consejeros de la Judicatura, directores de las diferentes \u00e1reas y servidores p\u00fablicos judiciales, resalt\u00f3 que desde hace 204 a\u00f1os el pueblo mexicano ha construido un sentimiento de pertenencia a lo propio, a la identidad y a las instituciones, de ah\u00ed que debemos ocuparnos de construir una sociedad cohesionada en la equidad, los derechos y la justicia; sin menoscabos impunes que marquen el des\u00e1nimo y retroceso.<\/p>\n<p>El magistrado Lagunas Rivera enfatiz\u00f3 que el Poder Judicial del Estado, tiene la claridad de su responsabilidad como instituci\u00f3n de la naci\u00f3n; por ello salvaguarda los derechos humanos, incentiva que los sistemas de justicia sean dignos de s\u00ed mismos y fiscaliza que la fatiga o deshumor de sus operadores, no los hagan aborrecibles.<\/p>\n<p>\u201cEstamos en la funci\u00f3n judicial por vocaci\u00f3n y responsabilidad de contribuir a que las oaxaque\u00f1as y oaxaque\u00f1os puedan sentirse tranquilos de sus bienes y libertades, a trav\u00e9s de la honestidad y eficacia de la justicia\u201d, se\u00f1al\u00f3.<\/p>\n<p>En este sentido, exhort\u00f3 a los miembros del Tribunal Superior de Justicia y del Consejo de la Judicatura a llevar presente el estandarte de la inspiraci\u00f3n por servir, la disciplina en el actuar y la profesionalidad en su despacho para continuar con la lucha por la libertad y soberan\u00eda de la naci\u00f3n iniciada por el cura de Dolores, Don Miguel Hidalgo.<\/p>\n<p>Como parte de la ceremonia c\u00edvica, el Magistrado Presidente iz\u00f3 la bandera monumental en el asta ubicada en la plaza Monte Alb\u00e1n de las instalaciones del Poder Judicial en Reyes Mantec\u00f3n, acompa\u00f1ado por la escolta y banda de m\u00fasica de la Secretar\u00eda de Seguridad P\u00fablica.<\/p>\n<div id='gallery-1' class='gallery galleryid-31835 gallery-columns-3 gallery-size-thumbnail'><figure class='gallery-item'>\n\t\t\t<div class='gallery-icon landscape'>\n\t\t\t\t<a href='http:\/\/www.eloriente.net\/home\/wp-content\/uploads\/2014\/09\/Alfredo-Lagunas-iz\u00f3-la-bandera-nacional-en-Ciudad-Judicial.jpg'><img loading=\"lazy\" decoding=\"async\" width=\"150\" height=\"150\" src=\"http:\/\/www.eloriente.net\/home\/wp-content\/uploads\/2014\/09\/Alfredo-Lagunas-iz\u00f3-la-bandera-nacional-en-Ciudad-Judicial-150x150.jpg\" class=\"attachment-thumbnail size-thumbnail\" alt=\"\" srcset=\"http:\/\/www.eloriente.net\/home\/wp-content\/uploads\/2014\/09\/Alfredo-Lagunas-iz\u00f3-la-bandera-nacional-en-Ciudad-Judicial-150x150.jpg 150w, http:\/\/www.eloriente.net\/home\/wp-content\/uploads\/2014\/09\/Alfredo-Lagunas-iz\u00f3-la-bandera-nacional-en-Ciudad-Judicial-50x50.jpg 50w\" sizes=\"(max-width: 150px) 100vw, 150px\" \/><\/a>\n\t\t\t<\/div><\/figure><figure class='gallery-item'>\n\t\t\t<div class='gallery-icon landscape'>\n\t\t\t\t<a href='http:\/\/www.eloriente.net\/home\/wp-content\/uploads\/2014\/09\/El-titular-del-PJO-magistrado-Alfredo-Lagunas-Rivera-encabez\u00f3-la-ceremonia-c\u00edvica.jpg'><img loading=\"lazy\" decoding=\"async\" width=\"150\" height=\"150\" src=\"http:\/\/www.eloriente.net\/home\/wp-content\/uploads\/2014\/09\/El-titular-del-PJO-magistrado-Alfredo-Lagunas-Rivera-encabez\u00f3-la-ceremonia-c\u00edvica-150x150.jpg\" class=\"attachment-thumbnail size-thumbnail\" alt=\"\" srcset=\"http:\/\/www.eloriente.net\/home\/wp-content\/uploads\/2014\/09\/El-titular-del-PJO-magistrado-Alfredo-Lagunas-Rivera-encabez\u00f3-la-ceremonia-c\u00edvica-150x150.jpg 150w, http:\/\/www.eloriente.net\/home\/wp-content\/uploads\/2014\/09\/El-titular-del-PJO-magistrado-Alfredo-Lagunas-Rivera-encabez\u00f3-la-ceremonia-c\u00edvica-50x50.jpg 50w\" sizes=\"(max-width: 150px) 100vw, 150px\" \/><\/a>\n\t\t\t<\/div><\/figure><figure class='gallery-item'>\n\t\t\t<div class='gallery-icon landscape'>\n\t\t\t\t<a href='http:\/\/www.eloriente.net\/home\/wp-content\/uploads\/2014\/09\/Funci\u00f3n-judicial-salvaguarda-los-derechos-humanos-afirm\u00f3-Alfredo-Lagunas-.jpg'><img loading=\"lazy\" decoding=\"async\" width=\"150\" height=\"150\" src=\"http:\/\/www.eloriente.net\/home\/wp-content\/uploads\/2014\/09\/Funci\u00f3n-judicial-salvaguarda-los-derechos-humanos-afirm\u00f3-Alfredo-Lagunas--150x150.jpg\" class=\"attachment-thumbnail size-thumbnail\" alt=\"\" srcset=\"http:\/\/www.eloriente.net\/home\/wp-content\/uploads\/2014\/09\/Funci\u00f3n-judicial-salvaguarda-los-derechos-humanos-afirm\u00f3-Alfredo-Lagunas--150x150.jpg 150w, http:\/\/www.eloriente.net\/home\/wp-content\/uploads\/2014\/09\/Funci\u00f3n-judicial-salvaguarda-los-derechos-humanos-afirm\u00f3-Alfredo-Lagunas--50x50.jpg 50w\" sizes=\"(max-width: 150px) 100vw, 150px\" \/><\/a>\n\t\t\t<\/div><\/figure>\n\t\t<\/div>\n\n<p>Fotos: H. Tribunal Superior de Justicia<\/p>\n<p><strong>Entradas relacionadas:<\/strong><\/p>\n<p><a title=\"Permalink to La homologaci\u00f3n del C\u00f3digo Penal \u00danico\" href=\"http:\/\/www.eloriente.net\/home\/2014\/09\/02\/la-homologacion-del-codigo-penal-unico\/\" rel=\"bookmark\">La homologaci\u00f3n del C\u00f3digo Penal \u00danico<\/a><\/p>\n<p><a href=\"http:\/\/www.eloriente.net\/home\/2014\/09\/02\/la-homologacion-del-codigo-penal-unico\/\" rel=\"bookmark\"><img decoding=\"async\" title=\"La homologaci\u00f3n del C\u00f3digo Penal \u00danico\" src=\"http:\/\/www.eloriente.net\/home\/wp-content\/themes\/city-desk\/timthumb.php?src=http%3A%2F%2Fwww.eloriente.net%2Fhome%2Fwp-content%2Fuploads%2F2014%2F09%2FEl-magistrado-Alfredo-Lagunas-Rivera.jpg&amp;q=90&amp;w=160&amp;h=106&amp;zc=1\" alt=\"La homologaci\u00f3n del C\u00f3digo Penal \u00danico\" \/><\/a><\/p>\n<p>eloriente.net 2\/septiembre\/2014 \u2022 El titular del PJO, Alfredo Lagunas Rivera inform\u00f3 que servidores p\u00fablicos judiciales se actualizan en el tema con especialistas del Despacho de Abogados \u201cF\u00e9lix C\u00e1rdenas\u201d \u201cAnalizar el impacto de la ley federal que regular\u00e1 los procesos judiciales de car\u00e1cter penal en los estados de la Rep\u00fablica y adaptar sus principios a la [&#8230;]<\/p>\n<p>September 2, 2014<\/p>\n<div id=\"post-31736\">\n<p><a title=\"Permalink to \u201cMasculinidades\u201d, taller por el Poder Judicial y la CNDH\" href=\"http:\/\/www.eloriente.net\/home\/2014\/09\/01\/poder-judicial-impulsor-de-la-equidad-y-la-igualdad-de-genero-en-oaxaca-alr\/\" rel=\"bookmark\">\u201cMasculinidades\u201d, taller por el Poder Judicial y la CNDH<\/a><\/p>\n<p><a href=\"http:\/\/www.eloriente.net\/home\/2014\/09\/01\/poder-judicial-impulsor-de-la-equidad-y-la-igualdad-de-genero-en-oaxaca-alr\/\" rel=\"bookmark\"><img decoding=\"async\" title=\"\u201cMasculinidades\u201d, taller por el Poder Judicial y la CNDH\" src=\"http:\/\/www.eloriente.net\/home\/wp-content\/themes\/city-desk\/timthumb.php?src=http%3A%2F%2Fwww.eloriente.net%2Fhome%2Fwp-content%2Fuploads%2F2014%2F09%2FRepresentante-de-la-CNDH-Luc%C3%ADa-Rodr%C3%ADguez-Quintero-T.jpg&amp;q=90&amp;w=160&amp;h=106&amp;zc=1\" alt=\"\u201cMasculinidades\u201d, taller por el Poder Judicial y la CNDH\" \/><\/a><\/p>\n<p>eloriente.net 1\/septiembre\/2014 \u2022 El magistrado Alfredo Rodrigo Lagunas Rivera inaugur\u00f3 el taller \u201cMasculinidades\u201d organizado en coordinaci\u00f3n con la CNDH y dirigido a servidores p\u00fablicos judiciales El titular del Poder Judicial del Estado, magistrado Alfredo Rodrigo Lagunas Rivera, reiter\u00f3 el compromiso de la instituci\u00f3n a su cargo para contribuir en la construcci\u00f3n de un nuevo modelo [&#8230;]<\/p>\n<p>September 1, 2014<\/p>\n<\/div>\n<div id=\"post-31674\">\n<p><a title=\"Permalink to Capacitaci\u00f3n sobre \u00e9tica judicial para int\u00e9rpretes y traductores\" href=\"http:\/\/www.eloriente.net\/home\/2014\/08\/30\/capacitacion-sobre-etica-judicial-para-interpretes-y-traductores\/\" rel=\"bookmark\">Capacitaci\u00f3n sobre \u00e9tica judicial para int\u00e9rpretes y traductores<\/a><\/p>\n<p><a href=\"http:\/\/www.eloriente.net\/home\/2014\/08\/30\/capacitacion-sobre-etica-judicial-para-interpretes-y-traductores\/\" rel=\"bookmark\"><img decoding=\"async\" title=\"Capacitaci\u00f3n sobre \u00e9tica judicial para int\u00e9rpretes y traductores\" src=\"http:\/\/www.eloriente.net\/home\/wp-content\/themes\/city-desk\/timthumb.php?src=http%3A%2F%2Fwww.eloriente.net%2Fhome%2Fwp-content%2Fuploads%2F2014%2F08%2FInt%C3%A9rpretes-y-traductores-fueron-capacitados-sobre-%C3%A9tica-judicial-T.jpg&amp;q=90&amp;w=160&amp;h=106&amp;zc=1\" alt=\"Capacitaci\u00f3n sobre \u00e9tica judicial para int\u00e9rpretes y traductores\" \/><\/a><\/p>\n<p>eloriente.net 30\/agosto\/2014 \u2022 La consejera Elsa Ang\u00e9lica Alejo Torres, presidenta de la Comisi\u00f3n de \u00c9tica del Poder Judicial del Estado imparti\u00f3 una conferencia a integrantes del CEPIADET La confianza, credibilidad, confidencialidad, profesionalismo, imparcialidad, compromiso institucional, as\u00ed como el respeto irrestricto a los derechos humanos, son pilares para que la justicia se transforme, afirm\u00f3 la consejera [&#8230;]<\/p>\n<p>August 30, 2014<\/p>\n<\/div>\n\n\t\t\t  <div \n\t\t\t  \tclass = \"fb-comments\" \n\t\t\t  \tdata-href = \"http:\/\/www.eloriente.net\/home\/2014\/09\/03\/homenaje-a-los-simbolos-patrios-en-el-poder-judicial\/\"\n\t\t\t  \tdata-numposts = \"10\"\n\t\t\t\tdata-colorscheme = \"dark\"\n\t\t\t\tdata-order-by = \"social\"\n\t\t\t\tdata-mobile=true>\n\t\t\t  <\/div>\n\t\t  <style>\n\t\t\t.fb_iframe_widget_fluid_desktop iframe {\n\t\t\t    width: 100% !important;\n\t\t\t}\n\t\t  <\/style>\n\t\t  ","protected":false},"excerpt":{"rendered":"<p>eloriente.net 3\/septiembre\/2014 El titular del Poder Judicial, magistrado Alfredo Lagunas Rivera encabez\u00f3 la ceremonia de izamiento de bandera en el asta monumental de Ciudad Judicial En el marco del programa \u201cSeptiembre, mes de la patria\u201d, este mi\u00e9rcoles el Poder Judicial del Estado refrend\u00f3 su respeto y lealtad a los S\u00edmbolos Patrios, al efectuar una ceremonia [&hellip;]<\/p>\n","protected":false},"author":1,"featured_media":31836,"comment_status":"open","ping_status":"open","sticky":false,"template":"","format":"standard","meta":{"_jetpack_memberships_contains_paid_content":false,"footnotes":""},"categories":[29,1588,91,32,21],"tags":[225],"class_list":["post-31835","post","type-post","status-publish","format-standard","has-post-thumbnail","hentry","category-capital","category-comunicados-y-boletines","category-congreso-y-justicia","category-entradas","category-politica-y-gobierno","tag-tsj"],"jetpack_featured_media_url":"http:\/\/www.eloriente.net\/home\/wp-content\/uploads\/2014\/09\/Alfredo-Lagunas-iz\u00f3-la-bandera-nacional-en-Ciudad-Judicial.jpg","jetpack_sharing_enabled":true,"_links":{"self":[{"href":"http:\/\/www.eloriente.net\/home\/wp-json\/wp\/v2\/posts\/31835"}],"collection":[{"href":"http:\/\/www.eloriente.net\/home\/wp-json\/wp\/v2\/posts"}],"about":[{"href":"http:\/\/www.eloriente.net\/home\/wp-json\/wp\/v2\/types\/post"}],"author":[{"embeddable":true,"href":"http:\/\/www.eloriente.net\/home\/wp-json\/wp\/v2\/users\/1"}],"replies":[{"embeddable":true,"href":"http:\/\/www.eloriente.net\/home\/wp-json\/wp\/v2\/comments?post=31835"}],"version-history":[{"count":2,"href":"http:\/\/www.eloriente.net\/home\/wp-json\/wp\/v2\/posts\/31835\/revisions"}],"predecessor-version":[{"id":31874,"href":"http:\/\/www.eloriente.net\/home\/wp-json\/wp\/v2\/posts\/31835\/revisions\/31874"}],"wp:featuredmedia":[{"embeddable":true,"href":"http:\/\/www.eloriente.net\/home\/wp-json\/wp\/v2\/media\/31836"}],"wp:attachment":[{"href":"http:\/\/www.eloriente.net\/home\/wp-json\/wp\/v2\/media?parent=31835"}],"wp:term":[{"taxonomy":"category","embeddable":true,"href":"http:\/\/www.eloriente.net\/home\/wp-json\/wp\/v2\/categories?post=31835"},{"taxonomy":"post_tag","embeddable":true,"href":"http:\/\/www.eloriente.net\/home\/wp-json\/wp\/v2\/tags?post=31835"}],"curies":[{"name":"wp","href":"https:\/\/api.w.org\/{rel}","templated":true}]}}