{"id":31858,"date":"2014-09-04T10:06:39","date_gmt":"2014-09-04T16:06:39","guid":{"rendered":"http:\/\/www.eloriente.net\/home\/?p=31858"},"modified":"2014-09-04T10:31:47","modified_gmt":"2014-09-04T16:31:47","slug":"oaxaquenas-con-resultado-idoneo-en-convocatoria-oples","status":"publish","type":"post","link":"http:\/\/www.eloriente.net\/home\/2014\/09\/04\/oaxaquenas-con-resultado-idoneo-en-convocatoria-oples\/","title":{"rendered":"Oaxaque\u00f1os con resultado id\u00f3neo en Convocatoria OPLES"},"content":{"rendered":"<p style=\"text-align: left;\" align=\"center\">eloriente.net<\/p>\n<p style=\"text-align: left;\" align=\"center\">4\/septiembre\/2014<\/p>\n<p>El Instituto Nacional Electoral (INE), a trav\u00e9s de la Comisi\u00f3n de Vinculaci\u00f3n con Organismos P\u00fablicos Locales, difundi\u00f3\u00a0 los resultados de los aspirantes a consejeros electorales de los Organismos P\u00fablicos Locales (OPLES) que le entreg\u00f3 el\u00a0 Instituto de Investigaciones Jur\u00eddicas de la Universidad Nacional Aut\u00f3noma de M\u00e9xico (UNAM).<\/p>\n<p>La lista de aspirantes que fueron considerados id\u00f3neos para continuar con las etapas para la designaci\u00f3n puede ser consultada a trav\u00e9s de la p\u00e1gina oficial del INE (<a href=\"http:\/\/www.ine.mx\">www.ine.mx<\/a>)<\/p>\n<p>De 931 aspirantes registrados para presentar el ensayo aplicado el pasado 23 de agosto acudieron 917, de los cuales se seleccionaron a quienes obtuvieron un resultado considerado id\u00f3neo y han accedido a la siguiente etapa, que \u00a0implica una Valoraci\u00f3n Curricular\u00a0 por parte de la Comisi\u00f3n de Vinculaci\u00f3n que \u00a0preside el Consejero Electoral Marco Antonio Ba\u00f1os y est\u00e1 integrada por la Consejera Adriana Favela y los Consejeros Arturo S\u00e1nchez y Ciro Murayama.<\/p>\n<p>Concluida esta etapa se realizar\u00e1 la publicaci\u00f3n del Calendario de Entrevistas, mediante el cual se dar\u00e1n a conocer\u00a0 los nombres de los aspirantes que acceden a ellas.<\/p>\n<p>Las entrevistas se har\u00e1n primero a aquellos ciudadanos elegidos que habitan en la zona m\u00e1s cercana al Distrito Federal y, posteriormente, a quienes procedan de entidades m\u00e1s lejanas a la capital del pa\u00eds.<\/p>\n<p>Esta lista es resultado del proceso realizado por el Instituto de Investigaciones Jur\u00eddicas de la UNAM, quien integr\u00f3 una Comisi\u00f3n Dictaminadora con un grupo de reconocidos especialistas que cuentan con un perfil acad\u00e9mico en la materia y experiencia en este tipo de proceso, quienes aplicaron los criterios de evaluaci\u00f3n que fueron definidos previamente por el Consejo General.<\/p>\n<p>El INE reitera que cada una de las etapas del procedimiento se realizar\u00e1 con estricto apego a los principios de transparencia e imparcialidad y con criterios que ya se encuentran definidos y que son del conocimiento de cada aspirante. El resultado de cada una de las etapas es definitivo.<\/p>\n<p>Del estado de Oaxaca, los considerados id\u00f3neos son:<\/p>\n<p>Mujeres:<\/p>\n<p><iframe loading=\"lazy\" src=\"\/\/e.issuu.com\/embed.html#5422719\/9188284\" frameborder=\"0\" width=\"525\" height=\"406\"><\/iframe><\/p>\n<p>Hombres:<\/p>\n<p><a href=\"http:\/\/www.eloriente.net\/home\/wp-content\/uploads\/2014\/09\/Captura-de-pantalla-2014-09-04-a-las-11.28.12.png\"><img loading=\"lazy\" decoding=\"async\" class=\"alignnone size-medium wp-image-31871\" title=\"Lista id\u00f3neos Ensayo INE\" src=\"http:\/\/www.eloriente.net\/home\/wp-content\/uploads\/2014\/09\/Captura-de-pantalla-2014-09-04-a-las-11.28.12-291x300.png\" alt=\"\" width=\"291\" height=\"300\" srcset=\"http:\/\/www.eloriente.net\/home\/wp-content\/uploads\/2014\/09\/Captura-de-pantalla-2014-09-04-a-las-11.28.12-291x300.png 291w, http:\/\/www.eloriente.net\/home\/wp-content\/uploads\/2014\/09\/Captura-de-pantalla-2014-09-04-a-las-11.28.12.png 524w\" sizes=\"(max-width: 291px) 100vw, 291px\" \/><\/a><\/p>\n<p><a href=\"http:\/\/www.eloriente.net\/home\/wp-content\/uploads\/2014\/07\/Convenio-Por-INE.jpg\"><img loading=\"lazy\" decoding=\"async\" class=\"alignnone size-medium wp-image-29799\" title=\"Convenio-Por INE\" src=\"http:\/\/www.eloriente.net\/home\/wp-content\/uploads\/2014\/07\/Convenio-Por-INE-300x200.jpg\" alt=\"\" width=\"300\" height=\"200\" srcset=\"http:\/\/www.eloriente.net\/home\/wp-content\/uploads\/2014\/07\/Convenio-Por-INE-300x200.jpg 300w, http:\/\/www.eloriente.net\/home\/wp-content\/uploads\/2014\/07\/Convenio-Por-INE.jpg 1024w\" sizes=\"(max-width: 300px) 100vw, 300px\" \/><\/a><\/p>\n<p>Foto: Archivo ELORIENTE.NET<\/p>\n<p><strong>Entradas relacionadas:<\/strong><\/p>\n<p><a title=\"Permalink to \u00bfDe veras no habr\u00e1 influyentismo en elecci\u00f3n de OPL\u2019s?\" href=\"http:\/\/www.eloriente.net\/home\/2014\/08\/29\/de-veras-no-habra-influyentismo-en-eleccion-de-opls\/\" rel=\"bookmark\">\u00bfDe veras no habr\u00e1 influyentismo en elecci\u00f3n de OPL\u2019s?<\/a><\/p>\n<p><a href=\"http:\/\/www.eloriente.net\/home\/2014\/08\/29\/de-veras-no-habra-influyentismo-en-eleccion-de-opls\/\" rel=\"bookmark\"><img decoding=\"async\" title=\"\u00bfDe veras no habr\u00e1 influyentismo en elecci\u00f3n de OPL\u2019s?\" src=\"http:\/\/www.eloriente.net\/home\/wp-content\/themes\/city-desk\/timthumb.php?src=http%3A%2F%2Fwww.eloriente.net%2Fhome%2Fwp-content%2Fuploads%2F2014%2F08%2FINE-Archivo-eloriente.net_.jpg&amp;q=90&amp;w=160&amp;h=106&amp;zc=1\" alt=\"\u00bfDe veras no habr\u00e1 influyentismo en elecci\u00f3n de OPL\u2019s?\" \/><\/a><\/p>\n<p>eloriente.net 29\/agosto\/2014 Por:\u00a0Adri\u00e1n Ort\u00edz Romero INE debe dar m\u00e1s certezas sobre proceso de elecci\u00f3n Desde hace algunas semanas se desarrolla el proceso de selecci\u00f3n de quienes integrar\u00e1n el Organismo P\u00fablico Local (OPL) del Instituto Nacional Electoral (INE), que sustituir\u00e1 al Instituto Estatal Electoral y de Participaci\u00f3n Ciudadana de Oaxaca (IEEPCO). La elecci\u00f3n de los consejeros [&#8230;]<\/p>\n<p>August 29, 2014<\/p>\n<p><a title=\"Permalink to En Vivo 27\/ago\/2014 10:00 horas: Sesi\u00f3n extraordinaria del Consejo General del Instituto Nacional Electoral\" href=\"http:\/\/www.eloriente.net\/home\/2014\/08\/27\/en-vivo-27ago2014-1000-horas-sesion-extraordinaria-del-consejo-general-del-instituto-nacional-electoral\/\" rel=\"bookmark\">En Vivo 27\/ago\/2014 10:00 horas: Sesi\u00f3n extraordinaria del Consejo General del Instituto Nacional Electoral<\/a><\/p>\n<p><a href=\"http:\/\/www.eloriente.net\/home\/2014\/08\/27\/en-vivo-27ago2014-1000-horas-sesion-extraordinaria-del-consejo-general-del-instituto-nacional-electoral\/\" rel=\"bookmark\"><img decoding=\"async\" title=\"En Vivo 27\/ago\/2014 10:00 horas: Sesi\u00f3n extraordinaria del Consejo General del Instituto Nacional Electoral\" src=\"http:\/\/www.eloriente.net\/home\/wp-content\/themes\/city-desk\/timthumb.php?src=http%3A%2F%2Fwww.eloriente.net%2Fhome%2Fwp-content%2Fuploads%2F2014%2F08%2FINE-Archivo-eloriente.net_.jpg&amp;q=90&amp;w=160&amp;h=106&amp;zc=1\" alt=\"En Vivo 27\/ago\/2014 10:00 horas: Sesi\u00f3n extraordinaria del Consejo General del Instituto Nacional Electoral\" \/><\/a><\/p>\n<p>eloriente.net 27\/agosto\/2014 Nos enlazamos en vivo al Consejo General del Instituto Nacional Electoral, para la sesi\u00f3n extraordinaria del mi\u00e9rcoles 27 de agosto de 2014 a las 10:00 am: Foto: Archivo eloriente.net Entradas relacionadas: En vivo: Sesi\u00f3n de la Comisi\u00f3n Permanente del 26 de agosto de 2014 eloriente.net 26\/agosto\/2014 Conscientes de su importancia para la vida [&#8230;]<\/p>\n<p>August 27, 2014<\/p>\n<p><a title=\"Permalink to 25 hombres y 25 mujeres pasar\u00e1n a 4a. etapa para elegir Consejeros: Cardiel\" href=\"http:\/\/www.eloriente.net\/home\/2014\/08\/14\/25-hombres-y-25-mujeres-pasaran-a-4a-etapa-para-elegir-consejeros-cardiel\/\" rel=\"bookmark\">25 hombres y 25 mujeres pasar\u00e1n a 4a. etapa para elegir Consejeros: Cardiel<\/a><\/p>\n<p><a href=\"http:\/\/www.eloriente.net\/home\/2014\/08\/14\/25-hombres-y-25-mujeres-pasaran-a-4a-etapa-para-elegir-consejeros-cardiel\/\" rel=\"bookmark\"><img decoding=\"async\" title=\"25 hombres y 25 mujeres pasar\u00e1n a 4a. etapa para elegir Consejeros: Cardiel\" src=\"http:\/\/www.eloriente.net\/home\/wp-content\/themes\/city-desk\/timthumb.php?src=http%3A%2F%2Fwww.eloriente.net%2Fhome%2Fwp-content%2Fuploads%2F2014%2F08%2FFOT-1.jpg&amp;q=90&amp;w=160&amp;h=106&amp;zc=1\" alt=\"25 hombres y 25 mujeres pasar\u00e1n a 4a. etapa para elegir Consejeros: Cardiel\" \/><\/a><\/p>\n<p>eloriente.net\/INE 14 de agosto de 2014 El resultado de la evaluaci\u00f3n aplicada por el CENEVAL a 151 aspirantes al IEEPCO, depende \u00fanicamente del nivel de dominio del sustentante: RHCS Restan cuatro etapas para seleccionar y designar a un consejero presidente y seis consejeros electorales que integrar\u00e1n el Consejo General del IEEPCO Este 16 de agosto [&#8230;]<\/p>\n<p>August 14, 2014<\/p>\n\n\t\t\t  <div \n\t\t\t  \tclass = \"fb-comments\" \n\t\t\t  \tdata-href = \"http:\/\/www.eloriente.net\/home\/2014\/09\/04\/oaxaquenas-con-resultado-idoneo-en-convocatoria-oples\/\"\n\t\t\t  \tdata-numposts = \"10\"\n\t\t\t\tdata-colorscheme = \"dark\"\n\t\t\t\tdata-order-by = \"social\"\n\t\t\t\tdata-mobile=true>\n\t\t\t  <\/div>\n\t\t  <style>\n\t\t\t.fb_iframe_widget_fluid_desktop iframe {\n\t\t\t    width: 100% !important;\n\t\t\t}\n\t\t  <\/style>\n\t\t  ","protected":false},"excerpt":{"rendered":"<p>eloriente.net 4\/septiembre\/2014 El Instituto Nacional Electoral (INE), a trav\u00e9s de la Comisi\u00f3n de Vinculaci\u00f3n con Organismos P\u00fablicos Locales, difundi\u00f3\u00a0 los resultados de los aspirantes a consejeros electorales de los Organismos P\u00fablicos Locales (OPLES) que le entreg\u00f3 el\u00a0 Instituto de Investigaciones Jur\u00eddicas de la Universidad Nacional Aut\u00f3noma de M\u00e9xico (UNAM). La lista de aspirantes que fueron [&hellip;]<\/p>\n","protected":false},"author":1,"featured_media":31871,"comment_status":"open","ping_status":"open","sticky":false,"template":"","format":"standard","meta":{"_jetpack_memberships_contains_paid_content":false,"footnotes":""},"categories":[71,32,63,10,24,464,21],"tags":[],"class_list":["post-31858","post","type-post","status-publish","format-standard","has-post-thumbnail","hentry","category-elecciones","category-entradas","category-estados","category-lo-mas-reciente","category-mexico-y-el-mundo","category-oaxaca-estados","category-politica-y-gobierno"],"jetpack_featured_media_url":"http:\/\/www.eloriente.net\/home\/wp-content\/uploads\/2014\/09\/Captura-de-pantalla-2014-09-04-a-las-11.28.12.png","jetpack_sharing_enabled":true,"_links":{"self":[{"href":"http:\/\/www.eloriente.net\/home\/wp-json\/wp\/v2\/posts\/31858"}],"collection":[{"href":"http:\/\/www.eloriente.net\/home\/wp-json\/wp\/v2\/posts"}],"about":[{"href":"http:\/\/www.eloriente.net\/home\/wp-json\/wp\/v2\/types\/post"}],"author":[{"embeddable":true,"href":"http:\/\/www.eloriente.net\/home\/wp-json\/wp\/v2\/users\/1"}],"replies":[{"embeddable":true,"href":"http:\/\/www.eloriente.net\/home\/wp-json\/wp\/v2\/comments?post=31858"}],"version-history":[{"count":4,"href":"http:\/\/www.eloriente.net\/home\/wp-json\/wp\/v2\/posts\/31858\/revisions"}],"predecessor-version":[{"id":31860,"href":"http:\/\/www.eloriente.net\/home\/wp-json\/wp\/v2\/posts\/31858\/revisions\/31860"}],"wp:featuredmedia":[{"embeddable":true,"href":"http:\/\/www.eloriente.net\/home\/wp-json\/wp\/v2\/media\/31871"}],"wp:attachment":[{"href":"http:\/\/www.eloriente.net\/home\/wp-json\/wp\/v2\/media?parent=31858"}],"wp:term":[{"taxonomy":"category","embeddable":true,"href":"http:\/\/www.eloriente.net\/home\/wp-json\/wp\/v2\/categories?post=31858"},{"taxonomy":"post_tag","embeddable":true,"href":"http:\/\/www.eloriente.net\/home\/wp-json\/wp\/v2\/tags?post=31858"}],"curies":[{"name":"wp","href":"https:\/\/api.w.org\/{rel}","templated":true}]}}