{"id":31866,"date":"2014-09-04T10:26:49","date_gmt":"2014-09-04T16:26:49","guid":{"rendered":"http:\/\/www.eloriente.net\/home\/?p=31866"},"modified":"2014-09-04T10:26:49","modified_gmt":"2014-09-04T16:26:49","slug":"2-solicita-consulta-sobre-reforma-energetica-ine-resolvera","status":"publish","type":"post","link":"http:\/\/www.eloriente.net\/home\/2014\/09\/04\/2-solicita-consulta-sobre-reforma-energetica-ine-resolvera\/","title":{"rendered":"\u00bf2% solicita Consulta sobre Reforma Energ\u00e9tica? INE resolver\u00e1"},"content":{"rendered":"<p>eloriente.net\/<a href=\"http:\/\/www.ine.mx\" target=\"_blank\">INE<\/a><\/p>\n<p>4 de septiembre de 2014<\/p>\n<p>El Instituto Nacional Electoral (INE) recibi\u00f3 de la C\u00e1mara de Diputados, la documentaci\u00f3n que respalda la petici\u00f3n del Partido de la Revoluci\u00f3n Democr\u00e1tica para que se realice una consulta popular sobre la reforma energ\u00e9tica aprobada recientemente por el Congreso de la Uni\u00f3n.<\/p>\n<p>De acuerdo a la ley la C\u00e1mara de Diputados remiti\u00f3 la documentaci\u00f3n al Instituto Nacional Electoral toda vez que se estableci\u00f3 que cuando la solicitud provenga de los ciudadanos, la petici\u00f3n formal deber\u00e1 estar acompa\u00f1ada por la firma de cuando menos el equivalente al 2 por ciento de los ciudadanos inscritos en la Lista Nominal de Electores.<\/p>\n<p>La legislaci\u00f3n determina que la verificaci\u00f3n del cumplimiento de los requisitos legales corresponder\u00e1 al Instituto Nacional Electoral que contar\u00e1 con un plazo no mayor a 30 d\u00edas naturales, contados a partir de la recepci\u00f3n del expediente que le remita el presidente de la Mesa Directiva de la C\u00e1mara de Diputados.<\/p>\n<p>Dentro de ese plazo, el INE, a trav\u00e9s de la Direcci\u00f3n Ejecutiva del Registro Federal de Electores, verificar\u00e1 que los nombres de quienes hayan suscrito la solicitud de la consulta popular aparezcan en la Lista Nominal de Electores y que la suma sea equivalente al 2 por ciento de ciudadanos que se requieren como m\u00ednimo para respaldar la petici\u00f3n.<\/p>\n<p><a href=\"http:\/\/www.eloriente.net\/home\/wp-content\/uploads\/2014\/09\/DR-INE-Lorenzo-Cordova.jpg\"><img loading=\"lazy\" decoding=\"async\" class=\"alignnone size-medium wp-image-31867\" title=\"DR INE Lorenzo Cordova\" src=\"http:\/\/www.eloriente.net\/home\/wp-content\/uploads\/2014\/09\/DR-INE-Lorenzo-Cordova-266x300.jpg\" alt=\"\" width=\"266\" height=\"300\" srcset=\"http:\/\/www.eloriente.net\/home\/wp-content\/uploads\/2014\/09\/DR-INE-Lorenzo-Cordova-266x300.jpg 266w, http:\/\/www.eloriente.net\/home\/wp-content\/uploads\/2014\/09\/DR-INE-Lorenzo-Cordova-910x1024.jpg 910w, http:\/\/www.eloriente.net\/home\/wp-content\/uploads\/2014\/09\/DR-INE-Lorenzo-Cordova-1024x1151.jpg 1024w, http:\/\/www.eloriente.net\/home\/wp-content\/uploads\/2014\/09\/DR-INE-Lorenzo-Cordova.jpg 1644w\" sizes=\"(max-width: 266px) 100vw, 266px\" \/><\/a><\/p>\n<p>FOTO: INE<\/p>\n<address><strong>OTRAS ENTRADAS<\/strong><\/address>\n<p><a title=\"Permalink to Septiembre, Mes del Testamento a Nivel Nacional\" href=\"http:\/\/www.eloriente.net\/home\/2014\/09\/03\/septiembre-mes-del-testamento-a-nivel-nacional\/\" rel=\"bookmark\">Septiembre, Mes del Testamento a Nivel Nacional<\/a><\/p>\n<p><a href=\"http:\/\/www.eloriente.net\/home\/2014\/09\/03\/septiembre-mes-del-testamento-a-nivel-nacional\/\" rel=\"bookmark\"><img decoding=\"async\" title=\"Septiembre, Mes del Testamento a Nivel Nacional\" src=\"http:\/\/www.eloriente.net\/home\/wp-content\/themes\/city-desk\/timthumb.php?src=http%3A%2F%2Fwww.eloriente.net%2Fhome%2Fwp-content%2Fuploads%2F2014%2F09%2FTestamento-Joel-Penner.jpg&amp;q=90&amp;w=160&amp;h=106&amp;zc=1\" alt=\"Septiembre, Mes del Testamento a Nivel Nacional\" \/><\/a><\/p>\n<p>eloriente.net 3\/septiembre\/2014 En conferencia de prensa, Gustavo Manzano Trovamala, director de Notarias del\u00a0Estado, invit\u00f3 a las y los oaxaque\u00f1os a realizar este importante\u00a0tr\u00e1mite que brinda una transferencia pac\u00edfica de bienes. Este primero de septiembre inici\u00f3 la Campa\u00f1a Nacional denominada\u00a0\u201cSeptiembre Mes del Testamento\u201d. Gustavo Manzano Trovamala Heredia,\u00a0\u00a0destac\u00f3\u00a0que el beneficio que se ofrece a la ciudadan\u00eda es [&#8230;]<\/p>\n<p>September 3, 2014<\/p>\n<div id=\"post-31786\">\n<p><a title=\"Permalink to Inicia an\u00e1lisis de Ley Educativa para Oaxaca\" href=\"http:\/\/www.eloriente.net\/home\/2014\/09\/02\/inicia-analisis-de-ley-educativa-para-oaxaca\/\" rel=\"bookmark\">Inicia an\u00e1lisis de Ley Educativa para Oaxaca<\/a><\/p>\n<p><a href=\"http:\/\/www.eloriente.net\/home\/2014\/09\/02\/inicia-analisis-de-ley-educativa-para-oaxaca\/\" rel=\"bookmark\"><img decoding=\"async\" title=\"Inicia an\u00e1lisis de Ley Educativa para Oaxaca\" src=\"http:\/\/www.eloriente.net\/home\/wp-content\/themes\/city-desk\/timthumb.php?src=http%3A%2F%2Fwww.eloriente.net%2Fhome%2Fwp-content%2Fuploads%2F2014%2F09%2Ffoto-1.jpg&amp;q=90&amp;w=160&amp;h=106&amp;zc=1\" alt=\"Inicia an\u00e1lisis de Ley Educativa para Oaxaca\" \/><\/a>eloriente.net 2\/septiembre\/2014 *Por falta de qu\u00f3rum, se pospone instalaci\u00f3n de sesi\u00f3n de trabajo de Comisiones Unidas *Toman acuerdos de analizar por comisiones el contenido de las seis iniciativas de Ley de Educaci\u00f3n propuestas San Raymundo Jalpan, Oaxaca., 01 de septiembre 2014.- Legisladores integrantes de las Comisiones Unidas Permanentes de Educaci\u00f3n P\u00fablica, Administraci\u00f3n de Justicia y [&#8230;]<\/p>\n<p>September 2, 2014<\/p>\n<\/div>\n<div id=\"post-31774\">\n<p><a title=\"Permalink to Programa de Renovaci\u00f3n de Planta Acad\u00e9mica de la UNAM; convocatoria\" href=\"http:\/\/www.eloriente.net\/home\/2014\/09\/02\/programa-de-renovacion-de-la-planta-academica-de-la-unam\/\" rel=\"bookmark\">Programa de Renovaci\u00f3n de Planta Acad\u00e9mica de la UNAM; convocatoria<\/a><\/p>\n<p><a href=\"http:\/\/www.eloriente.net\/home\/2014\/09\/02\/programa-de-renovacion-de-la-planta-academica-de-la-unam\/\" rel=\"bookmark\"><img decoding=\"async\" title=\"Programa de Renovaci\u00f3n de Planta Acad\u00e9mica de la UNAM; convocatoria\" src=\"http:\/\/www.eloriente.net\/home\/wp-content\/themes\/city-desk\/timthumb.php?src=http%3A%2F%2Fwww.eloriente.net%2Fhome%2Fwp-content%2Fuploads%2F2014%2F09%2FUNAM-scanudas1.jpg&amp;q=90&amp;w=160&amp;h=106&amp;zc=1\" alt=\"Programa de Renovaci\u00f3n de Planta Acad\u00e9mica de la UNAM; convocatoria\" \/><\/a>eloriente.net 2\/septiembre\/2014 El Instituto de Investigaciones Hist\u00f3ricas de la UNAM, convoca al Programa de Renovaci\u00f3n de la Planta Acad\u00e9mica de la UNAM Subprograma de Incorporaci\u00f3n de J\u00f3venes Acad\u00e9micos de Carrera a la UNAM, con fecha l\u00edmite del 4 de noviembre de 2014. El Instituto de Investigaciones Hist\u00f3ricas invita a los(as)\u00a0interesados(as) en participar en el proceso [&#8230;]<\/p>\n<p title=\"Comment on Programa de Renovaci\u00f3n de Planta Acad\u00e9mica de la UNAM; convocatoria\">September 2, 2014<\/p>\n<\/div>\n\n\t\t\t  <div \n\t\t\t  \tclass = \"fb-comments\" \n\t\t\t  \tdata-href = \"http:\/\/www.eloriente.net\/home\/2014\/09\/04\/2-solicita-consulta-sobre-reforma-energetica-ine-resolvera\/\"\n\t\t\t  \tdata-numposts = \"10\"\n\t\t\t\tdata-colorscheme = \"dark\"\n\t\t\t\tdata-order-by = \"social\"\n\t\t\t\tdata-mobile=true>\n\t\t\t  <\/div>\n\t\t  <style>\n\t\t\t.fb_iframe_widget_fluid_desktop iframe {\n\t\t\t    width: 100% !important;\n\t\t\t}\n\t\t  <\/style>\n\t\t  ","protected":false},"excerpt":{"rendered":"<p>eloriente.net\/INE 4 de septiembre de 2014 El Instituto Nacional Electoral (INE) recibi\u00f3 de la C\u00e1mara de Diputados, la documentaci\u00f3n que respalda la petici\u00f3n del Partido de la Revoluci\u00f3n Democr\u00e1tica para que se realice una consulta popular sobre la reforma energ\u00e9tica aprobada recientemente por el Congreso de la Uni\u00f3n. De acuerdo a la ley la C\u00e1mara [&hellip;]<\/p>\n","protected":false},"author":1,"featured_media":31867,"comment_status":"open","ping_status":"open","sticky":false,"template":"","format":"standard","meta":{"_jetpack_memberships_contains_paid_content":false,"footnotes":""},"categories":[1588,71,32,10,24,21],"tags":[],"class_list":["post-31866","post","type-post","status-publish","format-standard","has-post-thumbnail","hentry","category-comunicados-y-boletines","category-elecciones","category-entradas","category-lo-mas-reciente","category-mexico-y-el-mundo","category-politica-y-gobierno"],"jetpack_featured_media_url":"http:\/\/www.eloriente.net\/home\/wp-content\/uploads\/2014\/09\/DR-INE-Lorenzo-Cordova.jpg","jetpack_sharing_enabled":true,"_links":{"self":[{"href":"http:\/\/www.eloriente.net\/home\/wp-json\/wp\/v2\/posts\/31866"}],"collection":[{"href":"http:\/\/www.eloriente.net\/home\/wp-json\/wp\/v2\/posts"}],"about":[{"href":"http:\/\/www.eloriente.net\/home\/wp-json\/wp\/v2\/types\/post"}],"author":[{"embeddable":true,"href":"http:\/\/www.eloriente.net\/home\/wp-json\/wp\/v2\/users\/1"}],"replies":[{"embeddable":true,"href":"http:\/\/www.eloriente.net\/home\/wp-json\/wp\/v2\/comments?post=31866"}],"version-history":[{"count":2,"href":"http:\/\/www.eloriente.net\/home\/wp-json\/wp\/v2\/posts\/31866\/revisions"}],"predecessor-version":[{"id":31869,"href":"http:\/\/www.eloriente.net\/home\/wp-json\/wp\/v2\/posts\/31866\/revisions\/31869"}],"wp:featuredmedia":[{"embeddable":true,"href":"http:\/\/www.eloriente.net\/home\/wp-json\/wp\/v2\/media\/31867"}],"wp:attachment":[{"href":"http:\/\/www.eloriente.net\/home\/wp-json\/wp\/v2\/media?parent=31866"}],"wp:term":[{"taxonomy":"category","embeddable":true,"href":"http:\/\/www.eloriente.net\/home\/wp-json\/wp\/v2\/categories?post=31866"},{"taxonomy":"post_tag","embeddable":true,"href":"http:\/\/www.eloriente.net\/home\/wp-json\/wp\/v2\/tags?post=31866"}],"curies":[{"name":"wp","href":"https:\/\/api.w.org\/{rel}","templated":true}]}}