{"id":31882,"date":"2014-09-04T12:07:50","date_gmt":"2014-09-04T18:07:50","guid":{"rendered":"http:\/\/www.eloriente.net\/home\/?p=31882"},"modified":"2014-09-04T12:07:50","modified_gmt":"2014-09-04T18:07:50","slug":"guelaguetza-de-libros-se-presenta-en-nueva-york","status":"publish","type":"post","link":"http:\/\/www.eloriente.net\/home\/2014\/09\/04\/guelaguetza-de-libros-se-presenta-en-nueva-york\/","title":{"rendered":"Guelaguetza de libros se presenta en Nueva York"},"content":{"rendered":"<p>eloriente.net<\/p>\n<p>4\/septiembre\/2014<\/p>\n<p>Presentan el proyecto de investigaci\u00f3n aplicado a municipios<br \/>\nSe han entregado 6, 600 libros, beneficiando a 13 localidades<\/p>\n<p>Luego de haberse aplicado en m\u00e1s de 13 municipios de la entidad oaxaque\u00f1a, a lo largo de tres a\u00f1os ininterrumpidos de trabajo, se presenta en el XXI Congreso Internacional de Educaci\u00f3n y Aprendizaje, celebrado en Nueva York, el proyecto denominado \u201cGuelaguetza de acervo bibliogr\u00e1fico aplicaci\u00f3n de una pol\u00edtica social para una equidad en la educaci\u00f3n en municipios marginados del estado de Oaxaca\u201d, a cargo de la Coordinadora de Investigaci\u00f3n de la Facultad de Contadur\u00eda y Administraci\u00f3n (FCA) de la Universidad Aut\u00f3noma \u201cBenito Ju\u00e1rez\u201d de Oaxaca (UABJO), Ana Luz Ramos Soto.<\/p>\n<p>A decir de la coordinadora, los organizadores del Congreso realizaron la invitaci\u00f3n a la Universidad, por el inter\u00e9s que surgi\u00f3 a partir de la obtenci\u00f3n de la Presea al Servicio Social \u201cIrene Robledo 2013\u201d, misma que se entreg\u00f3 en Guadalajara en los primeros d\u00edas de diciembre pasado.<\/p>\n<p>Dicho premio es nacional y es brindado por la Universidad de Guadalajara con el prop\u00f3sito de reconocer a integrantes de la sociedad mexicana e instituciones, investigadores, estudiantes y acad\u00e9micos que se hayan destacado por participaci\u00f3n en proyectos sociales.<\/p>\n<p>De tal modo que la titular del \u00e1rea de investigaci\u00f3n de la FCA de la UABJO present\u00f3 una exposici\u00f3n del proyecto macro que se ha trabajado durante tres a\u00f1os con diversos municipios seleccionados de acuerdo a su bajo \u00edndice de desarrollo humano, seg\u00fan datos del INEGI.<\/p>\n<p>Se explic\u00f3 que se trata de una pol\u00edtica social acorde a los niveles educativos que presenta la regi\u00f3n sur sureste de la Rep\u00fablica Mexicana. Luego de un an\u00e1lisis minucioso sobre las estad\u00edsticas que registran un 55% de poblaci\u00f3n femenina analfabeta y en cuanto a los varones, tan solo un 2.5% que poseen un promedio en general de escolaridad.<\/p>\n<p>As\u00ed, de acuerdo a estudios realizados por la Agencia de Desarrollo Integral UABJO, se trabaj\u00f3 con el prop\u00f3sito de dotarlos de acervo bibliogr\u00e1fico para contribuir a resolver problemas relacionados con su bajo nivel educativo, carencias de material bibliogr\u00e1fico, de biblioteca y falta de continuidad en los grados superiores.<\/p>\n<p>Dentro de los planteamientos se encuentra tambi\u00e9n la necesidad de creaci\u00f3n de espacios f\u00edsicos para la lectura en los niveles de: preescolar, primaria, secundaria y preparatoria, as\u00ed como dotar de bibliograf\u00eda actualizada y suficiente a los espacios destinados a bibliotecas o salas de lectura, crear salas de medios audiovisuales y equiparlas, de tal modo que se cree necesario aplicar la propuesta en las cabeceras municipales y en sus agencias.<\/p>\n<p>A la fecha, han sido beneficiados 13 municipios en los rubros antes mencionados, los cuales son: Santo Domingo Tomaltepec, San Juan del Estado, Santiago Apostol, Santo Domingo Tlatinango, San Pedro Apostol, San Jer\u00f3nimo Tlacochahuaya, San Juan Tepeuxila, San Mart\u00edn Peras, Casa Hogar Benito Ju\u00e1rez (Oaxaca), San Juan Bautista Jayacatl\u00e1n, Yogana, San Pedro y San Pablo Ayutla y El Ciruelo.<\/p>\n<p>Cabe mencionar que el proyecto fue admirado por ser uno de los pocos que son propuestos y aplicados de forma permanente en beneficio de la entidad, a manera de retribuci\u00f3n por lo recibido de ella, y al mismo tiempo contribuyendo de forma responsable a abatir un problema social.<\/p>\n<p>En las mesas de trabajo se particip\u00f3 junto con distintas universidades, en las que destacan: Brazil, Colombia, Estados Unidos, Argentina, Nigeria, Italia, \u00c1frica, Paraguay, Tailandia, Turqu\u00eda, Canad\u00e1, Espa\u00f1a y B\u00e9lgica.<\/p>\n<p>Es necesario mencionar que el proyecto contin\u00faa y mantiene sus puertas abiertas a recibir donaciones voluntarias de libros en general, los interesados en apoyar pueden acudir directamente a la Coordinaci\u00f3n de Investigaci\u00f3n, ubicada en la planta alta del edificio de posgrado de la FCA, en Ciudad Universitaria, o bien comunicarse al 51 136 38 o al 511 07 00.<\/p>\n<div id='gallery-1' class='gallery galleryid-31882 gallery-columns-3 gallery-size-thumbnail'><figure class='gallery-item'>\n\t\t\t<div class='gallery-icon portrait'>\n\t\t\t\t<a href='http:\/\/www.eloriente.net\/home\/wp-content\/uploads\/2014\/09\/04.jpg'><img loading=\"lazy\" decoding=\"async\" width=\"150\" height=\"150\" src=\"http:\/\/www.eloriente.net\/home\/wp-content\/uploads\/2014\/09\/04-150x150.jpg\" class=\"attachment-thumbnail size-thumbnail\" alt=\"\" srcset=\"http:\/\/www.eloriente.net\/home\/wp-content\/uploads\/2014\/09\/04-150x150.jpg 150w, http:\/\/www.eloriente.net\/home\/wp-content\/uploads\/2014\/09\/04-50x50.jpg 50w\" sizes=\"(max-width: 150px) 100vw, 150px\" \/><\/a>\n\t\t\t<\/div><\/figure><figure class='gallery-item'>\n\t\t\t<div class='gallery-icon portrait'>\n\t\t\t\t<a href='http:\/\/www.eloriente.net\/home\/wp-content\/uploads\/2014\/09\/041.jpg'><img loading=\"lazy\" decoding=\"async\" width=\"150\" height=\"150\" src=\"http:\/\/www.eloriente.net\/home\/wp-content\/uploads\/2014\/09\/041-150x150.jpg\" class=\"attachment-thumbnail size-thumbnail\" alt=\"\" srcset=\"http:\/\/www.eloriente.net\/home\/wp-content\/uploads\/2014\/09\/041-150x150.jpg 150w, http:\/\/www.eloriente.net\/home\/wp-content\/uploads\/2014\/09\/041-50x50.jpg 50w\" sizes=\"(max-width: 150px) 100vw, 150px\" \/><\/a>\n\t\t\t<\/div><\/figure><figure class='gallery-item'>\n\t\t\t<div class='gallery-icon landscape'>\n\t\t\t\t<a href='http:\/\/www.eloriente.net\/home\/wp-content\/uploads\/2014\/09\/042.jpg'><img loading=\"lazy\" decoding=\"async\" width=\"150\" height=\"150\" src=\"http:\/\/www.eloriente.net\/home\/wp-content\/uploads\/2014\/09\/042-150x150.jpg\" class=\"attachment-thumbnail size-thumbnail\" alt=\"\" srcset=\"http:\/\/www.eloriente.net\/home\/wp-content\/uploads\/2014\/09\/042-150x150.jpg 150w, http:\/\/www.eloriente.net\/home\/wp-content\/uploads\/2014\/09\/042-50x50.jpg 50w\" sizes=\"(max-width: 150px) 100vw, 150px\" \/><\/a>\n\t\t\t<\/div><\/figure><figure class='gallery-item'>\n\t\t\t<div class='gallery-icon landscape'>\n\t\t\t\t<a href='http:\/\/www.eloriente.net\/home\/wp-content\/uploads\/2014\/09\/NY-Darren-Johnson.jpg'><img loading=\"lazy\" decoding=\"async\" width=\"150\" height=\"150\" src=\"http:\/\/www.eloriente.net\/home\/wp-content\/uploads\/2014\/09\/NY-Darren-Johnson-150x150.jpg\" class=\"attachment-thumbnail size-thumbnail\" alt=\"\" srcset=\"http:\/\/www.eloriente.net\/home\/wp-content\/uploads\/2014\/09\/NY-Darren-Johnson-150x150.jpg 150w, http:\/\/www.eloriente.net\/home\/wp-content\/uploads\/2014\/09\/NY-Darren-Johnson-50x50.jpg 50w\" sizes=\"(max-width: 150px) 100vw, 150px\" \/><\/a>\n\t\t\t<\/div><\/figure>\n\t\t<\/div>\n\n<p>Fotos: Universidad Aut\u00f3noma \u00abBenito Ju\u00e1rez\u00bb de Oaxaca<\/p>\n<p>*Foto en Principal:\u00a0<a title=\"Ir a la galer\u00eda de Darren Johnson\" href=\"https:\/\/www.flickr.com\/photos\/dazjohnson\/\" data-track=\"attributionNameClick\" data-rapid_p=\"21\">Darren Johnson<\/a>\u00a0&#8211;\u00a0<a href=\"https:\/\/creativecommons.org\/licenses\/by-sa\/2.0\/\">Algunos derechos reservados<\/a><\/p>\n<p><strong>Entradas relacionadas:<\/strong><\/p>\n<p><a title=\"Permalink to Tercer Informe de la Directora de Econom\u00eda UABJO\" href=\"http:\/\/www.eloriente.net\/home\/2014\/08\/27\/tercer-informe-de-la-directora-de-economia-uabjo\/\" rel=\"bookmark\">Tercer Informe de la Directora de Econom\u00eda UABJO<\/a><\/p>\n<p><a href=\"http:\/\/www.eloriente.net\/home\/2014\/08\/27\/tercer-informe-de-la-directora-de-economia-uabjo\/\" rel=\"bookmark\"><img decoding=\"async\" title=\"Tercer Informe de la Directora de Econom\u00eda UABJO\" src=\"http:\/\/www.eloriente.net\/home\/wp-content\/themes\/city-desk\/timthumb.php?src=http%3A%2F%2Fwww.eloriente.net%2Fhome%2Fwp-content%2Fuploads%2F2014%2F08%2F273.jpg&amp;q=90&amp;w=160&amp;h=106&amp;zc=1\" alt=\"Tercer Informe de la Directora de Econom\u00eda UABJO\" \/><\/a><\/p>\n<p>eloriente.net 27\/agosto\/2014 En apego a lo dispuesto en el art\u00edculo 58, fracci\u00f3n s\u00e9ptima de la Ley Org\u00e1nica de la Universidad Aut\u00f3noma \u201cBenito Ju\u00e1rez\u201d de Oaxaca (UABJO); Aracely Escobar M\u00e9ndez, Directora de la Escuela de Econom\u00eda, rindi\u00f3 su tercer informes de actividades acad\u00e9mico \u2013 administrativas, correspondiente al periodo 2013 \u2013 2014. De esta forma, la funcionaria [&#8230;]<\/p>\n<p>August 27, 2014<\/p>\n<div id=\"post-31546\">\n<p><a title=\"Permalink to Escucha a Claudio S\u00e1nchez y Jorge Guerrero en Todo Oaxaca Radio 26\/Ago\/2014\" href=\"http:\/\/www.eloriente.net\/home\/2014\/08\/27\/escucha-a-claudio-sanchez-y-jorge-guerrero-en-todo-oaxaca-radio-26ago2014\/\" rel=\"bookmark\">Escucha a Claudio S\u00e1nchez y Jorge Guerrero en Todo Oaxaca Radio 26\/Ago\/2014<\/a><\/p>\n<p><a href=\"http:\/\/www.eloriente.net\/home\/2014\/08\/27\/escucha-a-claudio-sanchez-y-jorge-guerrero-en-todo-oaxaca-radio-26ago2014\/\" rel=\"bookmark\"><img decoding=\"async\" title=\"Escucha a Claudio S\u00e1nchez y Jorge Guerrero en Todo Oaxaca Radio 26\/Ago\/2014\" src=\"http:\/\/www.eloriente.net\/home\/wp-content\/themes\/city-desk\/timthumb.php?src=http%3A%2F%2Fwww.eloriente.net%2Fhome%2Fwp-content%2Fuploads%2F2014%2F08%2FIMG_0831.jpg&amp;q=90&amp;w=160&amp;h=106&amp;zc=1\" alt=\"Escucha a Claudio S\u00e1nchez y Jorge Guerrero en Todo Oaxaca Radio 26\/Ago\/2014\" \/><\/a><\/p>\n<p>todooaxacaradio.com 27\/agosto\/2014 Como cada martes, en punto de las 17:00 horas se transmiti\u00f3 el programa Todo Oaxaca Radio completamente en vivo desde la Ciudad de Oaxaca de Ju\u00e1rez, a trav\u00e9s de las frecuencias abiertas 570 AM, 94.9 FM y para todo el mundo a trav\u00e9s de www.todooaxacaradio.com. El programa es conducido por Rub\u00e9n Vasconcelos Beltr\u00e1n, [&#8230;]<\/p>\n<p>August 27, 2014<\/p>\n<\/div>\n<div id=\"post-31442\">\n<p><a title=\"Permalink to Primera Generaci\u00f3n de la Licenciatura en M\u00fasica de la UABJO\" href=\"http:\/\/www.eloriente.net\/home\/2014\/08\/25\/primera-generacion-de-la-licenciatura-en-musica-de-la-uabjo\/\" rel=\"bookmark\">Primera Generaci\u00f3n de la Licenciatura en M\u00fasica de la UABJO<\/a><\/p>\n<p><a href=\"http:\/\/www.eloriente.net\/home\/2014\/08\/25\/primera-generacion-de-la-licenciatura-en-musica-de-la-uabjo\/\" rel=\"bookmark\"><img decoding=\"async\" title=\"Primera Generaci\u00f3n de la Licenciatura en M\u00fasica de la UABJO\" src=\"http:\/\/www.eloriente.net\/home\/wp-content\/themes\/city-desk\/timthumb.php?src=http%3A%2F%2Fwww.eloriente.net%2Fhome%2Fwp-content%2Fuploads%2F2014%2F08%2F24.jpg&amp;q=90&amp;w=160&amp;h=106&amp;zc=1\" alt=\"Primera Generaci\u00f3n de la Licenciatura en M\u00fasica de la UABJO\" \/><\/a><\/p>\n<p>eloriente.net 25\/agosto\/2014 Con 42 alumnos inscritos da inicio el primer semestre de la Licenciatura en M\u00fasica que ofrece la Escuela de Bellas de Artes (EBA) de la Universidad Aut\u00f3noma \u201cBenito Ju\u00e1rez\u201d de Oaxaca (UABJO) y que tiene como finalidad, ampliar la oferta acad\u00e9mica, as\u00ed como contribuir a que los j\u00f3venes no tengan que trasladarse a [&#8230;]<\/p>\n<p>August 25, 2014<\/p>\n<\/div>\n\n\t\t\t  <div \n\t\t\t  \tclass = \"fb-comments\" \n\t\t\t  \tdata-href = \"http:\/\/www.eloriente.net\/home\/2014\/09\/04\/guelaguetza-de-libros-se-presenta-en-nueva-york\/\"\n\t\t\t  \tdata-numposts = \"10\"\n\t\t\t\tdata-colorscheme = \"dark\"\n\t\t\t\tdata-order-by = \"social\"\n\t\t\t\tdata-mobile=true>\n\t\t\t  <\/div>\n\t\t  <style>\n\t\t\t.fb_iframe_widget_fluid_desktop iframe {\n\t\t\t    width: 100% !important;\n\t\t\t}\n\t\t  <\/style>\n\t\t  ","protected":false},"excerpt":{"rendered":"<p>eloriente.net 4\/septiembre\/2014 Presentan el proyecto de investigaci\u00f3n aplicado a municipios Se han entregado 6, 600 libros, beneficiando a 13 localidades Luego de haberse aplicado en m\u00e1s de 13 municipios de la entidad oaxaque\u00f1a, a lo largo de tres a\u00f1os ininterrumpidos de trabajo, se presenta en el XXI Congreso Internacional de Educaci\u00f3n y Aprendizaje, celebrado en [&hellip;]<\/p>\n","protected":false},"author":1,"featured_media":31886,"comment_status":"open","ping_status":"open","sticky":false,"template":"","format":"standard","meta":{"_jetpack_memberships_contains_paid_content":false,"footnotes":""},"categories":[18,32,31],"tags":[182],"class_list":["post-31882","post","type-post","status-publish","format-standard","has-post-thumbnail","hentry","category-educacion-y-cultura","category-entradas","category-principal","tag-uabjo"],"jetpack_featured_media_url":"http:\/\/www.eloriente.net\/home\/wp-content\/uploads\/2014\/09\/NY-Darren-Johnson.jpg","jetpack_sharing_enabled":true,"_links":{"self":[{"href":"http:\/\/www.eloriente.net\/home\/wp-json\/wp\/v2\/posts\/31882"}],"collection":[{"href":"http:\/\/www.eloriente.net\/home\/wp-json\/wp\/v2\/posts"}],"about":[{"href":"http:\/\/www.eloriente.net\/home\/wp-json\/wp\/v2\/types\/post"}],"author":[{"embeddable":true,"href":"http:\/\/www.eloriente.net\/home\/wp-json\/wp\/v2\/users\/1"}],"replies":[{"embeddable":true,"href":"http:\/\/www.eloriente.net\/home\/wp-json\/wp\/v2\/comments?post=31882"}],"version-history":[{"count":1,"href":"http:\/\/www.eloriente.net\/home\/wp-json\/wp\/v2\/posts\/31882\/revisions"}],"predecessor-version":[{"id":31887,"href":"http:\/\/www.eloriente.net\/home\/wp-json\/wp\/v2\/posts\/31882\/revisions\/31887"}],"wp:featuredmedia":[{"embeddable":true,"href":"http:\/\/www.eloriente.net\/home\/wp-json\/wp\/v2\/media\/31886"}],"wp:attachment":[{"href":"http:\/\/www.eloriente.net\/home\/wp-json\/wp\/v2\/media?parent=31882"}],"wp:term":[{"taxonomy":"category","embeddable":true,"href":"http:\/\/www.eloriente.net\/home\/wp-json\/wp\/v2\/categories?post=31882"},{"taxonomy":"post_tag","embeddable":true,"href":"http:\/\/www.eloriente.net\/home\/wp-json\/wp\/v2\/tags?post=31882"}],"curies":[{"name":"wp","href":"https:\/\/api.w.org\/{rel}","templated":true}]}}