{"id":31922,"date":"2014-09-06T01:00:45","date_gmt":"2014-09-06T07:00:45","guid":{"rendered":"http:\/\/www.eloriente.net\/home\/?p=31922"},"modified":"2014-09-05T09:21:43","modified_gmt":"2014-09-05T15:21:43","slug":"proyecto-trilingue-en-busca-de-la-empatia-cultural","status":"publish","type":"post","link":"http:\/\/www.eloriente.net\/home\/2014\/09\/06\/proyecto-trilingue-en-busca-de-la-empatia-cultural\/","title":{"rendered":"Proyecto Triling\u00fce: en busca de la empat\u00eda cultural"},"content":{"rendered":"<p>eloriente.net \/ HUB Oaxaca<\/p>\n<p>5\/septiembre\/2014<\/p>\n<p style=\"text-align: right;\">Por <a href=\"http:\/\/www.eloriente.net\/home\/category\/colaboradores\/hub-oaxaca\/\">Jos\u00e9 Pablo Salas<\/a><\/p>\n<p>Aunque los j\u00f3venes de cada pa\u00eds y comunidad tienen caracter\u00edsticas que los hacen \u00fanicos, tambi\u00e9n es posible encontrar temas e intereses comunes entre ellos, y promover la colaboraci\u00f3n en proyectos que impacten sus vidas de manera positiva.<\/p>\n<p>Bajo esta filosof\u00eda, Richard Hanson inici\u00f3 el Proyecto Triling\u00fce, una iniciativa que aprovecha las tecnolog\u00eda y plataformas digitales para que j\u00f3venes de Oaxaca puedan conocer y compartir experiencias con j\u00f3venes de otros contextos.<\/p>\n<p>\u201cB\u00e1sicamente es una iniciativa educativa que impulsa a los j\u00f3venes a valorar quienes son, de donde son y a donde van. Buscamos generar una empat\u00eda y comprensi\u00f3n cultural entre ellos y j\u00f3venes de otras culturas\u201d comenta Richard.<\/p>\n<p>Como parte de este proyecto, se desarrollan actividades con maestros y otros especialistas que trabajan con j\u00f3venes, que se enfocan en \u00e1reas como la cultura, la historia, la identidad y la vida de cada uno de ellos. Entre las herramientas que emplea el proyecto se encuentran las fotograf\u00edas, grabaci\u00f3n de videos e, incluso, videoconferencias.<\/p>\n<p>\u201cHemos tenido muchas videoconferencias, por ejemplo entre j\u00f3venes de Teotitl\u00e1n del Valle y alumnos de la Universidad La Salle, as\u00ed vinculamos a los chicos oaxaque\u00f1os con otros j\u00f3venes mexicanos y fuera del pa\u00eds\u201d agrega Richard.<\/p>\n<p>El principal objetivo del Proyecto Triling\u00fce es conocer el contexto y las aspiraciones de cada uno de los participantes, saber qu\u00e9 estudian y c\u00f3mo es para ellos un d\u00eda normal, as\u00ed se empiezan a compartir las visiones y proyectos de vida de cada uno, y que puedan intercambiar ideas para sus distintos proyectos.<\/p>\n<p>Richard comenz\u00f3 el proyecto \u201cen un caf\u00e9\u201d en sus ratos libres, poco despu\u00e9s de llegar a vivir a Oaxaca. Despu\u00e9s conoci\u00f3 el Impact Hub Oaxaca, un espacio de trabajo colaborativo en el que se vinculan y se apoya a proyectos con un impacto social positivo. Ah\u00ed Richard tom\u00f3 talleres para fortalecer su proyecto y medir su impacto social. A partir de esto, recibi\u00f3 un apoyo importante de la Fundaci\u00f3n Alfredo Harp Hel\u00fa Oaxaca.<\/p>\n<p>\u201cSer un emprendedor que trabaja solo no es f\u00e1cil, tienes que tener mucha pasi\u00f3n por tu trabajo y amar lo que haces, incluso ser bastante loco para continuar. Empec\u00e9 a tomar muchos talleres en el Hub, y me encontr\u00e9 con una comunidad que fue fundamental para llevar el trabajo al siguiente nivel y tambi\u00e9n para sentirme parte de algo, que no estaba trabajando solo. En Oaxaca es muy f\u00e1cil conocer gente que tiene proyectos sociales\u201d dice Hanson.<\/p>\n<p>Entre estos emprendedores est\u00e1 Peter Salmon, director de la Fundaci\u00f3n OR-B que se dedica a impulsar proyectos de desarrollo sustentable. Peter y Richard se conocieron en un taller del Hub y el Proyecto Triling\u00fce pas\u00f3 a formar parte de OR-B. Richard tambi\u00e9n se integr\u00f3 a esa fundaci\u00f3n para dirigir los programas para j\u00f3venes.<\/p>\n<p>\u201cSer extranjero siempre es complicado, y sentirte parte de una comunidad, en las que hay personas que comparten tus ideas, es algo que me importa mucho y que me inspira\u201d finaliza Richard.<\/p>\n<p><a href=\"http:\/\/www.eloriente.net\/home\/wp-content\/uploads\/2014\/09\/Triling\u00fce-HUB.jpg\"><img loading=\"lazy\" decoding=\"async\" class=\"alignnone size-full wp-image-31923\" src=\"http:\/\/www.eloriente.net\/home\/wp-content\/uploads\/2014\/09\/Triling\u00fce-HUB.jpg\" alt=\"\" width=\"300\" height=\"168\" \/><\/a><\/p>\n<p>Foto: HUB Oaxaca<\/p>\n<p><strong>Entradas relacionadas:<\/strong><\/p>\n<p><a title=\"Permalink to La central de talentos: una alternativa econ\u00f3mica en Oaxaca\" href=\"http:\/\/www.eloriente.net\/home\/2014\/08\/30\/la-central-de-talentos-una-alternativa-economica-en-oaxacaelor\/\" rel=\"bookmark\">La central de talentos: una alternativa econ\u00f3mica en Oaxaca<\/a><\/p>\n<p><a href=\"http:\/\/www.eloriente.net\/home\/2014\/08\/30\/la-central-de-talentos-una-alternativa-economica-en-oaxacaelor\/\" rel=\"bookmark\"><img decoding=\"async\" src=\"http:\/\/www.eloriente.net\/home\/wp-content\/themes\/city-desk\/timthumb.php?src=http%3A%2F%2Fwww.eloriente.net%2Fhome%2Fwp-content%2Fuploads%2F2014%2F08%2FCentral-de-Talentos1.jpg&amp;q=90&amp;w=160&amp;h=106&amp;zc=1\" alt=\"La central de talentos: una alternativa econ\u00f3mica en Oaxaca\" \/><\/a><\/p>\n<p>eloriente.net 30\/agosto\/2014 Por: Jos\u00e9 Pablo Salas Las recientes crisis en el sistema econ\u00f3mico mundial, as\u00ed como la necesidad de encontrar alternativas que vuelvan m\u00e1s sustentable el intercambio de servicios llevaron a un grupo de emprendedores a crear la Central de Talentos, en Oaxaca. La Central de Talentos es un banco de horas que sigue un [&#8230;]<\/p>\n<p>August 30, 2014<\/p>\n<p><a title=\"Permalink to Universidad del Adulto Mayor: una nueva mirada del envejecimiento en Oaxaca\" href=\"http:\/\/www.eloriente.net\/home\/2014\/08\/23\/universidad-del-adulto-mayor-una-nueva-mirada-del-envejecimiento-en-oaxaca\/\" rel=\"bookmark\">Universidad del Adulto Mayor: una nueva mirada del envejecimiento en Oaxaca<\/a><\/p>\n<p><a href=\"http:\/\/www.eloriente.net\/home\/2014\/08\/23\/universidad-del-adulto-mayor-una-nueva-mirada-del-envejecimiento-en-oaxaca\/\" rel=\"bookmark\"><img decoding=\"async\" src=\"http:\/\/www.eloriente.net\/home\/wp-content\/themes\/city-desk\/timthumb.php?src=http%3A%2F%2Fwww.eloriente.net%2Fhome%2Fwp-content%2Fuploads%2F2014%2F08%2FUNIDAM-HUB-Oaxaca.jpg&amp;q=90&amp;w=160&amp;h=106&amp;zc=1\" alt=\"Universidad del Adulto Mayor: una nueva mirada del envejecimiento en Oaxaca\" \/><\/a><\/p>\n<p>eloriente.net 23\/ag0st0\/2014 Por Jos\u00e9 Pablo Salas La mejora en la calidad de vida y en los servicios de salud alrededor del mundo ha conducido a nuevos retos para brindar a los adultos mayores una vida, no s\u00f3lo digna, sino en la que puedan seguir aprendiendo y desarrollando sus habilidades. Con esto en mente y con [&#8230;]<\/p>\n<p>August 23, 2014<\/p>\n<div>\n<p><a title=\"Permalink to Emprendedores oaxaque\u00f1os combaten la desnutrici\u00f3n con un bocadillo de amaranto\" href=\"http:\/\/www.eloriente.net\/home\/2014\/08\/16\/emprendedores-oaxaquenos-combaten-la-desnutricion-con-un-bocadillo-de-amaranto\/\" rel=\"bookmark\">Emprendedores oaxaque\u00f1os combaten la desnutrici\u00f3n con un bocadillo de amaranto<\/a><\/p>\n<p><a href=\"http:\/\/www.eloriente.net\/home\/2014\/08\/16\/emprendedores-oaxaquenos-combaten-la-desnutricion-con-un-bocadillo-de-amaranto\/\" rel=\"bookmark\"><img decoding=\"async\" src=\"http:\/\/www.eloriente.net\/home\/wp-content\/themes\/city-desk\/timthumb.php?src=http%3A%2F%2Fwww.eloriente.net%2Fhome%2Fwp-content%2Fuploads%2F2014%2F08%2FAmaranto.jpg&amp;q=90&amp;w=160&amp;h=106&amp;zc=1\" alt=\"Emprendedores oaxaque\u00f1os combaten la desnutrici\u00f3n con un bocadillo de amaranto\" \/><\/a><\/p>\n<p>eloriente.net 17\/ag0st0\/2014 Por Jos\u00e9 Pablo Salas Junto con Guerrero, Chiapas y Puebla, Oaxaca es uno de los estados con mayor desnutrici\u00f3n de M\u00e9xico. Seg\u00fan la Encuesta Nacional de Salud y Nutrici\u00f3n 2012 (ENSANUT), la desnutrici\u00f3n afecta a uno de cada cuatro ni\u00f1os menores de cinco a\u00f1os de edad en \u00e1reas urbanas del estado, y a [&#8230;]<\/p>\n<p>August 16, 2014<\/p>\n<\/div>\n\n\t\t\t  <div \n\t\t\t  \tclass = \"fb-comments\" \n\t\t\t  \tdata-href = \"http:\/\/www.eloriente.net\/home\/2014\/09\/06\/proyecto-trilingue-en-busca-de-la-empatia-cultural\/\"\n\t\t\t  \tdata-numposts = \"10\"\n\t\t\t\tdata-colorscheme = \"dark\"\n\t\t\t\tdata-order-by = \"social\"\n\t\t\t\tdata-mobile=true>\n\t\t\t  <\/div>\n\t\t  <style>\n\t\t\t.fb_iframe_widget_fluid_desktop iframe {\n\t\t\t    width: 100% !important;\n\t\t\t}\n\t\t  <\/style>\n\t\t  ","protected":false},"excerpt":{"rendered":"<p>eloriente.net \/ HUB Oaxaca 5\/septiembre\/2014 Por Jos\u00e9 Pablo Salas Aunque los j\u00f3venes de cada pa\u00eds y comunidad tienen caracter\u00edsticas que los hacen \u00fanicos, tambi\u00e9n es posible encontrar temas e intereses comunes entre ellos, y promover la colaboraci\u00f3n en proyectos que impacten sus vidas de manera positiva. Bajo esta filosof\u00eda, Richard Hanson inici\u00f3 el Proyecto Triling\u00fce, [&hellip;]<\/p>\n","protected":false},"author":22,"featured_media":31923,"comment_status":"open","ping_status":"open","sticky":false,"template":"","format":"standard","meta":{"_jetpack_memberships_contains_paid_content":false,"footnotes":""},"categories":[11,32,82,10],"tags":[322],"class_list":["post-31922","post","type-post","status-publish","format-standard","has-post-thumbnail","hentry","category-colaboradores","category-entradas","category-hub-oaxaca","category-lo-mas-reciente","tag-hub"],"jetpack_featured_media_url":"http:\/\/www.eloriente.net\/home\/wp-content\/uploads\/2014\/09\/Triling\u00fce-HUB.jpg","jetpack_sharing_enabled":true,"_links":{"self":[{"href":"http:\/\/www.eloriente.net\/home\/wp-json\/wp\/v2\/posts\/31922"}],"collection":[{"href":"http:\/\/www.eloriente.net\/home\/wp-json\/wp\/v2\/posts"}],"about":[{"href":"http:\/\/www.eloriente.net\/home\/wp-json\/wp\/v2\/types\/post"}],"author":[{"embeddable":true,"href":"http:\/\/www.eloriente.net\/home\/wp-json\/wp\/v2\/users\/22"}],"replies":[{"embeddable":true,"href":"http:\/\/www.eloriente.net\/home\/wp-json\/wp\/v2\/comments?post=31922"}],"version-history":[{"count":3,"href":"http:\/\/www.eloriente.net\/home\/wp-json\/wp\/v2\/posts\/31922\/revisions"}],"predecessor-version":[{"id":31925,"href":"http:\/\/www.eloriente.net\/home\/wp-json\/wp\/v2\/posts\/31922\/revisions\/31925"}],"wp:featuredmedia":[{"embeddable":true,"href":"http:\/\/www.eloriente.net\/home\/wp-json\/wp\/v2\/media\/31923"}],"wp:attachment":[{"href":"http:\/\/www.eloriente.net\/home\/wp-json\/wp\/v2\/media?parent=31922"}],"wp:term":[{"taxonomy":"category","embeddable":true,"href":"http:\/\/www.eloriente.net\/home\/wp-json\/wp\/v2\/categories?post=31922"},{"taxonomy":"post_tag","embeddable":true,"href":"http:\/\/www.eloriente.net\/home\/wp-json\/wp\/v2\/tags?post=31922"}],"curies":[{"name":"wp","href":"https:\/\/api.w.org\/{rel}","templated":true}]}}