{"id":31987,"date":"2014-09-06T13:39:11","date_gmt":"2014-09-06T19:39:11","guid":{"rendered":"http:\/\/www.eloriente.net\/home\/?p=31987"},"modified":"2014-09-08T11:07:31","modified_gmt":"2014-09-08T17:07:31","slug":"uabjo-abre-maestria-en-derecho-privado","status":"publish","type":"post","link":"http:\/\/www.eloriente.net\/home\/2014\/09\/06\/uabjo-abre-maestria-en-derecho-privado\/","title":{"rendered":"UABJO abre Maestr\u00eda en Derecho Privado"},"content":{"rendered":"<p>eloriente.net \/ UABJO<\/p>\n<p>6\/septiembre\/2014<\/p>\n<p>La Universidad Aut\u00f3noma \u201cBenito Ju\u00e1rez\u201d de Oaxaca (UABJO) a trav\u00e9s de la Coordinaci\u00f3n General de Estudios de Posgrado e Investigaci\u00f3n Jur\u00eddica de la Facultad de Derecho y Ciencias Sociales (FDCS) inici\u00f3 las actividades correspondientes a la Maestr\u00eda en Derecho Privado que abordara temas en Derecho Civil y Mercantil.<\/p>\n<p>Durante el acto inaugural el coordinador de Posgrado, Alfredo G\u00f3mez V\u00e1squez, explic\u00f3 que se abrieron 40 espacios, y que los participantes cuentan con un perfil de posgrado en adelante, adem\u00e1s de disciplina, calidad e inter\u00e9s; el posgrado tendr\u00e1 una duraci\u00f3n de dos a\u00f1os y una carga de 16 materias las cuales ser\u00e1n impartidas por profesores capacitados de nuestro estado as\u00ed como de la UNAM, ITAM, UAM, Espa\u00f1a, Colombia, Francia, Estados Unidos.<\/p>\n<p>\u201cLa intenci\u00f3n es formar investigadores en su \u00e1rea, de nada sirve que terminen un posgrado sino contin\u00faan trabajando y aportando los conocimientos adquiridos en investigaciones que prevalezcan, esto es un aliciente para que hagan obra jur\u00eddica, art\u00edculos para revistas internacionales, etc.\u201d Sentenci\u00f3 G\u00f3mez V\u00e1squez.<\/p>\n<p>Para esta apertura se cont\u00f3 con la presencia de la reconocida investigadora de la Universidad Nacional Aut\u00f3noma de M\u00e9xico (UNAM), Mar\u00eda del Pilar Hern\u00e1ndez Hern\u00e1ndez quien expuso el tema \u201cTransdiciplinariedad Met\u00f3dica del Derecho: Derecho Privado y Constituci\u00f3n\u201d.<\/p>\n<div id='gallery-1' class='gallery galleryid-31987 gallery-columns-3 gallery-size-thumbnail'><figure class='gallery-item'>\n\t\t\t<div class='gallery-icon landscape'>\n\t\t\t\t<a href='http:\/\/www.eloriente.net\/home\/wp-content\/uploads\/2014\/09\/07.jpg'><img loading=\"lazy\" decoding=\"async\" width=\"150\" height=\"150\" src=\"http:\/\/www.eloriente.net\/home\/wp-content\/uploads\/2014\/09\/07-150x150.jpg\" class=\"attachment-thumbnail size-thumbnail\" alt=\"\" srcset=\"http:\/\/www.eloriente.net\/home\/wp-content\/uploads\/2014\/09\/07-150x150.jpg 150w, http:\/\/www.eloriente.net\/home\/wp-content\/uploads\/2014\/09\/07-50x50.jpg 50w\" sizes=\"(max-width: 150px) 100vw, 150px\" \/><\/a>\n\t\t\t<\/div><\/figure><figure class='gallery-item'>\n\t\t\t<div class='gallery-icon landscape'>\n\t\t\t\t<a href='http:\/\/www.eloriente.net\/home\/wp-content\/uploads\/2014\/09\/073.jpg'><img loading=\"lazy\" decoding=\"async\" width=\"150\" height=\"150\" src=\"http:\/\/www.eloriente.net\/home\/wp-content\/uploads\/2014\/09\/073-150x150.jpg\" class=\"attachment-thumbnail size-thumbnail\" alt=\"\" srcset=\"http:\/\/www.eloriente.net\/home\/wp-content\/uploads\/2014\/09\/073-150x150.jpg 150w, http:\/\/www.eloriente.net\/home\/wp-content\/uploads\/2014\/09\/073-50x50.jpg 50w\" sizes=\"(max-width: 150px) 100vw, 150px\" \/><\/a>\n\t\t\t<\/div><\/figure><figure class='gallery-item'>\n\t\t\t<div class='gallery-icon landscape'>\n\t\t\t\t<a href='http:\/\/www.eloriente.net\/home\/wp-content\/uploads\/2014\/09\/072.jpg'><img loading=\"lazy\" decoding=\"async\" width=\"150\" height=\"150\" src=\"http:\/\/www.eloriente.net\/home\/wp-content\/uploads\/2014\/09\/072-150x150.jpg\" class=\"attachment-thumbnail size-thumbnail\" alt=\"\" srcset=\"http:\/\/www.eloriente.net\/home\/wp-content\/uploads\/2014\/09\/072-150x150.jpg 150w, http:\/\/www.eloriente.net\/home\/wp-content\/uploads\/2014\/09\/072-50x50.jpg 50w\" sizes=\"(max-width: 150px) 100vw, 150px\" \/><\/a>\n\t\t\t<\/div><\/figure><figure class='gallery-item'>\n\t\t\t<div class='gallery-icon landscape'>\n\t\t\t\t<a href='http:\/\/www.eloriente.net\/home\/wp-content\/uploads\/2014\/09\/071.jpg'><img loading=\"lazy\" decoding=\"async\" width=\"150\" height=\"150\" src=\"http:\/\/www.eloriente.net\/home\/wp-content\/uploads\/2014\/09\/071-150x150.jpg\" class=\"attachment-thumbnail size-thumbnail\" alt=\"\" srcset=\"http:\/\/www.eloriente.net\/home\/wp-content\/uploads\/2014\/09\/071-150x150.jpg 150w, http:\/\/www.eloriente.net\/home\/wp-content\/uploads\/2014\/09\/071-50x50.jpg 50w\" sizes=\"(max-width: 150px) 100vw, 150px\" \/><\/a>\n\t\t\t<\/div><\/figure>\n\t\t<\/div>\n\n<p>Fotos: Universidad Aut\u00f3noma \u00abBenito Ju\u00e1rez\u00bb de Oaxaca<\/p>\n<p><strong>Entradas relacionadas:<\/strong><\/p>\n<p><a title=\"Permalink to Guelaguetza de libros se presenta en Nueva York\" href=\"http:\/\/www.eloriente.net\/home\/2014\/09\/04\/guelaguetza-de-libros-se-presenta-en-nueva-york\/\" rel=\"bookmark\">Guelaguetza de libros se presenta en Nueva York<\/a><\/p>\n<p><a href=\"http:\/\/www.eloriente.net\/home\/2014\/09\/04\/guelaguetza-de-libros-se-presenta-en-nueva-york\/\" rel=\"bookmark\"><img decoding=\"async\" title=\"Guelaguetza de libros se presenta en Nueva York\" src=\"http:\/\/www.eloriente.net\/home\/wp-content\/themes\/city-desk\/timthumb.php?src=http%3A%2F%2Fwww.eloriente.net%2Fhome%2Fwp-content%2Fuploads%2F2014%2F09%2FNY-Darren-Johnson.jpg&amp;q=90&amp;w=160&amp;h=106&amp;zc=1\" alt=\"Guelaguetza de libros se presenta en Nueva York\" \/><\/a><\/p>\n<p>eloriente.net 4\/septiembre\/2014 Presentan el proyecto de investigaci\u00f3n aplicado a municipios Se han entregado 6, 600 libros, beneficiando a 13 localidades Luego de haberse aplicado en m\u00e1s de 13 municipios de la entidad oaxaque\u00f1a, a lo largo de tres a\u00f1os ininterrumpidos de trabajo, se presenta en el XXI Congreso Internacional de Educaci\u00f3n y Aprendizaje, celebrado en [&#8230;]<\/p>\n<p>September 4, 2014<\/p>\n<div id=\"post-31570\">\n<p><a title=\"Permalink to Tercer Informe de la Directora de Econom\u00eda UABJO\" href=\"http:\/\/www.eloriente.net\/home\/2014\/08\/27\/tercer-informe-de-la-directora-de-economia-uabjo\/\" rel=\"bookmark\">Tercer Informe de la Directora de Econom\u00eda UABJO<\/a><\/p>\n<p><a href=\"http:\/\/www.eloriente.net\/home\/2014\/08\/27\/tercer-informe-de-la-directora-de-economia-uabjo\/\" rel=\"bookmark\"><img decoding=\"async\" title=\"Tercer Informe de la Directora de Econom\u00eda UABJO\" src=\"http:\/\/www.eloriente.net\/home\/wp-content\/themes\/city-desk\/timthumb.php?src=http%3A%2F%2Fwww.eloriente.net%2Fhome%2Fwp-content%2Fuploads%2F2014%2F08%2F273.jpg&amp;q=90&amp;w=160&amp;h=106&amp;zc=1\" alt=\"Tercer Informe de la Directora de Econom\u00eda UABJO\" \/><\/a><\/p>\n<p>eloriente.net 27\/agosto\/2014 En apego a lo dispuesto en el art\u00edculo 58, fracci\u00f3n s\u00e9ptima de la Ley Org\u00e1nica de la Universidad Aut\u00f3noma \u201cBenito Ju\u00e1rez\u201d de Oaxaca (UABJO); Aracely Escobar M\u00e9ndez, Directora de la Escuela de Econom\u00eda, rindi\u00f3 su tercer informes de actividades acad\u00e9mico \u2013 administrativas, correspondiente al periodo 2013 \u2013 2014. De esta forma, la funcionaria [&#8230;]<\/p>\n<p>August 27, 2014<\/p>\n<\/div>\n<div id=\"post-31546\">\n<p><a title=\"Permalink to Escucha a Claudio S\u00e1nchez y Jorge Guerrero en Todo Oaxaca Radio 26\/Ago\/2014\" href=\"http:\/\/www.eloriente.net\/home\/2014\/08\/27\/escucha-a-claudio-sanchez-y-jorge-guerrero-en-todo-oaxaca-radio-26ago2014\/\" rel=\"bookmark\">Escucha a Claudio S\u00e1nchez y Jorge Guerrero en Todo Oaxaca Radio 26\/Ago\/2014<\/a><\/p>\n<p><a href=\"http:\/\/www.eloriente.net\/home\/2014\/08\/27\/escucha-a-claudio-sanchez-y-jorge-guerrero-en-todo-oaxaca-radio-26ago2014\/\" rel=\"bookmark\"><img decoding=\"async\" title=\"Escucha a Claudio S\u00e1nchez y Jorge Guerrero en Todo Oaxaca Radio 26\/Ago\/2014\" src=\"http:\/\/www.eloriente.net\/home\/wp-content\/themes\/city-desk\/timthumb.php?src=http%3A%2F%2Fwww.eloriente.net%2Fhome%2Fwp-content%2Fuploads%2F2014%2F08%2FIMG_0831.jpg&amp;q=90&amp;w=160&amp;h=106&amp;zc=1\" alt=\"Escucha a Claudio S\u00e1nchez y Jorge Guerrero en Todo Oaxaca Radio 26\/Ago\/2014\" \/><\/a><\/p>\n<p>todooaxacaradio.com 27\/agosto\/2014 Como cada martes, en punto de las 17:00 horas se transmiti\u00f3 el programa Todo Oaxaca Radio completamente en vivo desde la Ciudad de Oaxaca de Ju\u00e1rez, a trav\u00e9s de las frecuencias abiertas 570 AM, 94.9 FM y para todo el mundo a trav\u00e9s de www.todooaxacaradio.com. El programa es conducido por Rub\u00e9n Vasconcelos Beltr\u00e1n, [&#8230;]<\/p>\n<p>August 27, 2014<\/p>\n<\/div>\n\n\t\t\t  <div \n\t\t\t  \tclass = \"fb-comments\" \n\t\t\t  \tdata-href = \"http:\/\/www.eloriente.net\/home\/2014\/09\/06\/uabjo-abre-maestria-en-derecho-privado\/\"\n\t\t\t  \tdata-numposts = \"10\"\n\t\t\t\tdata-colorscheme = \"dark\"\n\t\t\t\tdata-order-by = \"social\"\n\t\t\t\tdata-mobile=true>\n\t\t\t  <\/div>\n\t\t  <style>\n\t\t\t.fb_iframe_widget_fluid_desktop iframe {\n\t\t\t    width: 100% !important;\n\t\t\t}\n\t\t  <\/style>\n\t\t  ","protected":false},"excerpt":{"rendered":"<p>eloriente.net \/ UABJO 6\/septiembre\/2014 La Universidad Aut\u00f3noma \u201cBenito Ju\u00e1rez\u201d de Oaxaca (UABJO) a trav\u00e9s de la Coordinaci\u00f3n General de Estudios de Posgrado e Investigaci\u00f3n Jur\u00eddica de la Facultad de Derecho y Ciencias Sociales (FDCS) inici\u00f3 las actividades correspondientes a la Maestr\u00eda en Derecho Privado que abordara temas en Derecho Civil y Mercantil. Durante el acto [&hellip;]<\/p>\n","protected":false},"author":1,"featured_media":31991,"comment_status":"open","ping_status":"open","sticky":false,"template":"","format":"standard","meta":{"_jetpack_memberships_contains_paid_content":false,"footnotes":""},"categories":[1588,18,32,13,63,464,84],"tags":[182],"class_list":["post-31987","post","type-post","status-publish","format-standard","has-post-thumbnail","hentry","category-comunicados-y-boletines","category-educacion-y-cultura","category-entradas","category-especiales","category-estados","category-oaxaca-estados","category-universidades","tag-uabjo"],"jetpack_featured_media_url":"http:\/\/www.eloriente.net\/home\/wp-content\/uploads\/2014\/09\/071.jpg","jetpack_sharing_enabled":true,"_links":{"self":[{"href":"http:\/\/www.eloriente.net\/home\/wp-json\/wp\/v2\/posts\/31987"}],"collection":[{"href":"http:\/\/www.eloriente.net\/home\/wp-json\/wp\/v2\/posts"}],"about":[{"href":"http:\/\/www.eloriente.net\/home\/wp-json\/wp\/v2\/types\/post"}],"author":[{"embeddable":true,"href":"http:\/\/www.eloriente.net\/home\/wp-json\/wp\/v2\/users\/1"}],"replies":[{"embeddable":true,"href":"http:\/\/www.eloriente.net\/home\/wp-json\/wp\/v2\/comments?post=31987"}],"version-history":[{"count":2,"href":"http:\/\/www.eloriente.net\/home\/wp-json\/wp\/v2\/posts\/31987\/revisions"}],"predecessor-version":[{"id":32040,"href":"http:\/\/www.eloriente.net\/home\/wp-json\/wp\/v2\/posts\/31987\/revisions\/32040"}],"wp:featuredmedia":[{"embeddable":true,"href":"http:\/\/www.eloriente.net\/home\/wp-json\/wp\/v2\/media\/31991"}],"wp:attachment":[{"href":"http:\/\/www.eloriente.net\/home\/wp-json\/wp\/v2\/media?parent=31987"}],"wp:term":[{"taxonomy":"category","embeddable":true,"href":"http:\/\/www.eloriente.net\/home\/wp-json\/wp\/v2\/categories?post=31987"},{"taxonomy":"post_tag","embeddable":true,"href":"http:\/\/www.eloriente.net\/home\/wp-json\/wp\/v2\/tags?post=31987"}],"curies":[{"name":"wp","href":"https:\/\/api.w.org\/{rel}","templated":true}]}}