{"id":32005,"date":"2014-09-08T07:38:08","date_gmt":"2014-09-08T13:38:08","guid":{"rendered":"http:\/\/www.eloriente.net\/home\/?p=32005"},"modified":"2014-09-08T13:51:04","modified_gmt":"2014-09-08T19:51:04","slug":"respaldo-al-dialogo-y-orden-en-el-poder-judicial","status":"publish","type":"post","link":"http:\/\/www.eloriente.net\/home\/2014\/09\/08\/respaldo-al-dialogo-y-orden-en-el-poder-judicial\/","title":{"rendered":"Respaldo al di\u00e1logo y orden en el Poder Judicial"},"content":{"rendered":"<p>eloriente.net<\/p>\n<p>8\/septiembre\/2014<\/p>\n<p>\u00b7 Es tiempo de acabar con la inercias que no coadyuvan al desarrollo del estado, dijo el magistrado Alfredo Lagunas Rivera<\/p>\n<p>El titular del Poder Judicial, magistrado Alfredo Rodrigo Lagunas Rivera se sum\u00f3 al llamado institucional del gobernador del estado Gabino Cu\u00e9 Monteagudo a todas las oaxaque\u00f1as y oaxaque\u00f1os, de tomar las riendas de las libertades en el orden, valorando las diferencias en la tolerancia y proscribiendo el conflicto por el di\u00e1logo.<\/p>\n<p>En entrevista realizada en la sede del Tribunal Superior de Justicia, Lagunas Rivera dijo que es tiempo de acabar con las inercias de pr\u00e1cticas y pol\u00edticas que no coadyuvan al orden, a la disciplina y al desarrollo del estado, resaltando tambi\u00e9n que bajo la preeminencia de la universalidad de los derechos humanos y una democracia que se consolida en medio de tensiones, el orden pol\u00edtico es garant\u00eda para las libertades.<\/p>\n<p>\u201cLas respuestas a los grandes problemas sociales hoy en d\u00eda, ya no son planteamientos forjados desde perspectivas unilaterales, los cuales prevalec\u00edan en contextos donde no imperaba la libertad, la igualdad y la democracia. La problem\u00e1tica social hoy, se escudri\u00f1a a trav\u00e9s de una \u00f3ptica transversal, de tal manera que el pensamiento supere las diferenciaciones ideol\u00f3gicas de cualquier doctrina, ya sea pol\u00edtica, religiosa y econ\u00f3mica, y que en el ejercicio de nuestras libertades individuales, no perdamos de vista los intereses de los dem\u00e1s\u201d, afirm\u00f3.<\/p>\n<p>El tambi\u00e9n presidente del Consejo de la Judicatura se\u00f1al\u00f3 que en el estado de Oaxaca hay asuntos pendientes y decisiones importantes que en este momento se construyen, para ello, dijo, deber\u00e1n converger los gobiernos federal, estatal y municipal, pues es responsabilidad de los tres niveles de gobierno ocuparse de empujar hacia una sociedad cohesionada en la equidad, los derechos y la justicia; dejando a un lado las ideolog\u00edas individualistas para erigir compromisos, estrategias y acciones integrales.<\/p>\n<p>En lo que corresponde al Poder Judicial del Estado, apunt\u00f3 que se tiene clara la responsabilidad como instituci\u00f3n; por ello, la protecci\u00f3n de los derechos humanos, motiva a que los sistemas de justicia sean dignos de s\u00ed mismos y revisa que la funci\u00f3n de sus operadores sea inmanente a un esp\u00edritu de servicio, compromiso y \u00e9tica.<\/p>\n<p>\u201cEstamos en la funci\u00f3n judicial por vocaci\u00f3n y responsabilidad de contribuir a que oaxaque\u00f1as y oaxaque\u00f1os, puedan sentirse tranquilos que sus bienes y libertades, est\u00e1n asegurados en la honestidad de la imparcialidad y eficacia de la justicia\u201d, finaliz\u00f3.<\/p>\n<p><a href=\"http:\/\/www.eloriente.net\/home\/wp-content\/uploads\/2014\/09\/Magistrado-Alfredo-Rodrigo-Lagunas-Rivera.jpg\"><img loading=\"lazy\" decoding=\"async\" class=\"alignnone size-medium wp-image-32059\" title=\"Magistrado Alfredo Rodrigo Lagunas Rivera\" src=\"http:\/\/www.eloriente.net\/home\/wp-content\/uploads\/2014\/09\/Magistrado-Alfredo-Rodrigo-Lagunas-Rivera-300x213.jpg\" alt=\"\" width=\"300\" height=\"213\" srcset=\"http:\/\/www.eloriente.net\/home\/wp-content\/uploads\/2014\/09\/Magistrado-Alfredo-Rodrigo-Lagunas-Rivera-300x213.jpg 300w, http:\/\/www.eloriente.net\/home\/wp-content\/uploads\/2014\/09\/Magistrado-Alfredo-Rodrigo-Lagunas-Rivera.jpg 774w\" sizes=\"(max-width: 300px) 100vw, 300px\" \/><\/a><\/p>\n<p>&nbsp;<\/p>\n<p>&nbsp;<\/p>\n<p>Foto: Poder Judicial del Estado de Oaxaca<\/p>\n<p><strong>Entradas relacionadas:<\/strong><\/p>\n<p><a title=\"Permalink to Son explicadas facultades y atribuciones del Tribunal de Fiscalizaci\u00f3n a municipios\" href=\"http:\/\/www.eloriente.net\/home\/2014\/08\/22\/son-explicadas-facultades-y-atribuciones-del-tribunal-de-fiscalizacion-a-municipios\/\" rel=\"bookmark\">Son explicadas facultades y atribuciones del Tribunal de Fiscalizaci\u00f3n a municipios<\/a><\/p>\n<p><a href=\"http:\/\/www.eloriente.net\/home\/2014\/08\/22\/son-explicadas-facultades-y-atribuciones-del-tribunal-de-fiscalizacion-a-municipios\/\" rel=\"bookmark\"><img decoding=\"async\" title=\"Son explicadas facultades y atribuciones del Tribunal de Fiscalizaci\u00f3n a municipios\" src=\"http:\/\/www.eloriente.net\/home\/wp-content\/themes\/city-desk\/timthumb.php?src=http%3A%2F%2Fwww.eloriente.net%2Fhome%2Fwp-content%2Fuploads%2F2014%2F08%2FMagistrados-del-Tribunal-de-Fiscalizaci%C3%B3n-con-autoridades-municipales-T-.jpg&amp;q=90&amp;w=160&amp;h=106&amp;zc=1\" alt=\"Son explicadas facultades y atribuciones del Tribunal de Fiscalizaci\u00f3n a municipios\" \/><\/a><\/p>\n<p>eloriente.net 22\/agosto\/2014 \u2022 Magistrados del Tribunal de Fiscalizaci\u00f3n llevaron a cabo actividades de difusi\u00f3n de la labor que realizan entre autoridades de municipios de la Cuenca, Mixteca y Sierra Sur Al sostener diferentes encuentros con presidentes municipales, secretarios y regidores de siete ayuntamientos de las regiones de la Cuenca, Sierra Norte y la Mixteca para [&#8230;]<\/p>\n<p>August 22, 2014<\/p>\n<div id=\"post-31136\">\n<p><a title=\"Permalink to Programas del segundo semestre en el Poder Judicial\" href=\"http:\/\/www.eloriente.net\/home\/2014\/08\/18\/los-programas-y-acciones-del-poder-judicial-buscan-vincularse-con-la-sociedad\/\" rel=\"bookmark\">Programas del segundo semestre en el Poder Judicial<\/a><\/p>\n<p><a href=\"http:\/\/www.eloriente.net\/home\/2014\/08\/18\/los-programas-y-acciones-del-poder-judicial-buscan-vincularse-con-la-sociedad\/\" rel=\"bookmark\"><img decoding=\"async\" title=\"Programas del segundo semestre en el Poder Judicial\" src=\"http:\/\/www.eloriente.net\/home\/wp-content\/themes\/city-desk\/timthumb.php?src=http%3A%2F%2Fwww.eloriente.net%2Fhome%2Fwp-content%2Fuploads%2F2014%2F08%2FReuni%C3%B3n-de-trabajo-con-el-Consejo-de-la-Judicatura-1.jpg&amp;q=90&amp;w=160&amp;h=106&amp;zc=1\" alt=\"Programas del segundo semestre en el Poder Judicial\" \/><\/a><\/p>\n<p>eloriente.net 18\/agost0\/2014\u00a0 Programas lanzados en el segundo semestre del a\u00f1o afianzar\u00e1n v\u00ednculos con la sociedad, anunci\u00f3 el titular del Poder Judicial, magistrado Alfredo Rodrigo Lagunas Socializar las acciones y programas debe ser una prioridad para todo organismo p\u00fablico, ya que de esta manera la ciudadan\u00eda conoce y cuenta con informaci\u00f3n que le permite ejercer sus [&#8230;]<\/p>\n<p>August 18, 2014<\/p>\n<\/div>\n<div id=\"post-31065\">\n<p><a title=\"Permalink to \u00bfQu\u00e9 es la Sala Constitucional del H. Tribunal Superior de Justicia de Oaxaca?\" href=\"http:\/\/www.eloriente.net\/home\/2014\/08\/18\/que-es-la-sala-constitucional-del-h-tribunal-superior-de-justicia-de-oaxaca\/\" rel=\"bookmark\">\u00bfQu\u00e9 es la Sala Constitucional del H. Tribunal Superior de Justicia de Oaxaca?<\/a><\/p>\n<p><a href=\"http:\/\/www.eloriente.net\/home\/2014\/08\/18\/que-es-la-sala-constitucional-del-h-tribunal-superior-de-justicia-de-oaxaca\/\" rel=\"bookmark\"><img decoding=\"async\" title=\"\u00bfQu\u00e9 es la Sala Constitucional del H. Tribunal Superior de Justicia de Oaxaca?\" src=\"http:\/\/www.eloriente.net\/home\/wp-content\/themes\/city-desk\/timthumb.php?src=http%3A%2F%2Fwww.eloriente.net%2Fhome%2Fwp-content%2Fuploads%2F2014%2F08%2FSala-Constitucional.jpg&amp;q=90&amp;w=160&amp;h=106&amp;zc=1\" alt=\"\u00bfQu\u00e9 es la Sala Constitucional del H. Tribunal Superior de Justicia de Oaxaca?\" \/><\/a><\/p>\n<p>eloriente.net 18\/agosto\/2014 De acuerdo a La Ley Orga\u0301nica del Poder Judicial del Estado de Oaxaca en su arti\u0301culo 10, el Pleno del Tribunal Superior de Justicia, es la ma\u0301xima autoridad del Poder Judicial del Estado. Asimismo, el art\u00edculo 20 establece que dicho organismo\u00a0funcionara\u0301 con las Salas que sean necesarias para la pronta y expedita imparticio\u0301n [&#8230;]<\/p>\n<p>August 18, 2014<\/p>\n<\/div>\n\n\t\t\t  <div \n\t\t\t  \tclass = \"fb-comments\" \n\t\t\t  \tdata-href = \"http:\/\/www.eloriente.net\/home\/2014\/09\/08\/respaldo-al-dialogo-y-orden-en-el-poder-judicial\/\"\n\t\t\t  \tdata-numposts = \"10\"\n\t\t\t\tdata-colorscheme = \"dark\"\n\t\t\t\tdata-order-by = \"social\"\n\t\t\t\tdata-mobile=true>\n\t\t\t  <\/div>\n\t\t  <style>\n\t\t\t.fb_iframe_widget_fluid_desktop iframe {\n\t\t\t    width: 100% !important;\n\t\t\t}\n\t\t  <\/style>\n\t\t  ","protected":false},"excerpt":{"rendered":"<p>eloriente.net 8\/septiembre\/2014 \u00b7 Es tiempo de acabar con la inercias que no coadyuvan al desarrollo del estado, dijo el magistrado Alfredo Lagunas Rivera El titular del Poder Judicial, magistrado Alfredo Rodrigo Lagunas Rivera se sum\u00f3 al llamado institucional del gobernador del estado Gabino Cu\u00e9 Monteagudo a todas las oaxaque\u00f1as y oaxaque\u00f1os, de tomar las riendas [&hellip;]<\/p>\n","protected":false},"author":1,"featured_media":32059,"comment_status":"open","ping_status":"open","sticky":false,"template":"","format":"standard","meta":{"_jetpack_memberships_contains_paid_content":false,"footnotes":""},"categories":[1588,91,32,10],"tags":[225],"class_list":["post-32005","post","type-post","status-publish","format-standard","has-post-thumbnail","hentry","category-comunicados-y-boletines","category-congreso-y-justicia","category-entradas","category-lo-mas-reciente","tag-tsj"],"jetpack_featured_media_url":"http:\/\/www.eloriente.net\/home\/wp-content\/uploads\/2014\/09\/Magistrado-Alfredo-Rodrigo-Lagunas-Rivera.jpg","jetpack_sharing_enabled":true,"_links":{"self":[{"href":"http:\/\/www.eloriente.net\/home\/wp-json\/wp\/v2\/posts\/32005"}],"collection":[{"href":"http:\/\/www.eloriente.net\/home\/wp-json\/wp\/v2\/posts"}],"about":[{"href":"http:\/\/www.eloriente.net\/home\/wp-json\/wp\/v2\/types\/post"}],"author":[{"embeddable":true,"href":"http:\/\/www.eloriente.net\/home\/wp-json\/wp\/v2\/users\/1"}],"replies":[{"embeddable":true,"href":"http:\/\/www.eloriente.net\/home\/wp-json\/wp\/v2\/comments?post=32005"}],"version-history":[{"count":4,"href":"http:\/\/www.eloriente.net\/home\/wp-json\/wp\/v2\/posts\/32005\/revisions"}],"predecessor-version":[{"id":32058,"href":"http:\/\/www.eloriente.net\/home\/wp-json\/wp\/v2\/posts\/32005\/revisions\/32058"}],"wp:featuredmedia":[{"embeddable":true,"href":"http:\/\/www.eloriente.net\/home\/wp-json\/wp\/v2\/media\/32059"}],"wp:attachment":[{"href":"http:\/\/www.eloriente.net\/home\/wp-json\/wp\/v2\/media?parent=32005"}],"wp:term":[{"taxonomy":"category","embeddable":true,"href":"http:\/\/www.eloriente.net\/home\/wp-json\/wp\/v2\/categories?post=32005"},{"taxonomy":"post_tag","embeddable":true,"href":"http:\/\/www.eloriente.net\/home\/wp-json\/wp\/v2\/tags?post=32005"}],"curies":[{"name":"wp","href":"https:\/\/api.w.org\/{rel}","templated":true}]}}