{"id":32022,"date":"2014-09-08T10:37:22","date_gmt":"2014-09-08T16:37:22","guid":{"rendered":"http:\/\/www.eloriente.net\/home\/?p=32022"},"modified":"2014-09-08T17:14:18","modified_gmt":"2014-09-08T23:14:18","slug":"cerrada-eleccion-interna-en-prd-oaxaca-gana-diez","status":"publish","type":"post","link":"http:\/\/www.eloriente.net\/home\/2014\/09\/08\/cerrada-eleccion-interna-en-prd-oaxaca-gana-diez\/","title":{"rendered":"Cerrada elecci\u00f3n interna en PRD-Oaxaca; gana DIEZ"},"content":{"rendered":"<p>eloriente.net<\/p>\n<p>8 de septiembre de 2014<\/p>\n<p>eloriente.net (Oaxaca de Ju\u00e1rez, Oaxaca, a 8 de septiembre de 2014).- Con una notable pulverizaci\u00f3n de preferencias, ayer se efectuaron las elecciones de <a href=\"http:\/\/www.eloriente.net\/home\/2014\/09\/05\/domingo-7-desde-2000-fluiran-resultados-de-elecciones-prd-heycher\/\" target=\"_blank\">congresistas nacionales y consejeros estatales<\/a> y municipales en el Partido de la Revoluci\u00f3n Democr\u00e1tica.<\/p>\n<p>Esta pulverizaci\u00f3n se evidenci\u00f3 tras darse a conocer por el Instituto Nacional Electoral (INE) los <a href=\"http:\/\/sipda.ine.mx\" target=\"_blank\">resultados preliminares<\/a> de dichas votaciones, en las cuales result\u00f3 ganadora la planilla NI\/DIEZ que encabez\u00f3 el l\u00edder social Jes\u00fas Romero L\u00f3pez, con el 21.57% de los votos emitidos.<\/p>\n<p>Sin embargo, muy cerca se coloc\u00f3 ADN\/UCD con el 18.16%, seguidos de IDN con el 12.54%; NI\/COSTA con 7.35%; y PD\/DS con el 5.8%.<\/p>\n<p>Esta dispersi\u00f3n en las preferencias es fundamental para la composici\u00f3n final de los consejos que el partido ha de elegir en breve, pues se deber\u00e1n construir alianzas y acuerdos internos para efectuarla.<\/p>\n<p>Cabe recordar, sin embargo, que la corriente ganadora rompi\u00f3 la hegemon\u00eda del grupo que ahora pasa a ser segunda fuerza en el partido.<\/p>\n<p>Dos aspectos son importantes para considerar en la elecci\u00f3n perredista de ayer: la situaci\u00f3n de paz y normalidad con que se dio la jornada, lo cual es un punto importante para esta organizaci\u00f3n pol\u00edtica; el hecho de que sea la primera elecci\u00f3n partidista que organiza el INE; y adem\u00e1s que se logr\u00f3 una participaci\u00f3n aceptable de cerca del <a href=\"http:\/\/www.eloriente.net\/home\/2014\/09\/05\/domingo-7-desde-2000-fluiran-resultados-de-elecciones-prd-heycher\/\" target=\"_blank\">50% del padr\u00f3n de afiliados<\/a> en el estado.<\/p>\n<p>&nbsp;<\/p>\n<p><a href=\"http:\/\/www.eloriente.net\/home\/wp-content\/uploads\/2014\/09\/Captura-de-pantalla-2014-09-08-a-las-11.21.22.png\"><img loading=\"lazy\" decoding=\"async\" class=\"alignnone  wp-image-32028\" title=\"RESULTADOS INE-PRD\" src=\"http:\/\/www.eloriente.net\/home\/wp-content\/uploads\/2014\/09\/Captura-de-pantalla-2014-09-08-a-las-11.21.22.png\" alt=\"\" width=\"610\" height=\"446\" srcset=\"http:\/\/www.eloriente.net\/home\/wp-content\/uploads\/2014\/09\/Captura-de-pantalla-2014-09-08-a-las-11.21.22.png 763w, http:\/\/www.eloriente.net\/home\/wp-content\/uploads\/2014\/09\/Captura-de-pantalla-2014-09-08-a-las-11.21.22-300x219.png 300w\" sizes=\"(max-width: 610px) 100vw, 610px\" \/><\/a><\/p>\n<p><strong>OTRAS ENTRADAS:<\/strong><\/p>\n<div id=\"post-31960\">\n<p><a title=\"Permalink to 06\/Sep\/14 12:00 En Vivo: Conferencia de Prensa @INEMexico sobre Proceso PRD\" href=\"http:\/\/www.eloriente.net\/home\/2014\/09\/06\/06sep14-1200-en-vivo-conferencia-de-prensa-inemexico-sobre-proceso-prd\/\" rel=\"bookmark\">06\/Sep\/14 12:00 En Vivo: Conferencia de Prensa @INEMexico sobre Proceso PRD<\/a><\/p>\n<p><a href=\"http:\/\/www.eloriente.net\/home\/2014\/09\/06\/06sep14-1200-en-vivo-conferencia-de-prensa-inemexico-sobre-proceso-prd\/\" rel=\"bookmark\"><img decoding=\"async\" title=\"06\/Sep\/14 12:00 En Vivo: Conferencia de Prensa @INEMexico sobre Proceso PRD\" src=\"http:\/\/www.eloriente.net\/home\/wp-content\/themes\/city-desk\/timthumb.php?src=http%3A%2F%2Fwww.eloriente.net%2Fhome%2Fwp-content%2Fuploads%2F2014%2F08%2FINE-Archivo-eloriente.net_.jpg&amp;q=90&amp;w=160&amp;h=106&amp;zc=1\" alt=\"06\/Sep\/14 12:00 En Vivo: Conferencia de Prensa @INEMexico sobre Proceso PRD\" \/><\/a>eloriente.net\/INE 6 de septiembre de 2014 El Instituto Nacional Electoral (INE) anunci\u00f3 para este d\u00eda una nueva conferencia de prensa para abordar el proceso interno de elecci\u00f3n en el Partido de la Revoluci\u00f3n Democr\u00e1tica. A continuaci\u00f3n la se\u00f1al en vivo de esta conferencia y, abajo, los enlaces a los datos detallados de esta contienda a [&#8230;]<\/p>\n<p>September 6, 2014<\/p>\n<\/div>\n<p><a title=\"Permalink to Las estatuas en el futbol, representaci\u00f3n de la inmortalidad\" href=\"http:\/\/www.eloriente.net\/home\/2014\/09\/06\/las-estatuas-en-el-futbol-representacion-de-la-inmortalidad\/\" rel=\"bookmark\">Las estatuas en el futbol, representaci\u00f3n de la inmortalidad<\/a><\/p>\n<p><a href=\"http:\/\/www.eloriente.net\/home\/2014\/09\/06\/las-estatuas-en-el-futbol-representacion-de-la-inmortalidad\/\" rel=\"bookmark\"><img decoding=\"async\" title=\"Las estatuas en el futbol, representaci\u00f3n de la inmortalidad\" src=\"http:\/\/www.eloriente.net\/home\/wp-content\/themes\/city-desk\/timthumb.php?src=http%3A%2F%2Fwww.eloriente.net%2Fhome%2Fwp-content%2Fuploads%2F2014%2F09%2FBill-Shankly-cchana.jpg&amp;q=90&amp;w=160&amp;h=106&amp;zc=1\" alt=\"Las estatuas en el futbol, representaci\u00f3n de la inmortalidad\" \/><\/a><\/p>\n<p>eloriente.net 6\/septiembre\/2014 Han sido construidas en honor a todo tipo de personajes. Desde las esculturas cl\u00e1sicas que rememoraban a grandes emperadores y fil\u00f3sofos de la antig\u00fcedad, hasta aquellas hechas de s\u00f3lido metal que enaltecen a los m\u00e1s grandes estrategas militares de \u00e9pocas modernas y contempor\u00e1neas. Ya sean colosos o bustos, yacentes o ecuestres, las estatuas [&#8230;]<\/p>\n<p id=\"post-31939\">September 6, 2014<\/p>\n<div id=\"post-31948\">\n<p><a title=\"Permalink to Domingo 7 desde 20:00 fluir\u00e1n resultados de elecciones PRD: Heycher\" href=\"http:\/\/www.eloriente.net\/home\/2014\/09\/05\/domingo-7-desde-2000-fluiran-resultados-de-elecciones-prd-heycher\/\" rel=\"bookmark\">Domingo 7 desde 20:00 fluir\u00e1n resultados de elecciones PRD: Heycher<\/a><\/p>\n<p><a href=\"http:\/\/www.eloriente.net\/home\/2014\/09\/05\/domingo-7-desde-2000-fluiran-resultados-de-elecciones-prd-heycher\/\" rel=\"bookmark\"><img decoding=\"async\" title=\"Domingo 7 desde 20:00 fluir\u00e1n resultados de elecciones PRD: Heycher\" src=\"http:\/\/www.eloriente.net\/home\/wp-content\/themes\/city-desk\/timthumb.php?src=http%3A%2F%2Fwww.eloriente.net%2Fhome%2Fwp-content%2Fuploads%2F2014%2F09%2FINE-sobre-eleccio%CC%81n-PRD.png&amp;q=90&amp;w=160&amp;h=106&amp;zc=1\" alt=\"Domingo 7 desde 20:00 fluir\u00e1n resultados de elecciones PRD: Heycher\" \/><\/a>eloriente.net\/INE 5 de septiembre de 2014 \u201cDentro del dise\u00f1o del nuevo Sistema Nacional Electoral, se contempl\u00f3 que este instituto pueda, a petici\u00f3n de partes, organizar las elecciones internas de los partidos pol\u00edticos. Es as\u00ed que el PRD solicit\u00f3 al INE la colaboraci\u00f3n para participar en la organizaci\u00f3n de sus elecciones de congresistas nacionales, de consejer\u00edas [&#8230;]<\/p>\n<p>September 5, 2014<\/p>\n<\/div>\n<p>&nbsp;<\/p>\n\n\t\t\t  <div \n\t\t\t  \tclass = \"fb-comments\" \n\t\t\t  \tdata-href = \"http:\/\/www.eloriente.net\/home\/2014\/09\/08\/cerrada-eleccion-interna-en-prd-oaxaca-gana-diez\/\"\n\t\t\t  \tdata-numposts = \"10\"\n\t\t\t\tdata-colorscheme = \"dark\"\n\t\t\t\tdata-order-by = \"social\"\n\t\t\t\tdata-mobile=true>\n\t\t\t  <\/div>\n\t\t  <style>\n\t\t\t.fb_iframe_widget_fluid_desktop iframe {\n\t\t\t    width: 100% !important;\n\t\t\t}\n\t\t  <\/style>\n\t\t  ","protected":false},"excerpt":{"rendered":"<p>eloriente.net 8 de septiembre de 2014 eloriente.net (Oaxaca de Ju\u00e1rez, Oaxaca, a 8 de septiembre de 2014).- Con una notable pulverizaci\u00f3n de preferencias, ayer se efectuaron las elecciones de congresistas nacionales y consejeros estatales y municipales en el Partido de la Revoluci\u00f3n Democr\u00e1tica. Esta pulverizaci\u00f3n se evidenci\u00f3 tras darse a conocer por el Instituto Nacional [&hellip;]<\/p>\n","protected":false},"author":1,"featured_media":32028,"comment_status":"open","ping_status":"open","sticky":false,"template":"","format":"standard","meta":{"_jetpack_memberships_contains_paid_content":false,"footnotes":""},"categories":[49,71,32,13,63,23,464,21,31],"tags":[],"class_list":["post-32022","post","type-post","status-publish","format-standard","has-post-thumbnail","hentry","category-destacadas","category-elecciones","category-entradas","category-especiales","category-estados","category-municipios","category-oaxaca-estados","category-politica-y-gobierno","category-principal"],"jetpack_featured_media_url":"http:\/\/www.eloriente.net\/home\/wp-content\/uploads\/2014\/09\/Captura-de-pantalla-2014-09-08-a-las-11.21.22.png","jetpack_sharing_enabled":true,"_links":{"self":[{"href":"http:\/\/www.eloriente.net\/home\/wp-json\/wp\/v2\/posts\/32022"}],"collection":[{"href":"http:\/\/www.eloriente.net\/home\/wp-json\/wp\/v2\/posts"}],"about":[{"href":"http:\/\/www.eloriente.net\/home\/wp-json\/wp\/v2\/types\/post"}],"author":[{"embeddable":true,"href":"http:\/\/www.eloriente.net\/home\/wp-json\/wp\/v2\/users\/1"}],"replies":[{"embeddable":true,"href":"http:\/\/www.eloriente.net\/home\/wp-json\/wp\/v2\/comments?post=32022"}],"version-history":[{"count":3,"href":"http:\/\/www.eloriente.net\/home\/wp-json\/wp\/v2\/posts\/32022\/revisions"}],"predecessor-version":[{"id":32062,"href":"http:\/\/www.eloriente.net\/home\/wp-json\/wp\/v2\/posts\/32022\/revisions\/32062"}],"wp:featuredmedia":[{"embeddable":true,"href":"http:\/\/www.eloriente.net\/home\/wp-json\/wp\/v2\/media\/32028"}],"wp:attachment":[{"href":"http:\/\/www.eloriente.net\/home\/wp-json\/wp\/v2\/media?parent=32022"}],"wp:term":[{"taxonomy":"category","embeddable":true,"href":"http:\/\/www.eloriente.net\/home\/wp-json\/wp\/v2\/categories?post=32022"},{"taxonomy":"post_tag","embeddable":true,"href":"http:\/\/www.eloriente.net\/home\/wp-json\/wp\/v2\/tags?post=32022"}],"curies":[{"name":"wp","href":"https:\/\/api.w.org\/{rel}","templated":true}]}}