{"id":32038,"date":"2014-09-08T11:18:03","date_gmt":"2014-09-08T17:18:03","guid":{"rendered":"http:\/\/www.eloriente.net\/home\/?p=32038"},"modified":"2014-09-08T11:18:03","modified_gmt":"2014-09-08T17:18:03","slug":"8-de-septiembre-dia-internacional-de-la-alfabetizacion","status":"publish","type":"post","link":"http:\/\/www.eloriente.net\/home\/2014\/09\/08\/8-de-septiembre-dia-internacional-de-la-alfabetizacion\/","title":{"rendered":"8 de septiembre &#8211; D\u00eda Internacional de la Alfabetizaci\u00f3n"},"content":{"rendered":"<p>eloriente.net \/\u00a0<a href=\"http:\/\/www.ciedd.oaxaca.gob.mx\/\" target=\"_blank\">CIEDD<\/a><\/p>\n<p>8\/septiembre\/2014<\/p>\n<p>Desde 1967, la ONU y la UNESCO establecieron el 8 de Septiembre como el D\u00eda Internacional de la Alfabetizaci\u00f3n.<\/p>\n<p>La alfabetizaci\u00f3n es uno de los elementos fundamentales para promover el desarrollo sostenible, en la medida en que dota a las personas de autonom\u00eda para tomar las decisiones correctas en los \u00e1mbitos del crecimiento econ\u00f3mico, el desarrollo social y la integraci\u00f3n medioambiental. La alfabetizaci\u00f3n es la base del aprendizaje a lo largo de toda la vida y desempe\u00f1a una funci\u00f3n esencial en la creaci\u00f3n de sociedades sostenibles, pr\u00f3speras y pac\u00edficas.<\/p>\n<p>Las competencias de lectura, escritura y aritm\u00e9tica que se adquieren a lo largo de la vida, desde las nociones elementales hasta el nivel m\u00e1s avanzado, forman parte de un conjunto m\u00e1s amplio de capacidades necesarias para desarrollar el pensamiento cr\u00edtico, el sentido de la responsabilidad, la participaci\u00f3n c\u00edvica, el consumo y los estilos de vida sostenibles, las conductas ecol\u00f3gicas, la protecci\u00f3n de la biodiversidad y la reducci\u00f3n de la pobreza y del riesgo de desastres.<\/p>\n<p>El tema del D\u00eda Internacional de la Alfabetizaci\u00f3n 2014 es \u201cAlfabetizaci\u00f3n para el desarrollo sostenible\u201d.<\/p>\n<p><strong>Comparativo nacional y estatal<\/strong><\/p>\n<p>En el pa\u00eds, los datos censales muestran que del a\u00f1o 2000 a 2010, el porcentaje de poblaci\u00f3n de 15 a\u00f1os y m\u00e1s alfabetizado mantiene un crecimiento sostenido; sin embargo, la tasa de alfabetizaci\u00f3n del periodo 2005-2010 sufre un ligero decremento (0.1%) respecto al crecimiento registrado en el periodo 2000-2005.<\/p>\n<p>Por lo que respecta al estado de Oaxaca, tambi\u00e9n mantiene un crecimiento sostenido del porcentaje de poblaci\u00f3n alfabetizada; a diferencia del \u00e1mbito nacional, en el periodo 2005-2010 hay un incremento mayor al registrado en el periodo 2000-2005.<\/p>\n<p>As\u00ed tambi\u00e9n, para la entidad existe un rezago de 9.3 puntos porcentuales respecto a la poblaci\u00f3n total de 15 a\u00f1os y m\u00e1s alfabetizada en el pa\u00eds.<\/p>\n<p><a href=\"http:\/\/www.eloriente.net\/home\/wp-content\/uploads\/2014\/09\/Gr\u00e1fico-1.jpg\"><img loading=\"lazy\" decoding=\"async\" class=\"alignnone size-full wp-image-32042\" title=\"Gr\u00e1fico 1\" src=\"http:\/\/www.eloriente.net\/home\/wp-content\/uploads\/2014\/09\/Gr\u00e1fico-1.jpg\" alt=\"\" width=\"894\" height=\"588\" srcset=\"http:\/\/www.eloriente.net\/home\/wp-content\/uploads\/2014\/09\/Gr\u00e1fico-1.jpg 894w, http:\/\/www.eloriente.net\/home\/wp-content\/uploads\/2014\/09\/Gr\u00e1fico-1-300x197.jpg 300w\" sizes=\"(max-width: 894px) 100vw, 894px\" \/><\/a><\/p>\n<p><a href=\"http:\/\/www.eloriente.net\/home\/wp-content\/uploads\/2014\/09\/Gr\u00e1fico-2.jpg\"><img loading=\"lazy\" decoding=\"async\" class=\"alignnone size-full wp-image-32041\" title=\"Gr\u00e1fico 2\" src=\"http:\/\/www.eloriente.net\/home\/wp-content\/uploads\/2014\/09\/Gr\u00e1fico-2.jpg\" alt=\"\" width=\"884\" height=\"815\" srcset=\"http:\/\/www.eloriente.net\/home\/wp-content\/uploads\/2014\/09\/Gr\u00e1fico-2.jpg 884w, http:\/\/www.eloriente.net\/home\/wp-content\/uploads\/2014\/09\/Gr\u00e1fico-2-300x276.jpg 300w\" sizes=\"(max-width: 884px) 100vw, 884px\" \/><\/a><\/p>\n<p>ELORIENTE.NET pone a tu disposici\u00f3n el informe completo:<\/p>\n<p><iframe loading=\"lazy\" src=\"\/\/e.issuu.com\/embed.html#5422719\/9232462\" frameborder=\"0\" width=\"525\" height=\"350\"><\/iframe><\/p>\n<p><a href=\"http:\/\/www.eloriente.net\/home\/wp-content\/uploads\/2014\/09\/Alfabetizaci\u00f3n.jpg\"><img loading=\"lazy\" decoding=\"async\" class=\"alignnone size-medium wp-image-32043\" title=\"Alfabetizaci\u00f3n\" src=\"http:\/\/www.eloriente.net\/home\/wp-content\/uploads\/2014\/09\/Alfabetizaci\u00f3n-300x224.jpg\" alt=\"\" width=\"300\" height=\"224\" srcset=\"http:\/\/www.eloriente.net\/home\/wp-content\/uploads\/2014\/09\/Alfabetizaci\u00f3n-300x224.jpg 300w, http:\/\/www.eloriente.net\/home\/wp-content\/uploads\/2014\/09\/Alfabetizaci\u00f3n.jpg 723w\" sizes=\"(max-width: 300px) 100vw, 300px\" \/><\/a><\/p>\n<p>Foto: CIEDD<\/p>\n<p>Entradas relacionadas:<\/p>\n<p><a title=\"Permalink to La historia de la palabra escrita es la historia de la humanidad: Irina Bokova\" href=\"http:\/\/www.eloriente.net\/home\/2014\/04\/23\/la-historia-de-la-palabra-escrita-es-la-historia-de-la-humanidad-irina-bokova\/\" rel=\"bookmark\">La historia de la palabra escrita es la historia de la humanidad: Irina Bokova<\/a><\/p>\n<p><a href=\"http:\/\/www.eloriente.net\/home\/2014\/04\/23\/la-historia-de-la-palabra-escrita-es-la-historia-de-la-humanidad-irina-bokova\/\" rel=\"bookmark\"><img decoding=\"async\" title=\"La historia de la palabra escrita es la historia de la humanidad: Irina Bokova\" src=\"http:\/\/www.eloriente.net\/home\/wp-content\/themes\/city-desk\/timthumb.php?src=http%3A%2F%2Fwww.eloriente.net%2Fhome%2Fwp-content%2Fuploads%2F2014%2F04%2FLibros-Por-jorgemejia.jpg&amp;q=90&amp;w=160&amp;h=106&amp;zc=1\" alt=\"La historia de la palabra escrita es la historia de la humanidad: Irina Bokova\" \/><\/a><\/p>\n<p>eloriente.net\/UNESCO 23 de abril de 2014 ELORIENTE.NET pone a tu alcance el mensaje \u00edntegro de Irina Bokova, directora general de la\u00a0Organizaci\u00f3n de las Naciones Unidas para la Educaci\u00f3n, la Ciencia y la Cultura (UNESCO, por sus siglas en ingl\u00e9s), con motivo\u00a0del D\u00eda Mundial del Libro y del Derecho de Autor. Deseamos lo disfrutes: \u201cLa historia [&#8230;]<\/p>\n<p>April 23, 2014<\/p>\n<div id=\"post-20789\">\n<p><a title=\"Permalink to 250 millones de ni\u00f1os no est\u00e1n adquiriendo conocimientos b\u00e1sicos: UNESCO\" href=\"http:\/\/www.eloriente.net\/home\/2014\/02\/11\/250-millones-de-ninos-no-estan-adquiriendo-conocimientos-basicos-unesco\/\" rel=\"bookmark\">250 millones de ni\u00f1os no est\u00e1n adquiriendo conocimientos b\u00e1sicos: UNESCO<\/a><\/p>\n<p><a href=\"http:\/\/www.eloriente.net\/home\/2014\/02\/11\/250-millones-de-ninos-no-estan-adquiriendo-conocimientos-basicos-unesco\/\" rel=\"bookmark\"><img decoding=\"async\" title=\"250 millones de ni\u00f1os no est\u00e1n adquiriendo conocimientos b\u00e1sicos: UNESCO\" src=\"http:\/\/www.eloriente.net\/home\/wp-content\/themes\/city-desk\/timthumb.php?src=http%3A%2F%2Fwww.eloriente.net%2Fhome%2Fwp-content%2Fuploads%2F2014%2F02%2Feducaci%C3%B3n.jpg&amp;q=90&amp;w=160&amp;h=106&amp;zc=1\" alt=\"250 millones de ni\u00f1os no est\u00e1n adquiriendo conocimientos b\u00e1sicos: UNESCO\" \/><\/a><\/p>\n<p>eloriente.net 11 de febrero de 2014 Se estima que 250 millones de ni\u00f1os no est\u00e1n adquiriendo conocimientos b\u00e1sicos en el mundo, declar\u00f3 la Organizaci\u00f3n de las Naciones Unidas para la Educaci\u00f3n, la Ciencia y la Cultura (UNESCO por sus siglas en ingl\u00e9s) al presentar el informe 2013-2014 del seguimiento del programa \u2018Educaci\u00f3n para Todos\u2019 (EPT) [&#8230;]<\/p>\n<p>February 11, 2014<\/p>\n<\/div>\n<div id=\"post-17544\">\n<p><a title=\"Permalink to 20-22\/Nov\/13 9:30 En Vivo: Seminario Leer en la Universidad desde IIBI-UNAM\" href=\"http:\/\/www.eloriente.net\/home\/2013\/11\/20\/20-22nov13-930-en-vivo-seminario-leer-en-la-universidad-desde-iibi-unam\/\" rel=\"bookmark\">20-22\/Nov\/13 9:30 En Vivo: Seminario Leer en la Universidad desde IIBI-UNAM<\/a><\/p>\n<p><a href=\"http:\/\/www.eloriente.net\/home\/2013\/11\/20\/20-22nov13-930-en-vivo-seminario-leer-en-la-universidad-desde-iibi-unam\/\" rel=\"bookmark\"><img decoding=\"async\" title=\"20-22\/Nov\/13 9:30 En Vivo: Seminario Leer en la Universidad desde IIBI-UNAM\" src=\"http:\/\/www.eloriente.net\/home\/wp-content\/themes\/city-desk\/timthumb.php?src=http%3A%2F%2Fwww.eloriente.net%2Fhome%2Fwp-content%2Fuploads%2F2013%2F11%2Fcartel_seminario_leer_en_la_universidad.jpg&amp;q=90&amp;w=160&amp;h=106&amp;zc=1\" alt=\"20-22\/Nov\/13 9:30 En Vivo: Seminario Leer en la Universidad desde IIBI-UNAM\" \/><\/a><\/p>\n<p>eloriente.net\/Instituto de Investigaciones Bibliotecol\u00f3gicas y de la Informaci\u00f3n (IIBI) 20 de noviembre de 2013 ELORIENTE.NET enlaza la se\u00f1al en vivo de un Seminario de primera importancia para el pa\u00eds, pues pretende discutir los desaf\u00edos de la educaci\u00f3n superior en particular en la formaci\u00f3n y promoci\u00f3n de la lectura y la alfabetizaci\u00f3n informacional. Los d\u00edas de [&#8230;]<\/p>\n<p>November 20, 2013<\/p>\n<\/div>\n\n\t\t\t  <div \n\t\t\t  \tclass = \"fb-comments\" \n\t\t\t  \tdata-href = \"http:\/\/www.eloriente.net\/home\/2014\/09\/08\/8-de-septiembre-dia-internacional-de-la-alfabetizacion\/\"\n\t\t\t  \tdata-numposts = \"10\"\n\t\t\t\tdata-colorscheme = \"dark\"\n\t\t\t\tdata-order-by = \"social\"\n\t\t\t\tdata-mobile=true>\n\t\t\t  <\/div>\n\t\t  <style>\n\t\t\t.fb_iframe_widget_fluid_desktop iframe {\n\t\t\t    width: 100% !important;\n\t\t\t}\n\t\t  <\/style>\n\t\t  ","protected":false},"excerpt":{"rendered":"<p>eloriente.net \/\u00a0CIEDD 8\/septiembre\/2014 Desde 1967, la ONU y la UNESCO establecieron el 8 de Septiembre como el D\u00eda Internacional de la Alfabetizaci\u00f3n. La alfabetizaci\u00f3n es uno de los elementos fundamentales para promover el desarrollo sostenible, en la medida en que dota a las personas de autonom\u00eda para tomar las decisiones correctas en los \u00e1mbitos del [&hellip;]<\/p>\n","protected":false},"author":1,"featured_media":32043,"comment_status":"open","ping_status":"open","sticky":false,"template":"","format":"standard","meta":{"_jetpack_memberships_contains_paid_content":false,"footnotes":""},"categories":[18,32,63,35,10,464],"tags":[2588],"class_list":["post-32038","post","type-post","status-publish","format-standard","has-post-thumbnail","hentry","category-educacion-y-cultura","category-entradas","category-estados","category-secciones-oriente","category-lo-mas-reciente","category-oaxaca-estados","tag-ciedd"],"jetpack_featured_media_url":"http:\/\/www.eloriente.net\/home\/wp-content\/uploads\/2014\/09\/Alfabetizaci\u00f3n.jpg","jetpack_sharing_enabled":true,"_links":{"self":[{"href":"http:\/\/www.eloriente.net\/home\/wp-json\/wp\/v2\/posts\/32038"}],"collection":[{"href":"http:\/\/www.eloriente.net\/home\/wp-json\/wp\/v2\/posts"}],"about":[{"href":"http:\/\/www.eloriente.net\/home\/wp-json\/wp\/v2\/types\/post"}],"author":[{"embeddable":true,"href":"http:\/\/www.eloriente.net\/home\/wp-json\/wp\/v2\/users\/1"}],"replies":[{"embeddable":true,"href":"http:\/\/www.eloriente.net\/home\/wp-json\/wp\/v2\/comments?post=32038"}],"version-history":[{"count":1,"href":"http:\/\/www.eloriente.net\/home\/wp-json\/wp\/v2\/posts\/32038\/revisions"}],"predecessor-version":[{"id":32044,"href":"http:\/\/www.eloriente.net\/home\/wp-json\/wp\/v2\/posts\/32038\/revisions\/32044"}],"wp:featuredmedia":[{"embeddable":true,"href":"http:\/\/www.eloriente.net\/home\/wp-json\/wp\/v2\/media\/32043"}],"wp:attachment":[{"href":"http:\/\/www.eloriente.net\/home\/wp-json\/wp\/v2\/media?parent=32038"}],"wp:term":[{"taxonomy":"category","embeddable":true,"href":"http:\/\/www.eloriente.net\/home\/wp-json\/wp\/v2\/categories?post=32038"},{"taxonomy":"post_tag","embeddable":true,"href":"http:\/\/www.eloriente.net\/home\/wp-json\/wp\/v2\/tags?post=32038"}],"curies":[{"name":"wp","href":"https:\/\/api.w.org\/{rel}","templated":true}]}}