{"id":32047,"date":"2014-09-08T11:33:54","date_gmt":"2014-09-08T17:33:54","guid":{"rendered":"http:\/\/www.eloriente.net\/home\/?p=32047"},"modified":"2014-09-08T12:32:18","modified_gmt":"2014-09-08T18:32:18","slug":"conflicto-educativo-en-oaxaca-bumerang-para-epn","status":"publish","type":"post","link":"http:\/\/www.eloriente.net\/home\/2014\/09\/08\/conflicto-educativo-en-oaxaca-bumerang-para-epn\/","title":{"rendered":"Conflicto educativo en Oaxaca: bumerang para EPN"},"content":{"rendered":"<p>eloriente.net<\/p>\n<p>8\/septiembre\/2014<\/p>\n<p>D\u00e9ficit financiero, \u201cpapa caliente\u201d para SEP en 2015<\/p>\n<p>El jueves pasado el gobierno del estado public\u00f3 un inusual comunicado en el que repasaba las circunstancias en que se dio el proceso de rezonificaci\u00f3n salarial de los trabajadores de la educaci\u00f3n en Oaxaca y, disimuladamente, le \u201canunciaba\u201d al gobierno federal el d\u00e9ficit y los problemas financieros que habr\u00e1 de enfrentar la Secretar\u00eda de Educaci\u00f3n P\u00fablica a partir de enero de 2015, con la recentralizaci\u00f3n del manejo administrativo de la n\u00f3mina educativa.<\/p>\n<p>En efecto, en la visi\u00f3n simplista del largo conflicto educativo de Oaxaca, y de la situaci\u00f3n que enfrenta hoy el gobierno de Oaxaca frente a las presiones de la Secci\u00f3n 22 del SNTE, casi siempre se omiten detalles que son fundamentales para comprender la realidad actual. Una de esas circunstancias, que hoy parece en el caj\u00f3n del olvido, es la relacionada a la negociaci\u00f3n que en 2006 emprendi\u00f3 el gobierno federal con la Secci\u00f3n 22, en el marco de la revuelta magisterial que entonces ocurr\u00eda en la capital del estado. Ah\u00ed se encuentra una de las razones claves de la beligerancia magisterial actual. \u00bfPor qu\u00e9?<\/p>\n<p>Porque uno de los temas que encendi\u00f3 la furia de los profesores (y fue gasolina para la revuelta social) fue la decisi\u00f3n del entonces gobernador, Ulises Ruiz, de retomar el control administrativo del IEEPO. Como bien se recordar\u00e1, producto del convenio de descentralizaci\u00f3n educativa firmado en 1992, el gobernador Heladio Ram\u00edrez hab\u00eda fijado nuevas reglas para la administraci\u00f3n de la educaci\u00f3n en el estado, dentro de las cuales se estableci\u00f3 que ser\u00eda la Secci\u00f3n 22 quien nombrar\u00eda a toda la estructura administrativa del nuevo instituto educativo, con excepci\u00f3n del director general, que ser\u00eda el \u00fanico nombrado por el Ejecutivo estatal sin consenso con el sindicato magisterial.<\/p>\n<p>Ruiz fue presa de esa regla, y por eso cuando decidi\u00f3 la embestida en contra de los profesores en 2006, uno de los aspectos clave que decidi\u00f3 tocar para minar su influencia, fue el de eliminar a todos los integrantes de la Secci\u00f3n 22 que eran parte del cuerpo directivo del IEEPO. Esa fue una de las decisiones que m\u00e1s doli\u00f3 a la Asamblea de la Secci\u00f3n 22, porque si hubo un factor decisivo para mantener la disciplina de todos los miembros de la 22, \u00e9ste era la capacidad que ten\u00eda el propio sindicato de coaccionar administrativamente a los integrantes del sindicato que no cumplieran con las tareas que ordenara el Comit\u00e9 Ejecutivo de la Secci\u00f3n 22. Por eso, la 22 al perder presencia en los cuadros directivos del IEEPO, tambi\u00e9n perd\u00eda mucha de su capacidad de control al interior de sus bases.<\/p>\n<p>Fue por eso que cuando la 22 fue llamada a negociar en la Ciudad de M\u00e9xico directamente con la Secretar\u00eda de Gobernaci\u00f3n \u2014una vez que la 22 hab\u00eda desconocido totalmente a la administraci\u00f3n estatal como interlocutor\u2014, la asamblea decidi\u00f3 que dos ser\u00edan los temas base de la negociaci\u00f3n: uno ser\u00eda el conseguir que toda la estructura administrativa que exist\u00eda en el IEEPO, como espacios del sindicato, fuera reinstalada en las funciones que ven\u00eda desempe\u00f1ando hasta antes de la crisis magisterial de ese a\u00f1o, y dos, que se llevara a cabo el proceso de rezonificaci\u00f3n salarial de los m\u00e1s de 70 mil trabajadores de la educaci\u00f3n en el estado, lo cual les garantizar\u00eda las mejoras salariales que el gobernador Ruiz se hab\u00eda negado a darles en los meses previos, por tener un costo global de m\u00e1s de 41 mil millones de pesos que el gobierno estatal no ten\u00eda capacidad de destinar para ese proceso.<\/p>\n<p>Por eso, a pesar de que la 22 no consigui\u00f3 ni la salida de Ulises Ruiz del gobierno estatal, ni la desaparici\u00f3n de poderes, curiosamente decidi\u00f3 regresar a las aulas. Pues aunque no hab\u00eda conseguido sus objetivos pol\u00edticos, \u00e9stos se convertir\u00edan en la justificaci\u00f3n permanente de todas sus movilizaciones y acciones de lucha en los a\u00f1os siguientes. Y al margen de eso, sab\u00edan que hab\u00edan conseguido mucho m\u00e1s que todos los dem\u00e1s actores participantes en el conflicto de aquel a\u00f1o.<br \/>\nLo que nadie previ\u00f3 es que al final privar\u00eda el olvido institucional del gobierno federal por los compromisos que asumi\u00f3 con la Secci\u00f3n 22 para desactivar sus protestas, y que hoy todo eso fuera parte de un pasivo que, como bumerang, le est\u00e1 regresando al gobierno federal para que los asuma.<\/p>\n<p>IEEPO: BOMBA DE TIEMPO<\/p>\n<p>En el comunicado al que hacemos alusi\u00f3n (que puede ser le\u00eddo \u00edntegramente <a href=\"http:\/\/oaxaca.quadratin.com.mx\/?p=331919\">en este enlace<\/a>), el gobierno de Oaxaca muy comedidamente le enlista a la federaci\u00f3n los problemas que se llevar\u00e1 a partir del 1 de enero del pr\u00f3ximo a\u00f1o. Son los siguientes:<\/p>\n<p>1.-Prestaciones en d\u00edas (70 d\u00edas) y plazas fuera de presupuesto, derivadas de negociaciones salariales de gobiernos anteriores (1995-2007): lo cual equivale a 3.4 mil millones de pesos anuales.<br \/>\n2.- Proceso de Rezonificaci\u00f3n 2006-2012.- El costo de la transferencia de los trabajadores de la educaci\u00f3n de la zona econ\u00f3mica II a la zona econ\u00f3mica III, s\u00f3lo se cubre en su totalidad por la federaci\u00f3n en el cinco por ciento de las plazas; por el 95 por ciento de plazas restantes se recibe una compensaci\u00f3n. Lo anterior conlleva a una insuficiencia presupuestal, conciliada con la SEP de: 2.1 mil millones de pesos.<br \/>\n3.- Distribuci\u00f3n de los recursos del Fondo de Aportaciones a la Educaci\u00f3n B\u00e1sica (FAEB).- A partir de 2008 se recibe del FAEB \u00fanicamente el presupuesto programado en el ejercicio anterior, m\u00e1s el incremento inflacionario estimado; esto implica que los incrementos anuales en sueldos y salarios no sean regularizados. Este criterio de asignaci\u00f3n de recursos redujo el presupuesto del IEEPO en: 3.0 mil millones de pesos en el periodo 2008-2012. Con la publicaci\u00f3n de la nueva Ley de Coordinaci\u00f3n Fiscal, el gobierno federal crea el Fondo de Aportaciones de Nomina Educativa y Gasto Operativo (FONE) y desaparece el FAEB, y re-centraliza el pago de la n\u00f3mina educativa a partir del 1 de enero de 2015.<\/p>\n<p>OCHO MIL MILLONES<\/p>\n<p>Si hacemos operaciones aritm\u00e9ticas simples respecto a los montos que constituyen el d\u00e9ficit actual del IEEPO, llegaremos a la conclusi\u00f3n de que su monto real es de m\u00e1s de ocho mil millones de pesos. Esta suma millonaria \u2014unas tres cuartas partes del presupuesto educativo anual de Oaxaca, que es de unos 14 mil millones de pesos\u2014 no se gener\u00f3 de la noche a la ma\u00f1ana. \u00bfPor qu\u00e9 nunca asumi\u00f3 la federaci\u00f3n su responsabilidad de parar esta loca carrera de chantajes? A la federaci\u00f3n le gan\u00f3 la visi\u00f3n facciosa de corto plazo. Y ahora tendr\u00e1n de nuevo este problema en sus manos.<\/p>\n<p><a href=\"http:\/\/www.eloriente.net\/home\/wp-content\/uploads\/2013\/02\/Algunos-derechos-reservados-por-alviseni-dinero.jpg\"><img loading=\"lazy\" decoding=\"async\" class=\"alignnone size-medium wp-image-8287\" src=\"http:\/\/www.eloriente.net\/home\/wp-content\/uploads\/2013\/02\/Algunos-derechos-reservados-por-alviseni-dinero-300x199.jpg\" alt=\"\" width=\"300\" height=\"199\" srcset=\"http:\/\/www.eloriente.net\/home\/wp-content\/uploads\/2013\/02\/Algunos-derechos-reservados-por-alviseni-dinero-300x199.jpg 300w, http:\/\/www.eloriente.net\/home\/wp-content\/uploads\/2013\/02\/Algunos-derechos-reservados-por-alviseni-dinero.jpg 640w\" sizes=\"(max-width: 300px) 100vw, 300px\" \/><\/a><\/p>\n<p>Imagen: Archivo ELORIENTE.NET<\/p>\n<p><strong>Entradas relacionadas:<\/strong><\/p>\n<p><a title=\"Permalink to Un Estado d\u00e9bil: Oaxaca es la muestra\" href=\"http:\/\/www.eloriente.net\/home\/2014\/09\/05\/un-estado-debil-oaxaca-es-la-muestra\/\" rel=\"bookmark\">Un Estado d\u00e9bil: Oaxaca es la muestra<\/a><\/p>\n<p><a href=\"http:\/\/www.eloriente.net\/home\/2014\/09\/05\/un-estado-debil-oaxaca-es-la-muestra\/\" rel=\"bookmark\"><img decoding=\"async\" src=\"http:\/\/www.eloriente.net\/home\/wp-content\/themes\/city-desk\/timthumb.php?src=http%3A%2F%2Fwww.eloriente.net%2Fhome%2Fwp-content%2Fuploads%2F2014%2F08%2Fz%C3%B3calo-Oaxaca.jpg&amp;q=90&amp;w=160&amp;h=106&amp;zc=1\" alt=\"Un Estado d\u00e9bil: Oaxaca es la muestra\" \/><\/a><\/p>\n<p>eloriente.net 5\/septiembre\/2014 Por\u00a0Adri\u00e1n Ort\u00edz Romero Presi\u00f3n magisterial, freno a democracia Sostenidamente, el gobierno y el Congreso de Oaxaca hacen dos aseveraciones respecto a su supuesta independencia de los poderes f\u00e1cticos: por un lado dicen que ninguna presi\u00f3n ejercida desde la sociedad es determinante para la toma de decisiones, y por el otro sostienen que el [&#8230;]<\/p>\n<p>September 5, 2014<\/p>\n<div>\n<p><a title=\"Permalink to \u00bfDe verdad querr\u00edamos de nuevo a PF en Oaxaca?\" href=\"http:\/\/www.eloriente.net\/home\/2014\/09\/03\/de-verdad-querriamos-de-nuevo-a-pf-en-oaxaca\/\" rel=\"bookmark\">\u00bfDe verdad querr\u00edamos de nuevo a PF en Oaxaca?<\/a><\/p>\n<p><a href=\"http:\/\/www.eloriente.net\/home\/2014\/09\/03\/de-verdad-querriamos-de-nuevo-a-pf-en-oaxaca\/\" rel=\"bookmark\"><img decoding=\"async\" src=\"http:\/\/www.eloriente.net\/home\/wp-content\/themes\/city-desk\/timthumb.php?src=http%3A%2F%2Fwww.eloriente.net%2Fhome%2Fwp-content%2Fuploads%2F2014%2F06%2FPolic%C3%ADa-Por-GobOax.jpg&amp;q=90&amp;w=160&amp;h=106&amp;zc=1\" alt=\"\u00bfDe verdad querr\u00edamos de nuevo a PF en Oaxaca?\" \/><\/a><\/p>\n<p>eloriente.net 3\/septiembre\/2014 Escenario infundado: EPN, sin prisa por la entidad Ayer por la ma\u00f1ana, de paso, arrib\u00f3 a la capital oaxaque\u00f1a un convoy de la nueva Gendarmer\u00eda Nacional. De inmediato se formularon versiones que, en un tono irresponsable y poco anal\u00edtico, apuntaban a que los elementos federales hab\u00edan sido mandados a la ciudad para restablecer [&#8230;]<\/p>\n<p>September 3, 2014<\/p>\n<\/div>\n<div>\n<p><a title=\"Permalink to Desorden: \u00bfc\u00f3mo no creer que no hay legalidad?\" href=\"http:\/\/www.eloriente.net\/home\/2014\/09\/01\/desorden-como-no-creer-que-no-hay-legalidad\/\" rel=\"bookmark\">Desorden: \u00bfc\u00f3mo no creer que no hay legalidad?<\/a><\/p>\n<p><a href=\"http:\/\/www.eloriente.net\/home\/2014\/09\/01\/desorden-como-no-creer-que-no-hay-legalidad\/\" rel=\"bookmark\"><img decoding=\"async\" src=\"http:\/\/www.eloriente.net\/home\/wp-content\/themes\/city-desk\/timthumb.php?src=http%3A%2F%2Fwww.eloriente.net%2Fhome%2Fwp-content%2Fuploads%2F2014%2F07%2FMaestros-Por-Secci%C3%B3n-22.jpg&amp;q=90&amp;w=160&amp;h=106&amp;zc=1\" alt=\"Desorden: \u00bfc\u00f3mo no creer que no hay legalidad?\" \/><\/a><\/p>\n<p>eloriente.net 1\/septiembre\/2014 Presi\u00f3n, institucionalizada; lucha social, en pleno En las \u00faltimas semanas hemos visto c\u00f3mo en Oaxaca la legalidad se ha relajado hasta l\u00edmites insospechados. No es la primera vez que la autoridad estatal se queda arrinconada ante los grupos que organizadamente protestan y, rompiendo el orden, exigen respuesta a demandas que no siempre son [&#8230;]<\/p>\n<p>September 1, 2014<\/p>\n<\/div>\n\n\t\t\t  <div \n\t\t\t  \tclass = \"fb-comments\" \n\t\t\t  \tdata-href = \"http:\/\/www.eloriente.net\/home\/2014\/09\/08\/conflicto-educativo-en-oaxaca-bumerang-para-epn\/\"\n\t\t\t  \tdata-numposts = \"10\"\n\t\t\t\tdata-colorscheme = \"dark\"\n\t\t\t\tdata-order-by = \"social\"\n\t\t\t\tdata-mobile=true>\n\t\t\t  <\/div>\n\t\t  <style>\n\t\t\t.fb_iframe_widget_fluid_desktop iframe {\n\t\t\t    width: 100% !important;\n\t\t\t}\n\t\t  <\/style>\n\t\t  ","protected":false},"excerpt":{"rendered":"<p>eloriente.net 8\/septiembre\/2014 D\u00e9ficit financiero, \u201cpapa caliente\u201d para SEP en 2015 El jueves pasado el gobierno del estado public\u00f3 un inusual comunicado en el que repasaba las circunstancias en que se dio el proceso de rezonificaci\u00f3n salarial de los trabajadores de la educaci\u00f3n en Oaxaca y, disimuladamente, le \u201canunciaba\u201d al gobierno federal el d\u00e9ficit y los [&hellip;]<\/p>\n","protected":false},"author":2,"featured_media":8287,"comment_status":"open","ping_status":"open","sticky":false,"template":"","format":"standard","meta":{"_jetpack_memberships_contains_paid_content":false,"footnotes":""},"categories":[38,11,32,10,21],"tags":[4082,1717],"class_list":["post-32047","post","type-post","status-publish","format-standard","has-post-thumbnail","hentry","category-adrian-ortiz-romero","category-colaboradores","category-entradas","category-lo-mas-reciente","category-politica-y-gobierno","tag-lunesdepolitica","tag-adrian-ortiz-romero-2"],"jetpack_featured_media_url":"http:\/\/www.eloriente.net\/home\/wp-content\/uploads\/2013\/02\/Algunos-derechos-reservados-por-alviseni-dinero.jpg","jetpack_sharing_enabled":true,"_links":{"self":[{"href":"http:\/\/www.eloriente.net\/home\/wp-json\/wp\/v2\/posts\/32047"}],"collection":[{"href":"http:\/\/www.eloriente.net\/home\/wp-json\/wp\/v2\/posts"}],"about":[{"href":"http:\/\/www.eloriente.net\/home\/wp-json\/wp\/v2\/types\/post"}],"author":[{"embeddable":true,"href":"http:\/\/www.eloriente.net\/home\/wp-json\/wp\/v2\/users\/2"}],"replies":[{"embeddable":true,"href":"http:\/\/www.eloriente.net\/home\/wp-json\/wp\/v2\/comments?post=32047"}],"version-history":[{"count":3,"href":"http:\/\/www.eloriente.net\/home\/wp-json\/wp\/v2\/posts\/32047\/revisions"}],"predecessor-version":[{"id":32055,"href":"http:\/\/www.eloriente.net\/home\/wp-json\/wp\/v2\/posts\/32047\/revisions\/32055"}],"wp:featuredmedia":[{"embeddable":true,"href":"http:\/\/www.eloriente.net\/home\/wp-json\/wp\/v2\/media\/8287"}],"wp:attachment":[{"href":"http:\/\/www.eloriente.net\/home\/wp-json\/wp\/v2\/media?parent=32047"}],"wp:term":[{"taxonomy":"category","embeddable":true,"href":"http:\/\/www.eloriente.net\/home\/wp-json\/wp\/v2\/categories?post=32047"},{"taxonomy":"post_tag","embeddable":true,"href":"http:\/\/www.eloriente.net\/home\/wp-json\/wp\/v2\/tags?post=32047"}],"curies":[{"name":"wp","href":"https:\/\/api.w.org\/{rel}","templated":true}]}}