{"id":32050,"date":"2014-09-08T12:20:26","date_gmt":"2014-09-08T18:20:26","guid":{"rendered":"http:\/\/www.eloriente.net\/home\/?p=32050"},"modified":"2014-09-09T11:54:05","modified_gmt":"2014-09-09T17:54:05","slug":"la-educacion-en-el-desfiladero-un-articulo-de-samael-hernandez-ruiz","status":"publish","type":"post","link":"http:\/\/www.eloriente.net\/home\/2014\/09\/08\/la-educacion-en-el-desfiladero-un-articulo-de-samael-hernandez-ruiz\/","title":{"rendered":"La educaci\u00f3n en el desfiladero, un art\u00edculo de Samael Hern\u00e1ndez Ruiz"},"content":{"rendered":"<p>eloriente.net<\/p>\n<p>8\/septiembre\/2014<\/p>\n<p style=\"text-align: right;\">Por <a href=\"http:\/\/samaelhernandezruiz.wordpress.com\/author\/samael2012\/\" target=\"_blank\">Samael Hern\u00e1ndez Ruiz<\/a><\/p>\n<p>Se agot\u00f3 el tiempo. Los servicios educativos en Oaxaca podr\u00edan mantener su inercia hacia el declive y es urgente que construyamos\u00a0 una soluci\u00f3n entre todos.<\/p>\n<p>La Secci\u00f3n 22 del SNTE le disputa al gobierno federal la permanencia de sus privilegios; pero tambi\u00e9n, hay que decirlo, la defensa de sus leg\u00edtimos derechos laborales.<\/p>\n<p>Los derechos laborales leg\u00edtimos son aquellos consagrados en la constituci\u00f3n y los que en el ejercicio de lo que establece la ley, fueron negociados y acordados entre las partes y signados como acuerdos. Defiendo la tesis de que esos derechos deben ser respetados de plano y todo lo que atente directa o indirectamente contra ellos debe quedar sin efecto; no as\u00ed el caso de los privilegios que deben ser erradicados porque son contrarios o no tienen sustento en el marco legal, debilitan la vigencia de las instituciones republicanas, afectan la econom\u00eda de los estados y lesionan el derecho a la educaci\u00f3n de los ni\u00f1os y j\u00f3venes.<\/p>\n<p>No obstante, en la pr\u00e1ctica la diferencia entre derechos y privilegios no es muy clara en lo que respecta a la Secci\u00f3n 22. Hay una zona borrosa donde ciertos derechos parecen privilegios y donde algunos privilegios se asumen como derechos. Comprender lo anterior y distinguir con precisi\u00f3n las diferencias, resulta importante si se quiere avanzar en la reforma educativa que propuso el presidente Enrique Pe\u00f1a Nieto y sobre todo garantizar el derecho a la educaci\u00f3n en Oaxaca.<\/p>\n<p>Insisto en poner en el centro el derecho a la educaci\u00f3n, porque es un derecho consagrado por la constituci\u00f3n y porque en los hechos, su violaci\u00f3n implica graves consecuencias como la exclusi\u00f3n, la vulnerabilidad social, el debilitamiento del Estado de Derecho, la econom\u00eda\u00a0 y la soberan\u00eda nacional. Dec\u00eda don Pablo Latap\u00ed que si el gobierno tomara conciencia de la importancia de la educaci\u00f3n, el plan nacional se regir\u00eda por los objetivos en materia educativa y el secretario de educaci\u00f3n ser\u00eda el jefe del gabinete legal. Pero no es as\u00ed.<\/p>\n<p>La reforma educativa del presidente Pe\u00f1a Nieto focaliza de manera especial los procesos de ingreso, permanencia y desarrollo del personal al servicio de la educaci\u00f3n, as\u00ed \u00a0como la asignaci\u00f3n, disponibilidad y aplicaci\u00f3n de los recursos de la naci\u00f3n en el marco\u00a0 normativo vigente. Con esa intencionalidad, la Secretar\u00eda de Hacienda (SHCP) y la de Educaci\u00f3n (SEP), acordaron en febrero de este a\u00f1o (Diario Oficial de la Federaci\u00f3n del 25 de febrero de 2014), el procedimiento mediante el cual se regularizar\u00edan los presupuestos educativos de los estados, y entrar\u00eda entonces en operaci\u00f3n el Fondo de Aportaciones para la N\u00f3mina Educativa y Gasto Operativo (FONE), y el nuevo sistema de administraci\u00f3n de pagos (recomiendo consultar al respecto mi art\u00edculo: Reforma educativa. RENAME, INEGI y otros misterios).<\/p>\n<p>El problema es que dicho procedimiento no permite deslindar los resultados de la corresponsabilidad que existe en materia administrativa en relaci\u00f3n con los recursos de plazas\/horas transferidas desde 1992 a los estados de la rep\u00fablica en el marco del Acuerdo Nacional para la Modernizaci\u00f3n de la Educaci\u00f3n B\u00e1sica (ANMEB). \u00a0Estas corresponsabilidades entre la SEP, la S22 del SNTE y el gobierno del estado, no se pueden tratar adecuadamente mediante el procedimiento establecido por SHCP\/SEP porque las hace borrosas.<\/p>\n<p>La Secci\u00f3n 22 con sus movilizaciones, saltos mortales y actos violentos, trata de esconder la verdadera problem\u00e1tica porque de esta manera oculta su incapacidad como sindicato para hacer frente a la situaci\u00f3n. Sus usos y costumbres como sistema de protesta\u00a0 dejan a la S22 con ese solo recursos: protestar. Por su parte, el gobierno del estado, habiendo desarticulado o neutralizado al cuerpo de expertos en el tema, con los que contaba Oaxaca, no puede construir una propuesta de soluci\u00f3n y se queda viendo c\u00f3mo se magnifica el problema con la esperanza de ganar tiempo para que sea el gobierno federal el que agarre al toro por los cuernos. La SEP pretende echarle tierra al asunto e ignorar su corresponsabilidad en el l\u00edo que representa hoy el Instituto Estatal de Educaci\u00f3n P\u00fablica de Oaxaca (IEEPO), cuyo d\u00e9ficit asciende a m\u00e1s de 7 mil millones de pesos.<\/p>\n<p>En esta situaci\u00f3n se pueden vislumbrar, entre otros, dos escenarios:<\/p>\n<ol>\n<li>Soluci\u00f3n por usos y costumbres priistas.<\/li>\n<\/ol>\n<p>Comentaba en una conferencia que me fue solicitada sobre el tema de la situaci\u00f3n de la educaci\u00f3n en Oaxaca, que el gobierno federal podr\u00eda pactar con la Secci\u00f3n 22 del SNTE la muerte de la reforma educativa en Oaxaca, a condici\u00f3n de que aquella redujera su movilizaci\u00f3n al \u00e1mbito local, dejando a salvo al gobierno federal en la ciudad de M\u00e9xico.; lo anterior, como he dicho, a cambio de no aplicar las medidas de contrataci\u00f3n y evaluaci\u00f3n del personal de los servicios de educaci\u00f3n en Oaxaca y regularizar la n\u00f3mina y con ello absorber el d\u00e9ficit que hoy tiene el IEEPO, que equivale a elevar el presupuesto de educaci\u00f3n de 14,821 millones a 21, 821 millones de pesos; sin que lo anterior repercuta en un mejora de la educaci\u00f3n. Un priista invitado a la conferencia, coment\u00f3: \u201c\u2026 o sea, por usos y costumbres\u201d.<\/p>\n<p>Me pareci\u00f3 un buen nombre para este escenario, que tendr\u00eda como consecuencia tensiones a escala nacional entre el \u00a0SNTE y el gobierno federal, \u00a0mismas \u00a0que podr\u00eda resolverse al estilo de Elba Esther Gordillo, es decir, manteniendo a la CNTE encapsulada y con suficientes recursos.<\/p>\n<p>El incremento del 12.8% \u00a0\u00a0a las n\u00f3minas del SNTE y la CNTE, que se propone en el proyecto de Presupuesto de Egresos del gobierno federal, parece apuntar en ese sentido.Aplicaci\u00f3n de la reforma educativa a secas.<\/p>\n<p>2. \u00a0Aplicaci\u00f3n de la reforma educativa a secas.<\/p>\n<p>Este escenario contempla la aplicaci\u00f3n de los criterios de regularizaci\u00f3n del presupuesto contenidos en el acuerdo SHCP y SEP, de febrero de 2014; lo cual implicar\u00eda una grave afectaci\u00f3n para los trabajadores de la educaci\u00f3n afiliados a la Secci\u00f3n 22 y tambi\u00e9n a un gran n\u00famero de escuelas de los distintos niveles educativos que se quedar\u00edan de pronto, sin maestros. Estamos hablando de una dr\u00e1stica reducci\u00f3n de los ingresos de los trabajadores, p\u00e9rdida de prestaciones, afectaci\u00f3n del servicio educativo y cancelaci\u00f3n de aproximadamente 21 mil plazas\/horas. Este efecto se dar\u00eda a\u00fan con los 17,000 millones que se proponen para Oaxaca en el proyecto de presupuesto de egresos 2015 de la federaci\u00f3n. Lo anterior \u00a0desatar\u00eda una escalada de \u00a0protestas de la S22 que pondr\u00eda a Oaxaca al borde del\u00a0<em>colapso institucional<\/em>. Con una intervenci\u00f3n en\u00e9rgica del gobierno federal, se retornar\u00eda a la paz y el Movimiento Democr\u00e1tico de los Trabajadores de la Educaci\u00f3n de Oaxaca (MDTEO) de la S22, correr\u00eda el riesgo de desaparecer y Oaxaca quedar\u00eda muy lastimada.<\/p>\n<p>Para m\u00ed, ninguno de estos\u00a0 dos escenarios es\u00a0 aceptable. P<em>ropongo una conciliaci\u00f3n y regularizaci\u00f3n presupuestal para Oaxaca centrada en el derecho a la educaci\u00f3n<\/em>, que elimine privilegios; que reconozca corresponsabilidades y derechos y que apunte hacia una mejora sustantiva de los servicios educativos.<\/p>\n<p>Mi propuesta se resumir\u00eda de la siguiente manera:<\/p>\n<ol>\n<li>La creaci\u00f3n del Sistema Nacional de Matr\u00edcula Escolar \u00danica, para integrar calidad con equidad y<em>hacer exigible el derecho a la educaci\u00f3n<\/em>. Oaxaca podr\u00eda convenir con el gobierno federal que la entidad fuera el estado piloto en esta propuesta. Esto permitir\u00eda dar rostro, nombre y apellidos a los sujetos cuyo bien tutela el art\u00edculo 3ro., de la constituci\u00f3n y dar\u00eda un gran impulso a la reforma educativa y a la pol\u00edtica de desarrollo social de los gobiernos federal y estatal.<\/li>\n<li>Tomando como referencia la propuesta anterior, se iniciar\u00eda la revisi\u00f3n del estado que guardan las\u00a0<em>estructuras de personal<\/em>\u00a0de los centros educativos, con el prop\u00f3sito de compensar sus deficiencias y ajustar sus excedentes, para responder a la pol\u00edtica de matr\u00edcula escolar \u00fanica. (Primer paquete de regularizaci\u00f3n)<\/li>\n<li>Realizada la primera conciliaci\u00f3n, el resto de los recursos se evaluar\u00edan por su origen (la aplicaci\u00f3n estar\u00eda cubierta en la fase (2)), regulariz\u00e1ndose aquellas plazas\/horas que derivan de un movimiento de cancelaci\u00f3n-creaci\u00f3n, que es un procedimiento regular pero extraordinario y por los mismo, que puede ser regularizado.<\/li>\n<\/ol>\n<p>Las tres propuestas anteriores, suponen\u00a0 aceptar corresponsabilidades, tanto del gobierno federal, como del estatal y del propio sindicato. A continuaci\u00f3n,<\/p>\n<ol>\n<li>Las plazas\/horas, sin respaldo presupuestal, pero bajo el r\u00e9gimen de honorarios\/contratos, que hayan derivado de necesidades de personal PAAE (Personal de Apoyo y Asistencia a la Educaci\u00f3n), podr\u00edan regularizarse en tanto respondan a demandas documentadas y justificables de los centros de trabajo\u00a0<em>con base en su estructura autorizada.<\/em><\/li>\n<li>Todas las prestaciones derivadas de las negociaciones entre el sindicato y la representaci\u00f3n en Oaxaca de la parte patronal, que no est\u00e9n en el cuadro nacional de prestaciones; pero que cuenten con la documentaci\u00f3n del acto jur\u00eddico que les dio origen, pueden ser regularizables bajo el argumento adicional de que los pagos se han realizado sin interrupci\u00f3n.<\/li>\n<\/ol>\n<p>Debido a los tiempos y a la pr\u00f3xima aprobaci\u00f3n del presupuesto de egresos 2015 del gobierno federal, deber\u00eda crearse un\u00a0<em>fondo compensatorio<\/em>\u00a0para prever la regularizaci\u00f3n del presupuesto educativo del estado de Oaxaca, que no podr\u00eda, seg\u00fan mis estimaciones, quedar resuelto sino hasta terminado el ciclo escolar 2014-2015. Lo anterior dar\u00eda transparencia y certeza al ejercicio del presupuesto regularizado.<\/p>\n<p>En mi opini\u00f3n, debido a la situaci\u00f3n de conflicto que se vive en Oaxaca y a la violaci\u00f3n\u00a0<em>de facto<\/em>del mandato constitucional y sus leyes reglamentarias, regresar a la legalidad y al orden p\u00fablico, implicar\u00e1 tomar medidas como las que he mencionado. S\u00e9 que ser\u00e1 dif\u00edcil construir consensos; t\u00f3mense mis comentarios como una propuesta seria y \u00a0fundada. De no construirse una soluci\u00f3n con corresponsabilidad, nos espera un futuro lamentable que podr\u00eda concretarse en cualquiera de los dos escenarios anteriores. Quienes tengan que decidir, que decidan.<\/p>\n<p><a href=\"http:\/\/www.eloriente.net\/home\/wp-content\/uploads\/2014\/07\/Maestros-Por-Secci\u00f3n-22.jpg\"><img loading=\"lazy\" decoding=\"async\" class=\"alignnone size-medium wp-image-29935\" title=\"Maestros-Por Secci\u00f3n 22\" src=\"http:\/\/www.eloriente.net\/home\/wp-content\/uploads\/2014\/07\/Maestros-Por-Secci\u00f3n-22-300x199.jpg\" alt=\"\" width=\"300\" height=\"199\" srcset=\"http:\/\/www.eloriente.net\/home\/wp-content\/uploads\/2014\/07\/Maestros-Por-Secci\u00f3n-22-300x199.jpg 300w, http:\/\/www.eloriente.net\/home\/wp-content\/uploads\/2014\/07\/Maestros-Por-Secci\u00f3n-22-1024x682.jpg 1024w\" sizes=\"(max-width: 300px) 100vw, 300px\" \/><\/a><\/p>\n<p>Foto: Archivo ELORIENTE.NET<\/p>\n<p><a title=\"Permalink to Conflicto educativo en Oaxaca: bumerang para EPN\" href=\"http:\/\/www.eloriente.net\/home\/2014\/09\/08\/conflicto-educativo-en-oaxaca-bumerang-para-epn\/\" rel=\"bookmark\">Conflicto educativo en Oaxaca: bumerang para EPN<\/a><\/p>\n<p><a href=\"http:\/\/www.eloriente.net\/home\/2014\/09\/08\/conflicto-educativo-en-oaxaca-bumerang-para-epn\/\" rel=\"bookmark\"><img decoding=\"async\" title=\"Conflicto educativo en Oaxaca: bumerang para EPN\" src=\"http:\/\/www.eloriente.net\/home\/wp-content\/themes\/city-desk\/timthumb.php?src=http%3A%2F%2Fwww.eloriente.net%2Fhome%2Fwp-content%2Fuploads%2F2013%2F02%2FAlgunos-derechos-reservados-por-alviseni-dinero.jpg&amp;q=90&amp;w=160&amp;h=106&amp;zc=1\" alt=\"Conflicto educativo en Oaxaca: bumerang para EPN\" \/><\/a><\/p>\n<p>eloriente.net 8\/septiembre\/2014 D\u00e9ficit financiero, \u201cpapa caliente\u201d para SEP en 2015 El jueves pasado el gobierno del estado public\u00f3 un inusual comunicado en el que repasaba las circunstancias en que se dio el proceso de rezonificaci\u00f3n salarial de los trabajadores de la educaci\u00f3n en Oaxaca y, disimuladamente, le \u201canunciaba\u201d al gobierno federal el d\u00e9ficit y los [&#8230;]<\/p>\n<p>September 8, 2014<\/p>\n<p><a title=\"Permalink to Un Estado d\u00e9bil: Oaxaca es la muestra\" href=\"http:\/\/www.eloriente.net\/home\/2014\/09\/05\/un-estado-debil-oaxaca-es-la-muestra\/\" rel=\"bookmark\">Un Estado d\u00e9bil: Oaxaca es la muestra<\/a><\/p>\n<p><a href=\"http:\/\/www.eloriente.net\/home\/2014\/09\/05\/un-estado-debil-oaxaca-es-la-muestra\/\" rel=\"bookmark\"><img decoding=\"async\" title=\"Un Estado d\u00e9bil: Oaxaca es la muestra\" src=\"http:\/\/www.eloriente.net\/home\/wp-content\/themes\/city-desk\/timthumb.php?src=http%3A%2F%2Fwww.eloriente.net%2Fhome%2Fwp-content%2Fuploads%2F2014%2F08%2Fz%C3%B3calo-Oaxaca.jpg&amp;q=90&amp;w=160&amp;h=106&amp;zc=1\" alt=\"Un Estado d\u00e9bil: Oaxaca es la muestra\" \/><\/a><\/p>\n<p>eloriente.net 5\/septiembre\/2014 Por\u00a0Adri\u00e1n Ort\u00edz Romero Presi\u00f3n magisterial, freno a democracia Sostenidamente, el gobierno y el Congreso de Oaxaca hacen dos aseveraciones respecto a su supuesta independencia de los poderes f\u00e1cticos: por un lado dicen que ninguna presi\u00f3n ejercida desde la sociedad es determinante para la toma de decisiones, y por el otro sostienen que el [&#8230;]<\/p>\n<p>September 5, 2014<\/p>\n<p><a title=\"Permalink to Oaxaca, \u00fanica entidad sin visita de Pe\u00f1a Nieto\" href=\"http:\/\/www.eloriente.net\/home\/2014\/09\/01\/oaxaca-unica-entidad-sin-visita-de-pena-nieto\/\" rel=\"bookmark\">Oaxaca, \u00fanica entidad sin visita de Pe\u00f1a Nieto<\/a><\/p>\n<p><a href=\"http:\/\/www.eloriente.net\/home\/2014\/09\/01\/oaxaca-unica-entidad-sin-visita-de-pena-nieto\/\" rel=\"bookmark\"><img decoding=\"async\" title=\"Oaxaca, \u00fanica entidad sin visita de Pe\u00f1a Nieto\" src=\"http:\/\/www.eloriente.net\/home\/wp-content\/themes\/city-desk\/timthumb.php?src=http%3A%2F%2Fwww.eloriente.net%2Fhome%2Fwp-content%2Fuploads%2F2014%2F06%2FPe%C3%B1a-Nieto-Por-Presidencia-de-la-Rep%C3%BAblica-Mexicana-e1409587085296.jpg&amp;q=90&amp;w=160&amp;h=106&amp;zc=1\" alt=\"Oaxaca, \u00fanica entidad sin visita de Pe\u00f1a Nieto\" \/><\/a><\/p>\n<p>eloriente.net 1\/septiembre\/2014 Cerca de cumplir dos a\u00f1os como Presidente de M\u00e9xico, Enrique Pe\u00f1a Nieto ha realizado giras de trabajo y visitas oficiales a numerosos estados de la rep\u00fablica y pa\u00edses en el mundo. A inicios de 2014, estados como Sonora o Baja California Sur, fueron visitados por el mandatario, hecho que convierte a Oaxaca en [&#8230;]<\/p>\n<p>September 1, 2014<\/p>\n\n\t\t\t  <div \n\t\t\t  \tclass = \"fb-comments\" \n\t\t\t  \tdata-href = \"http:\/\/www.eloriente.net\/home\/2014\/09\/08\/la-educacion-en-el-desfiladero-un-articulo-de-samael-hernandez-ruiz\/\"\n\t\t\t  \tdata-numposts = \"10\"\n\t\t\t\tdata-colorscheme = \"dark\"\n\t\t\t\tdata-order-by = \"social\"\n\t\t\t\tdata-mobile=true>\n\t\t\t  <\/div>\n\t\t  <style>\n\t\t\t.fb_iframe_widget_fluid_desktop iframe {\n\t\t\t    width: 100% !important;\n\t\t\t}\n\t\t  <\/style>\n\t\t  ","protected":false},"excerpt":{"rendered":"<p>eloriente.net 8\/septiembre\/2014 Por Samael Hern\u00e1ndez Ruiz Se agot\u00f3 el tiempo. Los servicios educativos en Oaxaca podr\u00edan mantener su inercia hacia el declive y es urgente que construyamos\u00a0 una soluci\u00f3n entre todos. La Secci\u00f3n 22 del SNTE le disputa al gobierno federal la permanencia de sus privilegios; pero tambi\u00e9n, hay que decirlo, la defensa de sus [&hellip;]<\/p>\n","protected":false},"author":1,"featured_media":29935,"comment_status":"open","ping_status":"open","sticky":false,"template":"","format":"standard","meta":{"_jetpack_memberships_contains_paid_content":false,"footnotes":""},"categories":[624,18,32,13,63,24,464,21,625],"tags":[4082,231,2589],"class_list":["post-32050","post","type-post","status-publish","format-standard","has-post-thumbnail","hentry","category-articulistas","category-educacion-y-cultura","category-entradas","category-especiales","category-estados","category-mexico-y-el-mundo","category-oaxaca-estados","category-politica-y-gobierno","category-samael-hernandez","tag-lunesdepolitica","tag-politica","tag-samael-hernandez-2"],"jetpack_featured_media_url":"http:\/\/www.eloriente.net\/home\/wp-content\/uploads\/2014\/07\/Maestros-Por-Secci\u00f3n-22.jpg","jetpack_sharing_enabled":true,"_links":{"self":[{"href":"http:\/\/www.eloriente.net\/home\/wp-json\/wp\/v2\/posts\/32050"}],"collection":[{"href":"http:\/\/www.eloriente.net\/home\/wp-json\/wp\/v2\/posts"}],"about":[{"href":"http:\/\/www.eloriente.net\/home\/wp-json\/wp\/v2\/types\/post"}],"author":[{"embeddable":true,"href":"http:\/\/www.eloriente.net\/home\/wp-json\/wp\/v2\/users\/1"}],"replies":[{"embeddable":true,"href":"http:\/\/www.eloriente.net\/home\/wp-json\/wp\/v2\/comments?post=32050"}],"version-history":[{"count":6,"href":"http:\/\/www.eloriente.net\/home\/wp-json\/wp\/v2\/posts\/32050\/revisions"}],"predecessor-version":[{"id":32080,"href":"http:\/\/www.eloriente.net\/home\/wp-json\/wp\/v2\/posts\/32050\/revisions\/32080"}],"wp:featuredmedia":[{"embeddable":true,"href":"http:\/\/www.eloriente.net\/home\/wp-json\/wp\/v2\/media\/29935"}],"wp:attachment":[{"href":"http:\/\/www.eloriente.net\/home\/wp-json\/wp\/v2\/media?parent=32050"}],"wp:term":[{"taxonomy":"category","embeddable":true,"href":"http:\/\/www.eloriente.net\/home\/wp-json\/wp\/v2\/categories?post=32050"},{"taxonomy":"post_tag","embeddable":true,"href":"http:\/\/www.eloriente.net\/home\/wp-json\/wp\/v2\/tags?post=32050"}],"curies":[{"name":"wp","href":"https:\/\/api.w.org\/{rel}","templated":true}]}}