{"id":32068,"date":"2014-09-09T10:00:44","date_gmt":"2014-09-09T16:00:44","guid":{"rendered":"http:\/\/www.eloriente.net\/home\/?p=32068"},"modified":"2014-09-09T11:36:58","modified_gmt":"2014-09-09T17:36:58","slug":"32068","status":"publish","type":"post","link":"http:\/\/www.eloriente.net\/home\/2014\/09\/09\/32068\/","title":{"rendered":"9\/Sep\/14 11:00 En Vivo: Sesi\u00f3n del Senado. Comparece Miguel Osorio, Srio. de Gobernaci\u00f3n"},"content":{"rendered":"<p>eloriente.net \/\u00a0<a href=\"http:\/\/www.senado.gob.mx\/\" target=\"_blank\">Senado de la Rep\u00fablica<\/a><\/p>\n<p>9\/septiembre\/2014<\/p>\n<p>Conscientes de su importancia para la vida de la comunidad, nos enlazamos con la se\u00f1al del Senado de la Rep\u00fablica para la sesi\u00f3n de la Comisi\u00f3n Permanente de este d\u00eda.<\/p>\n<p>Para verificar el orden del d\u00eda de la sesi\u00f3n de hoy, da click a la siguiente\u00a0<a href=\"http:\/\/www.senado.gob.mx\/index.php?ver=sp&amp;mn=2&amp;sm=1&amp;id=1594\" target=\"_blank\">liga<\/a>.<\/p>\n<p><iframe loading=\"lazy\" src=\"\/\/www.youtube.com\/embed\/ldgwUCxAk1k\" frameborder=\"0\" width=\"560\" height=\"315\"><\/iframe><\/p>\n<p><a href=\"http:\/\/www.eloriente.net\/home\/wp-content\/uploads\/2013\/12\/senado1.jpg\"><img loading=\"lazy\" decoding=\"async\" class=\"alignnone size-medium wp-image-18543\" title=\"senado\" src=\"http:\/\/www.eloriente.net\/home\/wp-content\/uploads\/2013\/12\/senado1-300x174.jpg\" alt=\"\" width=\"300\" height=\"174\" srcset=\"http:\/\/www.eloriente.net\/home\/wp-content\/uploads\/2013\/12\/senado1-300x174.jpg 300w, http:\/\/www.eloriente.net\/home\/wp-content\/uploads\/2013\/12\/senado1.jpg 944w\" sizes=\"(max-width: 300px) 100vw, 300px\" \/><\/a><\/p>\n<p>Foto: Senado de la Rep\u00fablica<\/p>\n<p><strong>Entradas relacionadas:<\/strong><\/p>\n<p><a title=\"Permalink to 06\/Sep\/14 12:00 En Vivo: Conferencia de Prensa @INEMexico sobre Proceso PRD\" href=\"http:\/\/www.eloriente.net\/home\/2014\/09\/06\/06sep14-1200-en-vivo-conferencia-de-prensa-inemexico-sobre-proceso-prd\/\" rel=\"bookmark\">06\/Sep\/14 12:00 En Vivo: Conferencia de Prensa @INEMexico sobre Proceso PRD<\/a><\/p>\n<p><a href=\"http:\/\/www.eloriente.net\/home\/2014\/09\/06\/06sep14-1200-en-vivo-conferencia-de-prensa-inemexico-sobre-proceso-prd\/\" rel=\"bookmark\"><img decoding=\"async\" title=\"06\/Sep\/14 12:00 En Vivo: Conferencia de Prensa @INEMexico sobre Proceso PRD\" src=\"http:\/\/www.eloriente.net\/home\/wp-content\/themes\/city-desk\/timthumb.php?src=http%3A%2F%2Fwww.eloriente.net%2Fhome%2Fwp-content%2Fuploads%2F2014%2F08%2FINE-Archivo-eloriente.net_.jpg&amp;q=90&amp;w=160&amp;h=106&amp;zc=1\" alt=\"06\/Sep\/14 12:00 En Vivo: Conferencia de Prensa @INEMexico sobre Proceso PRD\" \/><\/a><\/p>\n<p>eloriente.net\/INE 6 de septiembre de 2014 El Instituto Nacional Electoral (INE) anunci\u00f3 para este d\u00eda una nueva conferencia de prensa para abordar el proceso interno de elecci\u00f3n en el Partido de la Revoluci\u00f3n Democr\u00e1tica. A continuaci\u00f3n la se\u00f1al en vivo de esta conferencia y, abajo, los enlaces a los datos detallados de esta contienda a [&#8230;]<\/p>\n<p>September 6, 2014<\/p>\n<div id=\"post-31684\">\n<p><a title=\"Permalink to EN VIVO: Informe de Actividades del 2\u00ba a\u00f1o de la LXII Legislatura (31\/ago\/2014, 17:00 horas)\" href=\"http:\/\/www.eloriente.net\/home\/2014\/08\/31\/en-vivo-31ago2014-1700-horas-informe-de-actividades-del-2o-ano-de-la-lxii-legislatura\/\" rel=\"bookmark\">EN VIVO: Informe de Actividades del 2\u00ba a\u00f1o de la LXII Legislatura (31\/ago\/2014, 17:00 horas)<\/a><\/p>\n<p><a href=\"http:\/\/www.eloriente.net\/home\/2014\/08\/31\/en-vivo-31ago2014-1700-horas-informe-de-actividades-del-2o-ano-de-la-lxii-legislatura\/\" rel=\"bookmark\"><img decoding=\"async\" title=\"EN VIVO: Informe de Actividades del 2\u00ba a\u00f1o de la LXII Legislatura (31\/ago\/2014, 17:00 horas)\" src=\"http:\/\/www.eloriente.net\/home\/wp-content\/themes\/city-desk\/timthumb.php?src=http%3A%2F%2Fwww.eloriente.net%2Fhome%2Fwp-content%2Fuploads%2F2013%2F12%2Fsenado1.jpg&amp;q=90&amp;w=160&amp;h=106&amp;zc=1\" alt=\"EN VIVO: Informe de Actividades del 2\u00ba a\u00f1o de la LXII Legislatura (31\/ago\/2014, 17:00 horas)\" \/><\/a><\/p>\n<p>eloriente.net 31\/agosto\/2014 Conscientes de su importancia para la vida de la comunidad, nos enlazamos con la se\u00f1al del Senado de la Rep\u00fablica para el Informe de Actividades del 2do. a\u00f1o de la LXII Legislatura: comunicacion.senado.gob.mx Foto: Archivo eloriente.net Entradas relacionadas: En Vivo 27\/ago\/2014 10:00 horas: Sesi\u00f3n extraordinaria del Consejo General del Instituto Nacional Electoral eloriente.net [&#8230;]<\/p>\n<p>August 31, 2014<\/p>\n<\/div>\n<div id=\"post-31608\">\n<p><a title=\"Permalink to EN VIVO: Sorteo UEFA Champions League; as\u00ed quedaron Grupos 2014-2015\" href=\"http:\/\/www.eloriente.net\/home\/2014\/08\/28\/en-vivo-sorteo-de-la-uefa-champions-league-fase-de-grupos-2014-2015\/\" rel=\"bookmark\">EN VIVO: Sorteo UEFA Champions League; as\u00ed quedaron Grupos 2014-2015<\/a><\/p>\n<p><a href=\"http:\/\/www.eloriente.net\/home\/2014\/08\/28\/en-vivo-sorteo-de-la-uefa-champions-league-fase-de-grupos-2014-2015\/\" rel=\"bookmark\"><img decoding=\"async\" title=\"EN VIVO: Sorteo UEFA Champions League; as\u00ed quedaron Grupos 2014-2015\" src=\"http:\/\/www.eloriente.net\/home\/wp-content\/themes\/city-desk\/timthumb.php?src=http%3A%2F%2Fwww.eloriente.net%2Fhome%2Fwp-content%2Fuploads%2F2014%2F08%2FIker-Casillas-%40UEFA.jpg&amp;q=90&amp;w=160&amp;h=106&amp;zc=1\" alt=\"EN VIVO: Sorteo UEFA Champions League; as\u00ed quedaron Grupos 2014-2015\" \/><\/a><\/p>\n<p>eloriente.net 28\/Ago\/2014 Actualizaci\u00f3n Una vez efectuado el sorteo esta ma\u00f1ana (tiempo de M\u00e9xico), los grupos de la Champions 2014\/15 quedaron integrados de la siguiente manera: Grupo A: Club Atl\u00e9tico de Madrid, Juventus, Olympiacos FC, Malm\u00f6 FF Grupo B: Real Madrid CF, FC Basel 1893, Liverpool FC, PFC Ludogorets Razgrad Grupo C: SL Benfica, FC Zenit, [&#8230;]<\/p>\n<p>August 28, 2014<\/p>\n<\/div>\n\n\t\t\t  <div \n\t\t\t  \tclass = \"fb-comments\" \n\t\t\t  \tdata-href = \"http:\/\/www.eloriente.net\/home\/2014\/09\/09\/32068\/\"\n\t\t\t  \tdata-numposts = \"10\"\n\t\t\t\tdata-colorscheme = \"dark\"\n\t\t\t\tdata-order-by = \"social\"\n\t\t\t\tdata-mobile=true>\n\t\t\t  <\/div>\n\t\t  <style>\n\t\t\t.fb_iframe_widget_fluid_desktop iframe {\n\t\t\t    width: 100% !important;\n\t\t\t}\n\t\t  <\/style>\n\t\t  ","protected":false},"excerpt":{"rendered":"<p>eloriente.net \/\u00a0Senado de la Rep\u00fablica 9\/septiembre\/2014 Conscientes de su importancia para la vida de la comunidad, nos enlazamos con la se\u00f1al del Senado de la Rep\u00fablica para la sesi\u00f3n de la Comisi\u00f3n Permanente de este d\u00eda. Para verificar el orden del d\u00eda de la sesi\u00f3n de hoy, da click a la siguiente\u00a0liga. Foto: Senado de [&hellip;]<\/p>\n","protected":false},"author":1,"featured_media":18543,"comment_status":"open","ping_status":"open","sticky":false,"template":"","format":"standard","meta":{"_jetpack_memberships_contains_paid_content":false,"footnotes":""},"categories":[4,91,32,10,21],"tags":[2590,75],"class_list":["post-32068","post","type-post","status-publish","format-standard","has-post-thumbnail","hentry","category-canal-2-en-vivo","category-congreso-y-justicia","category-entradas","category-lo-mas-reciente","category-politica-y-gobierno","tag-envivo","tag-senado-de-la-republica"],"jetpack_featured_media_url":"http:\/\/www.eloriente.net\/home\/wp-content\/uploads\/2013\/12\/senado1.jpg","jetpack_sharing_enabled":true,"_links":{"self":[{"href":"http:\/\/www.eloriente.net\/home\/wp-json\/wp\/v2\/posts\/32068"}],"collection":[{"href":"http:\/\/www.eloriente.net\/home\/wp-json\/wp\/v2\/posts"}],"about":[{"href":"http:\/\/www.eloriente.net\/home\/wp-json\/wp\/v2\/types\/post"}],"author":[{"embeddable":true,"href":"http:\/\/www.eloriente.net\/home\/wp-json\/wp\/v2\/users\/1"}],"replies":[{"embeddable":true,"href":"http:\/\/www.eloriente.net\/home\/wp-json\/wp\/v2\/comments?post=32068"}],"version-history":[{"count":4,"href":"http:\/\/www.eloriente.net\/home\/wp-json\/wp\/v2\/posts\/32068\/revisions"}],"predecessor-version":[{"id":32079,"href":"http:\/\/www.eloriente.net\/home\/wp-json\/wp\/v2\/posts\/32068\/revisions\/32079"}],"wp:featuredmedia":[{"embeddable":true,"href":"http:\/\/www.eloriente.net\/home\/wp-json\/wp\/v2\/media\/18543"}],"wp:attachment":[{"href":"http:\/\/www.eloriente.net\/home\/wp-json\/wp\/v2\/media?parent=32068"}],"wp:term":[{"taxonomy":"category","embeddable":true,"href":"http:\/\/www.eloriente.net\/home\/wp-json\/wp\/v2\/categories?post=32068"},{"taxonomy":"post_tag","embeddable":true,"href":"http:\/\/www.eloriente.net\/home\/wp-json\/wp\/v2\/tags?post=32068"}],"curies":[{"name":"wp","href":"https:\/\/api.w.org\/{rel}","templated":true}]}}