{"id":32076,"date":"2014-09-09T11:54:27","date_gmt":"2014-09-09T17:54:27","guid":{"rendered":"http:\/\/www.eloriente.net\/home\/?p=32076"},"modified":"2014-09-09T11:54:27","modified_gmt":"2014-09-09T17:54:27","slug":"fotografia-contemporanea-en-america-latina-por-luna-zeta","status":"publish","type":"post","link":"http:\/\/www.eloriente.net\/home\/2014\/09\/09\/fotografia-contemporanea-en-america-latina-por-luna-zeta\/","title":{"rendered":"Fotograf\u00eda Contempor\u00e1nea en Am\u00e9rica Latina por Luna Zeta"},"content":{"rendered":"<p>eloriente.net<\/p>\n<p>9\/septiembre\/2014<\/p>\n<p>Creada en 1998 como una alternativa independiente para la difusi\u00f3n del arte y la cultura, la Revista Luna Zeta presentar\u00e1 su edici\u00f3n n\u00famero 33, dedicada a la Fotograf\u00eda Contempor\u00e1nea en Am\u00e9rica Latina.<\/p>\n<p>Entre las personalidades que presentan este n\u00famero, se encuentran Karina Ju\u00e1rez, Judith Romero, Mauricio Toro Goya y Abraham Nah\u00f3n.<\/p>\n<p>El evento tendr\u00e1 lugar el viernes 12 de septiembre de 2014 a las 19:00 horas en las instalaciones del Museo de Arte Contempor\u00e1neo (MACO), ubicadas en Macedonio Alcal\u00e1 202, Centro Hist\u00f3rico, Oaxaca, Oax.<\/p>\n<p><a href=\"http:\/\/www.eloriente.net\/home\/wp-content\/uploads\/2014\/09\/LUNA_ZETA_33.jpg\"><img loading=\"lazy\" decoding=\"async\" class=\"alignnone size-full wp-image-32078\" title=\"Cartel-LZf33\" src=\"http:\/\/www.eloriente.net\/home\/wp-content\/uploads\/2014\/09\/LUNA_ZETA_33.jpg\" alt=\"\" width=\"639\" height=\"900\" srcset=\"http:\/\/www.eloriente.net\/home\/wp-content\/uploads\/2014\/09\/LUNA_ZETA_33.jpg 639w, http:\/\/www.eloriente.net\/home\/wp-content\/uploads\/2014\/09\/LUNA_ZETA_33-213x300.jpg 213w\" sizes=\"(max-width: 639px) 100vw, 639px\" \/><\/a><\/p>\n<p><strong>Entradas relacionadas:<\/strong><\/p>\n<p><a title=\"Permalink to Celebra revista Luna Zeta su XV aniversario con su edici\u00f3n No. 32\" href=\"http:\/\/www.eloriente.net\/home\/2014\/05\/19\/celebra-revista-luna-zeta-su-xv-aniversario-con-su-edicion-no-32\/\" rel=\"bookmark\">Celebra revista Luna Zeta su XV aniversario con su edici\u00f3n No. 32<\/a><\/p>\n<p><a href=\"http:\/\/www.eloriente.net\/home\/2014\/05\/19\/celebra-revista-luna-zeta-su-xv-aniversario-con-su-edicion-no-32\/\" rel=\"bookmark\"><img decoding=\"async\" title=\"Celebra revista Luna Zeta su XV aniversario con su edici\u00f3n No. 32\" src=\"http:\/\/www.eloriente.net\/home\/wp-content\/themes\/city-desk\/timthumb.php?src=http%3A%2F%2Fwww.eloriente.net%2Fhome%2Fwp-content%2Fuploads%2F2014%2F05%2FLuna-Zeta-Por-UABJO.jpg&amp;q=90&amp;w=160&amp;h=106&amp;zc=1\" alt=\"Celebra revista Luna Zeta su XV aniversario con su edici\u00f3n No. 32\" \/><\/a><\/p>\n<p>eloriente.net\/UABJO 19 de mayo de 2014 Creada en 1998 como una alternativa independiente para la difusi\u00f3n del arte y la cultura, la Revista Luna Zeta celebr\u00f3 su XV aniversario con la edici\u00f3n del n\u00famero 32, dedicado a la gr\u00e1fica en Oaxaca. La presentaci\u00f3n de la revista se realiz\u00f3 en el patio central del Instituto de [&#8230;]<\/p>\n<p>May 19, 2014<\/p>\n<p><a title=\"Permalink to 9\u00ba Concurso Nacional de Transparencia en Corto\" href=\"http:\/\/www.eloriente.net\/home\/2014\/09\/09\/9o-concurso-nacional-de-transparencia-en-corto\/\" rel=\"bookmark\">9\u00ba Concurso Nacional de Transparencia en Corto<\/a><\/p>\n<p><a href=\"http:\/\/www.eloriente.net\/home\/2014\/09\/09\/9o-concurso-nacional-de-transparencia-en-corto\/\" rel=\"bookmark\"><img decoding=\"async\" title=\"9\u00ba Concurso Nacional de Transparencia en Corto\" src=\"http:\/\/www.eloriente.net\/home\/wp-content\/themes\/city-desk\/timthumb.php?src=http%3A%2F%2Fwww.eloriente.net%2Fhome%2Fwp-content%2Fuploads%2F2014%2F09%2Flogo.jpg&amp;q=90&amp;w=160&amp;h=106&amp;zc=1\" alt=\"9\u00ba Concurso Nacional de Transparencia en Corto\" \/><\/a><\/p>\n<p>eloriente.net 9\/septiembre\/2014 La Secretar\u00eda de la Funci\u00f3n P\u00fablica y la Comisi\u00f3n Permanente de Contralores Estados \u2013 Federaci\u00f3n, convocan al 9\u00ba Concurso Nacional de Transparencia en Corto. Este concurso tiene como objetivo brindar un espacio de expresi\u00f3n que promueva la participaci\u00f3n activa de los j\u00f3venes sobre la cultura de la transparencia y la rendici\u00f3n de cuentas [&#8230;]<\/p>\n<p>September 9, 2014<\/p>\n<div id=\"post-31932\">\n<p><a title=\"Permalink to El para\u00edso del Pac\u00edfico oaxaque\u00f1o\" href=\"http:\/\/www.eloriente.net\/home\/2014\/09\/06\/la-joya-del-pacifico-oaxaqueno\/\" rel=\"bookmark\">El para\u00edso del Pac\u00edfico oaxaque\u00f1o<\/a><\/p>\n<p><a href=\"http:\/\/www.eloriente.net\/home\/2014\/09\/06\/la-joya-del-pacifico-oaxaqueno\/\" rel=\"bookmark\"><img decoding=\"async\" title=\"El para\u00edso del Pac\u00edfico oaxaque\u00f1o\" src=\"http:\/\/www.eloriente.net\/home\/wp-content\/themes\/city-desk\/timthumb.php?src=http%3A%2F%2Fwww.eloriente.net%2Fhome%2Fwp-content%2Fuploads%2F2014%2F09%2FHuatulco-Joe-Ross.jpg&amp;q=90&amp;w=160&amp;h=106&amp;zc=1\" alt=\"El para\u00edso del Pac\u00edfico oaxaque\u00f1o\" \/><\/a><\/p>\n<p>eloriente.net 6\/septiembre\/2014 Son nueve bah\u00edas las componentes de Huatulco, joya del estado de Oaxaca. A lo largo de 35 kil\u00f3metros, podemos disfrutar Cacaluta, Chachacual, Chahu\u00e9, Conejos, \u00d3rgano, Maguey, San Agust\u00edn, Santa Cruz y Tangolunda, las cuales conforman 36 playas listas para recibirte y divertirte con m\u00faltiples actividades tales como buceo, pesca recreativa, kayak, cabalgata, o [&#8230;]<\/p>\n<p>September 6, 2014<\/p>\n<\/div>\n<p>&nbsp;<\/p>\n\n\t\t\t  <div \n\t\t\t  \tclass = \"fb-comments\" \n\t\t\t  \tdata-href = \"http:\/\/www.eloriente.net\/home\/2014\/09\/09\/fotografia-contemporanea-en-america-latina-por-luna-zeta\/\"\n\t\t\t  \tdata-numposts = \"10\"\n\t\t\t\tdata-colorscheme = \"dark\"\n\t\t\t\tdata-order-by = \"social\"\n\t\t\t\tdata-mobile=true>\n\t\t\t  <\/div>\n\t\t  <style>\n\t\t\t.fb_iframe_widget_fluid_desktop iframe {\n\t\t\t    width: 100% !important;\n\t\t\t}\n\t\t  <\/style>\n\t\t  ","protected":false},"excerpt":{"rendered":"<p>eloriente.net 9\/septiembre\/2014 Creada en 1998 como una alternativa independiente para la difusi\u00f3n del arte y la cultura, la Revista Luna Zeta presentar\u00e1 su edici\u00f3n n\u00famero 33, dedicada a la Fotograf\u00eda Contempor\u00e1nea en Am\u00e9rica Latina. Entre las personalidades que presentan este n\u00famero, se encuentran Karina Ju\u00e1rez, Judith Romero, Mauricio Toro Goya y Abraham Nah\u00f3n. El evento [&hellip;]<\/p>\n","protected":false},"author":1,"featured_media":32078,"comment_status":"open","ping_status":"open","sticky":false,"template":"","format":"standard","meta":{"_jetpack_memberships_contains_paid_content":false,"footnotes":""},"categories":[8,29,32,10],"tags":[1032,123,1344],"class_list":["post-32076","post","type-post","status-publish","format-standard","has-post-thumbnail","hentry","category-agenda","category-capital","category-entradas","category-lo-mas-reciente","tag-agenda-2","tag-fotografia","tag-luna-zeta"],"jetpack_featured_media_url":"http:\/\/www.eloriente.net\/home\/wp-content\/uploads\/2014\/09\/LUNA_ZETA_33.jpg","jetpack_sharing_enabled":true,"_links":{"self":[{"href":"http:\/\/www.eloriente.net\/home\/wp-json\/wp\/v2\/posts\/32076"}],"collection":[{"href":"http:\/\/www.eloriente.net\/home\/wp-json\/wp\/v2\/posts"}],"about":[{"href":"http:\/\/www.eloriente.net\/home\/wp-json\/wp\/v2\/types\/post"}],"author":[{"embeddable":true,"href":"http:\/\/www.eloriente.net\/home\/wp-json\/wp\/v2\/users\/1"}],"replies":[{"embeddable":true,"href":"http:\/\/www.eloriente.net\/home\/wp-json\/wp\/v2\/comments?post=32076"}],"version-history":[{"count":1,"href":"http:\/\/www.eloriente.net\/home\/wp-json\/wp\/v2\/posts\/32076\/revisions"}],"predecessor-version":[{"id":32081,"href":"http:\/\/www.eloriente.net\/home\/wp-json\/wp\/v2\/posts\/32076\/revisions\/32081"}],"wp:featuredmedia":[{"embeddable":true,"href":"http:\/\/www.eloriente.net\/home\/wp-json\/wp\/v2\/media\/32078"}],"wp:attachment":[{"href":"http:\/\/www.eloriente.net\/home\/wp-json\/wp\/v2\/media?parent=32076"}],"wp:term":[{"taxonomy":"category","embeddable":true,"href":"http:\/\/www.eloriente.net\/home\/wp-json\/wp\/v2\/categories?post=32076"},{"taxonomy":"post_tag","embeddable":true,"href":"http:\/\/www.eloriente.net\/home\/wp-json\/wp\/v2\/tags?post=32076"}],"curies":[{"name":"wp","href":"https:\/\/api.w.org\/{rel}","templated":true}]}}