{"id":32083,"date":"2014-09-10T01:00:03","date_gmt":"2014-09-10T07:00:03","guid":{"rendered":"http:\/\/www.eloriente.net\/home\/?p=32083"},"modified":"2014-09-09T14:52:39","modified_gmt":"2014-09-09T20:52:39","slug":"decrece-competitividad-mexicana-en-el-ultimo-ano-miercolesdeeconomia","status":"publish","type":"post","link":"http:\/\/www.eloriente.net\/home\/2014\/09\/10\/decrece-competitividad-mexicana-en-el-ultimo-ano-miercolesdeeconomia\/","title":{"rendered":"Decrece competitividad mexicana en el \u00faltimo a\u00f1o #Mi\u00e9rcolesdeEconom\u00eda"},"content":{"rendered":"<p>eloriente.net<\/p>\n<p>10\/septiembre\/2014<\/p>\n<p>Cuando se habla de competitividad entre los pa\u00edses, el organismo que desde hace 25 a\u00f1os se encarga de su medici\u00f3n es el Institute for Management Development de la Universidad de Lausana en Suiza. El \u00edndice de competitividad mundial, conocido como IMD Index se condensa en un libro anual llamado\u00a0IMD World Competitiveness Yearbook 2014 Results.<\/p>\n<p>La edici\u00f3n 2014, publicada mayo pasado, arroj\u00f3 un resultado negativo para M\u00e9xico, tomando en cuenta sobre todo su evaluaci\u00f3n del a\u00f1o pasado. Precisamente con motivo del 25 aniversario de la emisi\u00f3n de este indicador, se catalogaba a M\u00e9xico como uno de los grandes ganadores al haber escalado 5 o m\u00e1s posiciones desde 1997. En dicho a\u00f1o, nuestro pa\u00eds se ubicaba en el pelda\u00f1o 40; para 2012 en el 37 y apenas el a\u00f1o pasado registr\u00f3 la posici\u00f3n n\u00famero 32. El informe de ese a\u00f1o apuntaba: \u00abEn Am\u00e9rica Latina. M\u00e9xico (32) ha mostrado un peque\u00f1o repunte en su competitivdad que ahora necesita ser confirmado durante el tiempo y por la aplicaci\u00f3n continua de reformas estructurales\u00bb.<\/p>\n<p><a href=\"http:\/\/www.eloriente.net\/home\/wp-content\/uploads\/2014\/09\/2013-IMD.jpg\"><img loading=\"lazy\" decoding=\"async\" class=\"alignnone size-full wp-image-32084\" title=\"2013 IMD\" src=\"http:\/\/www.eloriente.net\/home\/wp-content\/uploads\/2014\/09\/2013-IMD.jpg\" alt=\"\" width=\"400\" height=\"446\" srcset=\"http:\/\/www.eloriente.net\/home\/wp-content\/uploads\/2014\/09\/2013-IMD.jpg 400w, http:\/\/www.eloriente.net\/home\/wp-content\/uploads\/2014\/09\/2013-IMD-269x300.jpg 269w\" sizes=\"(max-width: 400px) 100vw, 400px\" \/><\/a><\/p>\n<p>Retomando la versi\u00f3n m\u00e1s reciente, los tres mejores evaluados son Estados Unidos, Suiza y Singapur. El indicador mide qu\u00e9 tan bien los pa\u00edses han administrado sus recursos humanos y econ\u00f3micos para incrementar su prosperidad. Para esta edici\u00f3n, M\u00e9xico pas\u00f3 del ya mencionado 32\u00ba sitio para descender hasta el 41.<\/p>\n<p><iframe loading=\"lazy\" src=\"\/\/e.issuu.com\/embed.html#5422719\/9249612\" frameborder=\"0\" width=\"525\" height=\"371\"><\/iframe><\/p>\n<p>Para darnos una idea de los par\u00e1metros que definen los resultados de este \u00edndice, el libro anual sobre la competitividad mundial asume que la creaci\u00f3n de riqueza ocupa un lugar primeramente a nivel empresarial (ya sea privado u operado por el estado), este campo es llamado \u00abcompetitividad de las empresas\u00bb, asimismo las empresas operan en un ambiente nacional que mejora o dificulta su habilidad para competir local o internacionalmente, este campo es llamado \u00abcompetitividad de las naciones\u00bb y es cubierto en la investigaci\u00f3n.<\/p>\n<p>Apoyados en un grupo de acad\u00e9micos, la metolog\u00eda divide el ambiente nacional en cuatro factores principales: Rendimiento econ\u00f3mico, eficiencia del gobierno, eficiencia de los negocios e infraestructura. Estos datos son obtenidos de organizaciones internacionales como el Fondo Monetario Internacional, Banco Mundial, etc. o instituciones privadas\u00a0<a href=\"http:\/\/www.imd.org\/wcc\/wcc-data-suppliers\/\">(CB Richard Ellis, Mercer HR Consulting, PriceWaterhouseCoopers. etc)<\/a>\u00a0y fuentes nacionales de la red de <a href=\"http:\/\/www.imd.org\/wcc\/wcc-partner\/\">instituciones asociadas del IMD<\/a>, y complementados con una encuesta dirigida a ejecutivos de negocio (mandos medios y altos) en la que se solicita evaluar la situaci\u00f3n en su propio pa\u00eds.<\/p>\n<p>Tal como fue expresado la semana pasada <a href=\"http:\/\/www.eloriente.net\/home\/2014\/08\/27\/semaforo-economico-de-mexico-como-vamos\/\" target=\"_blank\">M\u00e9xico se ubica en la posici\u00f3n 41 de 60<\/a>\u00a0cuando se pensaba lograr 20% m\u00e1s de competitividad a nivel internacional.<\/p>\n<p>*Imagen: <a href=\"http:\/\/www.imd.org\/news\/World-Competitiveness-2013.cfm\" target=\"_blank\">imd.org<\/a><\/p>\n<p><strong>Entradas relacionadas:<\/strong><\/p>\n<p><a title=\"Permalink to MiPyMEs, piedra angular que debe expandirse\" href=\"http:\/\/www.eloriente.net\/home\/2014\/09\/07\/mipymes-piedra-angular-que-debe-expandirse\/\" rel=\"bookmark\">MiPyMEs, piedra angular que debe expandirse<\/a><\/p>\n<p><a href=\"http:\/\/www.eloriente.net\/home\/2014\/09\/07\/mipymes-piedra-angular-que-debe-expandirse\/\" rel=\"bookmark\"><img decoding=\"async\" title=\"MiPyMEs, piedra angular que debe expandirse\" src=\"http:\/\/www.eloriente.net\/home\/wp-content\/themes\/city-desk\/timthumb.php?src=http%3A%2F%2Fwww.eloriente.net%2Fhome%2Fwp-content%2Fuploads%2F2014%2F09%2FMiPyme-Neusa-Cadore.jpg&amp;q=90&amp;w=160&amp;h=106&amp;zc=1\" alt=\"MiPyMEs, piedra angular que debe expandirse\" \/><\/a><\/p>\n<p>eloriente.net 7\/septiembre\/2014 Por:\u00a0Viridiana Mart\u00ednez M\u00e9ndez En M\u00e9xico, la influencia que tiene las micro, peque\u00f1as y medianas empresas (MiPymes) en la econom\u00eda del pa\u00eds es determinante, de acuerdo con la Secretaria de Econom\u00eda, de las 5.1 millones de compa\u00f1\u00edas existentes en el 2013, m\u00e1s de 99.5% correspondi\u00f3 a Mipymes, quienes adem\u00e1s aportaron el 50% del Producto [&#8230;]<\/p>\n<p>September 7, 2014<\/p>\n<p><a title=\"Permalink to Nuevas medidas para fortalecer la industria del calzado\" href=\"http:\/\/www.eloriente.net\/home\/2014\/09\/03\/nuevas-medidas-para-fortalecer-la-industria-del-calzado\/\" rel=\"bookmark\">Nuevas medidas para fortalecer la industria del calzado<\/a><\/p>\n<p><a href=\"http:\/\/www.eloriente.net\/home\/2014\/09\/03\/nuevas-medidas-para-fortalecer-la-industria-del-calzado\/\" rel=\"bookmark\"><img decoding=\"async\" title=\"Nuevas medidas para fortalecer la industria del calzado\" src=\"http:\/\/www.eloriente.net\/home\/wp-content\/themes\/city-desk\/timthumb.php?src=http%3A%2F%2Fwww.eloriente.net%2Fhome%2Fwp-content%2Fuploads%2F2014%2F09%2FZapatos-Robert-Sheie.jpg&amp;q=90&amp;w=160&amp;h=106&amp;zc=1\" alt=\"Nuevas medidas para fortalecer la industria del calzado\" \/><\/a><\/p>\n<p>eloriente.net 3\/septiembre\/2014 La industria del cuero y el calzado es uno de los sectores maduros de la economi\u0301a de M\u00e9xico, ya que se ha consolidado como un motor importante de desarrollo regional y de creacio\u0301n de empleos. Esta hist\u00f3rica industria, cuenta con una vasta tradici\u00f3n iniciada hace m\u00e1s de 400 a\u00f1os y el estado de [&#8230;]<\/p>\n<p>September 3, 2014<\/p>\n<div id=\"post-31801\">\n<p><a title=\"Permalink to Oaxaca: Primer lugar en productividad laboral #MiercolesdeEconom\u00eda\" href=\"http:\/\/www.eloriente.net\/home\/2014\/09\/03\/oaxaca-primer-lugar-en-productividad-laboral-miercolesdeeconomia\/\" rel=\"bookmark\">Oaxaca: Primer lugar en productividad laboral #MiercolesdeEconom\u00eda<\/a><\/p>\n<p><a href=\"http:\/\/www.eloriente.net\/home\/2014\/09\/03\/oaxaca-primer-lugar-en-productividad-laboral-miercolesdeeconomia\/\" rel=\"bookmark\"><img decoding=\"async\" title=\"Oaxaca: Primer lugar en productividad laboral #MiercolesdeEconom\u00eda\" src=\"http:\/\/www.eloriente.net\/home\/wp-content\/themes\/city-desk\/timthumb.php?src=http%3A%2F%2Fwww.eloriente.net%2Fhome%2Fwp-content%2Fuploads%2F2014%2F08%2FSem%C3%A1foro-Horia-Varlan.jpg&amp;q=90&amp;w=160&amp;h=106&amp;zc=1\" alt=\"Oaxaca: Primer lugar en productividad laboral #MiercolesdeEconom\u00eda\" \/><\/a><\/p>\n<p>eloriente.net 3\/septiembre\/2014 La semana pasada presentamos el instrumento conocido como Sem\u00e1foro Econ\u00f3mico de M\u00e9xico, \u00bfC\u00f3mo vamos?\u00a0en el que a partir de ciertos indicadores, se fijan metas espec\u00edficas para cumplir durante el a\u00f1o. A manera de resumen, solamente Guanajuato, Nuevo Le\u00f3n y Jalisco aprobar\u00edan esta evaluaci\u00f3n; ocho estados podr\u00edan aprobar con redondeo (DF, Quer\u00e9taro, Coahuila, Chihuahua, [&#8230;]<\/p>\n<p>September 3, 2014<\/p>\n<\/div>\n\n\t\t\t  <div \n\t\t\t  \tclass = \"fb-comments\" \n\t\t\t  \tdata-href = \"http:\/\/www.eloriente.net\/home\/2014\/09\/10\/decrece-competitividad-mexicana-en-el-ultimo-ano-miercolesdeeconomia\/\"\n\t\t\t  \tdata-numposts = \"10\"\n\t\t\t\tdata-colorscheme = \"dark\"\n\t\t\t\tdata-order-by = \"social\"\n\t\t\t\tdata-mobile=true>\n\t\t\t  <\/div>\n\t\t  <style>\n\t\t\t.fb_iframe_widget_fluid_desktop iframe {\n\t\t\t    width: 100% !important;\n\t\t\t}\n\t\t  <\/style>\n\t\t  ","protected":false},"excerpt":{"rendered":"<p>eloriente.net 10\/septiembre\/2014 Cuando se habla de competitividad entre los pa\u00edses, el organismo que desde hace 25 a\u00f1os se encarga de su medici\u00f3n es el Institute for Management Development de la Universidad de Lausana en Suiza. El \u00edndice de competitividad mundial, conocido como IMD Index se condensa en un libro anual llamado\u00a0IMD World Competitiveness Yearbook 2014 [&hellip;]<\/p>\n","protected":false},"author":1,"featured_media":32084,"comment_status":"open","ping_status":"open","sticky":false,"template":"","format":"standard","meta":{"_jetpack_memberships_contains_paid_content":false,"footnotes":""},"categories":[2435,32,10,24,21],"tags":[2450,826],"class_list":["post-32083","post","type-post","status-publish","format-standard","has-post-thumbnail","hentry","category-miercolesdeeconomia","category-entradas","category-lo-mas-reciente","category-mexico-y-el-mundo","category-politica-y-gobierno","tag-miercolesdeeconomia-2","tag-competitividad"],"jetpack_featured_media_url":"http:\/\/www.eloriente.net\/home\/wp-content\/uploads\/2014\/09\/2013-IMD.jpg","jetpack_sharing_enabled":true,"_links":{"self":[{"href":"http:\/\/www.eloriente.net\/home\/wp-json\/wp\/v2\/posts\/32083"}],"collection":[{"href":"http:\/\/www.eloriente.net\/home\/wp-json\/wp\/v2\/posts"}],"about":[{"href":"http:\/\/www.eloriente.net\/home\/wp-json\/wp\/v2\/types\/post"}],"author":[{"embeddable":true,"href":"http:\/\/www.eloriente.net\/home\/wp-json\/wp\/v2\/users\/1"}],"replies":[{"embeddable":true,"href":"http:\/\/www.eloriente.net\/home\/wp-json\/wp\/v2\/comments?post=32083"}],"version-history":[{"count":1,"href":"http:\/\/www.eloriente.net\/home\/wp-json\/wp\/v2\/posts\/32083\/revisions"}],"predecessor-version":[{"id":32085,"href":"http:\/\/www.eloriente.net\/home\/wp-json\/wp\/v2\/posts\/32083\/revisions\/32085"}],"wp:featuredmedia":[{"embeddable":true,"href":"http:\/\/www.eloriente.net\/home\/wp-json\/wp\/v2\/media\/32084"}],"wp:attachment":[{"href":"http:\/\/www.eloriente.net\/home\/wp-json\/wp\/v2\/media?parent=32083"}],"wp:term":[{"taxonomy":"category","embeddable":true,"href":"http:\/\/www.eloriente.net\/home\/wp-json\/wp\/v2\/categories?post=32083"},{"taxonomy":"post_tag","embeddable":true,"href":"http:\/\/www.eloriente.net\/home\/wp-json\/wp\/v2\/tags?post=32083"}],"curies":[{"name":"wp","href":"https:\/\/api.w.org\/{rel}","templated":true}]}}