{"id":32086,"date":"2014-09-10T00:00:22","date_gmt":"2014-09-10T06:00:22","guid":{"rendered":"http:\/\/www.eloriente.net\/home\/?p=32086"},"modified":"2014-09-10T10:05:14","modified_gmt":"2014-09-10T16:05:14","slug":"10-de-septiembre-dia-mundial-para-la-prevencion-del-suicidio","status":"publish","type":"post","link":"http:\/\/www.eloriente.net\/home\/2014\/09\/10\/10-de-septiembre-dia-mundial-para-la-prevencion-del-suicidio\/","title":{"rendered":"10 de Septiembre: D\u00eda Mundial para la Prevenci\u00f3n del Suicidio"},"content":{"rendered":"<p>eloriente.net \/ INEGI<\/p>\n<p>10\/septiembre\/2014<\/p>\n<p>En la mayor\u00eda de los pa\u00edses, el fen\u00f3meno del suicidio es considerado como un indicador directo de la salud mental de la poblaci\u00f3n, en cuyo origen convergen distintos factores de riesgo tanto biol\u00f3gicos como psicol\u00f3gicos y sociales. De acuerdo con la Organizaci\u00f3n Mundial de la Salud (OMS), el suicidio se concibe como un acto deliberadamente iniciado y realizado por una persona en el pleno conocimiento o previsi\u00f3n de su desenlace fatal.<\/p>\n<p>La OMS fomenta en todo el mundo compromisos y medidas pr\u00e1cticas para su prevenci\u00f3n, por lo que ha instituido el 10 de septiembre como el D\u00eda Mundial para la Prevenci\u00f3n del Suicidio y en contribuci\u00f3n a esta causa, el Instituto Nacional de Estad\u00edstica y Geograf\u00eda (INEGI) a partir de los datos de registros administrativos, presenta estad\u00edsticas actuales de este fen\u00f3meno en M\u00e9xico, con especial atenci\u00f3n al grupo de adolescentes de 15 a 19 a\u00f1os de edad.<\/p>\n<p>PANORAMA DE LOS SUICIDIOS EN M\u00c9XICO<\/p>\n<p>La OMS advierte que el suicidio provoca casi la mitad de las muertes violentas, lo que se traduce en cerca de un mill\u00f3n de v\u00edctimas al a\u00f1o . Para los pa\u00edses de la OECD en 2011 la tasa de mortalidad por esta causa fue de 12.4 por cada 100 mil habitantes; Corea es el pa\u00eds con el mayor \u00edndice dentro de este grupo con una tasa de 33.3 . En este contexto, los registros administrativos en M\u00e9xico para 2011, se\u00f1alaron una tasa de 4.9, lo que le coloca en el tercer pa\u00eds con el valor m\u00e1s bajo.<\/p>\n<p>La combinaci\u00f3n de distintos factores sociales predisponen la decisi\u00f3n de una persona para quitarse la vida. Algunos estudios mencionan que este comportamiento se ve diferenciado tambi\u00e9n por grupos de edad: entre los j\u00f3venes, es posible encontrar ciertos hechos asociados con la depresi\u00f3n y el aumento en el consumo de drogas y alcohol; en los grupos de edad productiva, existen factores de \u00edndole laboral y econ\u00f3mica; y en los adultos mayores, enfermedades que generan dolor o discapacidad.<\/p>\n<p>Del total de la poblaci\u00f3n que cometi\u00f3 suicidio, el conjunto de quienes ten\u00edan de 15 a 29 a\u00f1os de edad representaron la mayor proporci\u00f3n de fallecimientos por este hecho (42.6%). Por sexo, esta situaci\u00f3n se acent\u00faa m\u00e1s en las mujeres, ya que la mitad (48.5%) eran j\u00f3venes en estas edades. Por otra parte, llama la atenci\u00f3n que del total de suicidios, 10.6% corresponde a personas de 60 y m\u00e1s a\u00f1os.<\/p>\n<p><strong>Oaxaca se ubica junto con otros 12 estados en el rango m\u00e1s bajo en la tasa de suicidios que va de 2.6 a 3.7 suicidios por cada 100 mil habitantes; aunque en la estad\u00edstica de suicidios en adolescentes de 15 a 19 a\u00f1os, la entidad se ubica en el rango de 5.7 a 8.2 suicidios por cada 100 mil habitantes.<\/strong><\/p>\n<p><a href=\"http:\/\/www.eloriente.net\/home\/wp-content\/uploads\/2014\/09\/INFOGRAFIA-Prevencion-de-suicidios-01.jpg\"><img loading=\"lazy\" decoding=\"async\" class=\"alignnone size-large wp-image-32088\" title=\"INFOGRAFIA Prevencion de suicidios-01\" src=\"http:\/\/www.eloriente.net\/home\/wp-content\/uploads\/2014\/09\/INFOGRAFIA-Prevencion-de-suicidios-01-716x1024.jpg\" alt=\"\" width=\"716\" height=\"1024\" srcset=\"http:\/\/www.eloriente.net\/home\/wp-content\/uploads\/2014\/09\/INFOGRAFIA-Prevencion-de-suicidios-01-716x1024.jpg 716w, http:\/\/www.eloriente.net\/home\/wp-content\/uploads\/2014\/09\/INFOGRAFIA-Prevencion-de-suicidios-01-209x300.jpg 209w, http:\/\/www.eloriente.net\/home\/wp-content\/uploads\/2014\/09\/INFOGRAFIA-Prevencion-de-suicidios-01.jpg 1458w\" sizes=\"(max-width: 716px) 100vw, 716px\" \/><\/a><\/p>\n<p>En ELORIENTE.NET ponemos a tu disposici\u00f3n el informe completo realizado por el INEGI:<\/p>\n<p><iframe loading=\"lazy\" src=\"\/\/e.issuu.com\/embed.html#5422719\/9250555\" frameborder=\"0\" width=\"525\" height=\"679\"><\/iframe><\/p>\n<p><a href=\"http:\/\/www.eloriente.net\/home\/wp-content\/uploads\/2014\/09\/Suicidio-Jason-Kuffer.jpg\"><img loading=\"lazy\" decoding=\"async\" class=\"alignnone size-medium wp-image-32091\" title=\"Suicidio - Jason Kuffer\" src=\"http:\/\/www.eloriente.net\/home\/wp-content\/uploads\/2014\/09\/Suicidio-Jason-Kuffer-300x200.jpg\" alt=\"\" width=\"300\" height=\"200\" srcset=\"http:\/\/www.eloriente.net\/home\/wp-content\/uploads\/2014\/09\/Suicidio-Jason-Kuffer-300x200.jpg 300w, http:\/\/www.eloriente.net\/home\/wp-content\/uploads\/2014\/09\/Suicidio-Jason-Kuffer.jpg 1024w\" sizes=\"(max-width: 300px) 100vw, 300px\" \/><\/a><\/p>\n<p>Foto:\u00a0<a title=\"Ir a la galer\u00eda de Jason Kuffer\" href=\"https:\/\/www.flickr.com\/photos\/digiart2001\/\" data-track=\"attributionNameClick\" data-rapid_p=\"21\">Jason Kuffer<\/a>\u00a0&#8211;\u00a0<a href=\"https:\/\/creativecommons.org\/licenses\/by-sa\/2.0\/\">Algunos derechos reservados<\/a><\/p>\n<p>*Foto en principal:\u00a0<a title=\"Ir a la galer\u00eda de beatriz ordu\u00f1a\" href=\"https:\/\/www.flickr.com\/photos\/beatrizor\/\" data-track=\"attributionNameClick\" data-rapid_p=\"21\">beatriz ordu\u00f1a<\/a>\u00a0&#8211;\u00a0<a href=\"https:\/\/creativecommons.org\/licenses\/by-sa\/2.0\/\">Algunos derechos reservados<\/a><\/p>\n<p><strong>Entradas relacionadas:<\/strong><\/p>\n<p><a title=\"Permalink to La fuerza muscular como clave de la longevidad\" href=\"http:\/\/www.eloriente.net\/home\/2014\/09\/02\/la-fuerza-muscular-como-clave-de-la-longevidad\/\" rel=\"bookmark\">La fuerza muscular como clave de la longevidad<\/a><\/p>\n<p><a href=\"http:\/\/www.eloriente.net\/home\/2014\/09\/02\/la-fuerza-muscular-como-clave-de-la-longevidad\/\" rel=\"bookmark\"><img decoding=\"async\" title=\"La fuerza muscular como clave de la longevidad\" src=\"http:\/\/www.eloriente.net\/home\/wp-content\/themes\/city-desk\/timthumb.php?src=http%3A%2F%2Fwww.eloriente.net%2Fhome%2Fwp-content%2Fuploads%2F2014%2F09%2FFuerza-stu_spivack.jpg&amp;q=90&amp;w=160&amp;h=106&amp;zc=1\" alt=\"La fuerza muscular como clave de la longevidad\" \/><\/a><\/p>\n<p>eloriente.net 2\/septiembre\/2014 Durante 24 a\u00f1os, cient\u00edficos de Suecia siguieron a m\u00e1s de un mill\u00f3n de adolescentes para determinar la relaci\u00f3n entre el tiempo de vida y la fuerza de los m\u00fasculos.\u00a0Aquellos j\u00f3venes que presentaron poca fuerza de agarre, as\u00ed como mayor debilidad en los m\u00fasculos de extremidades superiores e inferiores, fueron los que mostraron m\u00e1s [&#8230;]<\/p>\n<p>September 2, 2014<\/p>\n<div id=\"post-30404\">\n<p><a title=\"Permalink to 10 consejos para ser feliz seg\u00fan el Papa Francisco #ViernesdeFelicidad\" href=\"http:\/\/www.eloriente.net\/home\/2014\/08\/01\/10-consejos-para-ser-feliz-segun-el-papa-francisco-viernesdefelicidad\/\" rel=\"bookmark\">10 consejos para ser feliz seg\u00fan el Papa Francisco #ViernesdeFelicidad<\/a><\/p>\n<p><a href=\"http:\/\/www.eloriente.net\/home\/2014\/08\/01\/10-consejos-para-ser-feliz-segun-el-papa-francisco-viernesdefelicidad\/\" rel=\"bookmark\"><img decoding=\"async\" title=\"10 consejos para ser feliz seg\u00fan el Papa Francisco #ViernesdeFelicidad\" src=\"http:\/\/www.eloriente.net\/home\/wp-content\/themes\/city-desk\/timthumb.php?src=http%3A%2F%2Fwww.eloriente.net%2Fhome%2Fwp-content%2Fuploads%2F2014%2F08%2Fpapamnd.jpg&amp;q=90&amp;w=160&amp;h=106&amp;zc=1\" alt=\"10 consejos para ser feliz seg\u00fan el Papa Francisco #ViernesdeFelicidad\" \/><\/a><\/p>\n<p>eloriente.net 1\/agosto\/2014 En una reciente entrevista con Viva, revista dominical\u00a0del diario argentino Clar\u00edn;\u00a0el l\u00edder del catolicismo, el Papa Francisco, dio un dec\u00e1logo de sugerencias para a\u00f1adir mayor bienestar a nuestra vida y alcanzar la felicidad. Los consejos son \u00fatiles y se destacan por la facilidad y simpleza con la que pueden realizarse. Las palabras del [&#8230;]<\/p>\n<p>August 1, 2014<\/p>\n<\/div>\n<div id=\"post-23544\">\n<p><a title=\"Permalink to Conoce aqu\u00ed los niveles de (in)tolerancia social en M\u00e9xico\" href=\"http:\/\/www.eloriente.net\/home\/2014\/04\/02\/conoce-aqui-los-niveles-de-intolerancia-social-en-mexico\/\" rel=\"bookmark\">Conoce aqu\u00ed los niveles de (in)tolerancia social en M\u00e9xico<\/a><\/p>\n<p><a href=\"http:\/\/www.eloriente.net\/home\/2014\/04\/02\/conoce-aqui-los-niveles-de-intolerancia-social-en-mexico\/\" rel=\"bookmark\"><img decoding=\"async\" title=\"Conoce aqu\u00ed los niveles de (in)tolerancia social en M\u00e9xico\" src=\"http:\/\/www.eloriente.net\/home\/wp-content\/themes\/city-desk\/timthumb.php?src=http%3A%2F%2Fwww.eloriente.net%2Fhome%2Fwp-content%2Fuploads%2F2014%2F04%2FIntolerancia-Social-en-M%C3%A9xico.png&amp;q=90&amp;w=160&amp;h=106&amp;zc=1\" alt=\"Conoce aqu\u00ed los niveles de (in)tolerancia social en M\u00e9xico\" \/><\/a><\/p>\n<p>eloriente.net 2 de abril de 2014 La agencia de investigaci\u00f3n de opini\u00f3n p\u00fablica,\u00a0Gabinete de Comunicaci\u00f3n Estrat\u00e9gica, present\u00f3 recientemente su reporte \u2018La intolerancia social en M\u00e9xico 2014\u2032, un estudio que eval\u00faa el grado de respeto a las diferentes ideolog\u00edas en la sociedad mexicana; en cuanto a temas de autodefensas, marihuana, matrimonio y adopci\u00f3n entre personas del [&#8230;]<\/p>\n<p>April 2, 2014<\/p>\n<\/div>\n\n\t\t\t  <div \n\t\t\t  \tclass = \"fb-comments\" \n\t\t\t  \tdata-href = \"http:\/\/www.eloriente.net\/home\/2014\/09\/10\/10-de-septiembre-dia-mundial-para-la-prevencion-del-suicidio\/\"\n\t\t\t  \tdata-numposts = \"10\"\n\t\t\t\tdata-colorscheme = \"dark\"\n\t\t\t\tdata-order-by = \"social\"\n\t\t\t\tdata-mobile=true>\n\t\t\t  <\/div>\n\t\t  <style>\n\t\t\t.fb_iframe_widget_fluid_desktop iframe {\n\t\t\t    width: 100% !important;\n\t\t\t}\n\t\t  <\/style>\n\t\t  ","protected":false},"excerpt":{"rendered":"<p>eloriente.net \/ INEGI 10\/septiembre\/2014 En la mayor\u00eda de los pa\u00edses, el fen\u00f3meno del suicidio es considerado como un indicador directo de la salud mental de la poblaci\u00f3n, en cuyo origen convergen distintos factores de riesgo tanto biol\u00f3gicos como psicol\u00f3gicos y sociales. De acuerdo con la Organizaci\u00f3n Mundial de la Salud (OMS), el suicidio se concibe [&hellip;]<\/p>\n","protected":false},"author":1,"featured_media":32133,"comment_status":"open","ping_status":"open","sticky":false,"template":"","format":"standard","meta":{"_jetpack_memberships_contains_paid_content":false,"footnotes":""},"categories":[1547,22,32,35,24,31],"tags":[2592],"class_list":["post-32086","post","type-post","status-publish","format-standard","has-post-thumbnail","hentry","category-infografias","category-derechos-humanos","category-entradas","category-secciones-oriente","category-mexico-y-el-mundo","category-principal","tag-suicidio"],"jetpack_featured_media_url":"http:\/\/www.eloriente.net\/home\/wp-content\/uploads\/2014\/09\/Tunel-beatriz-ordu\u00f1a.jpg","jetpack_sharing_enabled":true,"_links":{"self":[{"href":"http:\/\/www.eloriente.net\/home\/wp-json\/wp\/v2\/posts\/32086"}],"collection":[{"href":"http:\/\/www.eloriente.net\/home\/wp-json\/wp\/v2\/posts"}],"about":[{"href":"http:\/\/www.eloriente.net\/home\/wp-json\/wp\/v2\/types\/post"}],"author":[{"embeddable":true,"href":"http:\/\/www.eloriente.net\/home\/wp-json\/wp\/v2\/users\/1"}],"replies":[{"embeddable":true,"href":"http:\/\/www.eloriente.net\/home\/wp-json\/wp\/v2\/comments?post=32086"}],"version-history":[{"count":5,"href":"http:\/\/www.eloriente.net\/home\/wp-json\/wp\/v2\/posts\/32086\/revisions"}],"predecessor-version":[{"id":32090,"href":"http:\/\/www.eloriente.net\/home\/wp-json\/wp\/v2\/posts\/32086\/revisions\/32090"}],"wp:featuredmedia":[{"embeddable":true,"href":"http:\/\/www.eloriente.net\/home\/wp-json\/wp\/v2\/media\/32133"}],"wp:attachment":[{"href":"http:\/\/www.eloriente.net\/home\/wp-json\/wp\/v2\/media?parent=32086"}],"wp:term":[{"taxonomy":"category","embeddable":true,"href":"http:\/\/www.eloriente.net\/home\/wp-json\/wp\/v2\/categories?post=32086"},{"taxonomy":"post_tag","embeddable":true,"href":"http:\/\/www.eloriente.net\/home\/wp-json\/wp\/v2\/tags?post=32086"}],"curies":[{"name":"wp","href":"https:\/\/api.w.org\/{rel}","templated":true}]}}