{"id":32101,"date":"2014-09-10T07:52:11","date_gmt":"2014-09-10T13:52:11","guid":{"rendered":"http:\/\/www.eloriente.net\/home\/?p=32101"},"modified":"2014-09-10T08:00:41","modified_gmt":"2014-09-10T14:00:41","slug":"codigo-de-procedimientos-penales-de-oaxaca-modelo-a-seguir","status":"publish","type":"post","link":"http:\/\/www.eloriente.net\/home\/2014\/09\/10\/codigo-de-procedimientos-penales-de-oaxaca-modelo-a-seguir\/","title":{"rendered":"C\u00f3digo de Procedimientos Penales de Oaxaca, modelo a seguir"},"content":{"rendered":"<p>eloriente.net<\/p>\n<p>10\/septiembre\/2014<\/p>\n<p>\u2022 El ex procurador de Justicia del DF, Rodolfo F\u00e9lix C\u00e1rdenas extern\u00f3 su reconocimiento a la claridad del C\u00f3digo de Procedimientos Penales de Oaxaca<\/p>\n<p>El ex procurador de justicia del Distrito Federal, Rodolfo F\u00e9lix C\u00e1rdenas, destac\u00f3 la trascendencia del C\u00f3digo de Procedimientos Penales del Estado de Oaxaca como modelo a seguir en la integraci\u00f3n del nuevo C\u00f3digo Nacional de Procedimientos Penales, el cual cumple con la iniciativa presidencial de unificar las leyes de las entidades federativas para establecer una sola legislaci\u00f3n v\u00e1lida en todo el pa\u00eds.<\/p>\n<p>Al externar su reconocimiento a la claridad de las normas del c\u00f3digo local, el reconocido jurista que particip\u00f3 activamente en la elaboraci\u00f3n de la reci\u00e9n aprobada legislaci\u00f3n federal, asegur\u00f3 que varios aspectos de Oaxaca sirvieron de base para el establecimiento de criterios \u00fanicos de ejecuci\u00f3n de sanciones, la definici\u00f3n de competencias para los diferentes actores del proceso penal y la investigaci\u00f3n cient\u00edfica de los delitos en esta materia.<\/p>\n<p>En su participaci\u00f3n como ponente del curso de actualizaci\u00f3n \u201cC\u00f3digo Nacional de Procedimientos Penales\u201d impartido a magistrados, jueces, secretarios y mediadores del Poder Judicial del Estado, el fundador del Despacho \u201cF\u00e9lix C\u00e1rdenas\u201d del Distrito Federal, celebr\u00f3 que los operadores del nuevo sistema de justicia penal cuenten con las herramientas necesarias para interpretar las disposiciones actuales y puedan aplicarlas al contexto oaxaque\u00f1o.<\/p>\n<p>El C\u00f3digo Nacional de Procedimientos Penales, dijo, busca impulsar la correcta implementaci\u00f3n del sistema acusatorio basado en los juicios orales en todo el pa\u00eds; generar un mejor procedimiento que defienda tanto a las v\u00edctimas como a los presuntos culpables de un delito, privilegiar la presunci\u00f3n de inocencia, adem\u00e1s de exaltar los derechos humanos de las partes involucradas en los procesos.<\/p>\n<p>F\u00e9lix C\u00e1rdenas insisti\u00f3 en que es necesaria una reeducaci\u00f3n social, pues el C\u00f3digo Nacional repara en que la c\u00e1rcel no es la \u00fanica sanci\u00f3n para los responsables de delitos penales, ya que existen otras salidas que dan respuesta a los procedimientos, alejadas de esta medida privativa de la libertad.<\/p>\n<p>El especialista en el nuevo sistema de justicia penal capacit\u00f3 a los funcionarios judiciales acerca del Descubrimiento de la prueba, La prueba, El papel de los actores del proceso penal y otros temas relacionados con los principios del C\u00f3digo Nacional de Procedimientos Penales.<\/p>\n<p>El curso de actualizaci\u00f3n es organizado por la Escuela Judicial en coordinaci\u00f3n con la Secretar\u00eda Ejecutiva del Consejo de Coordinaci\u00f3n para la Implementaci\u00f3n del Sistema Acusatorio en Oaxaca.<\/p>\n<div id='gallery-1' class='gallery galleryid-32101 gallery-columns-3 gallery-size-thumbnail'><figure class='gallery-item'>\n\t\t\t<div class='gallery-icon landscape'>\n\t\t\t\t<a href='http:\/\/www.eloriente.net\/home\/wp-content\/uploads\/2014\/09\/Rodolfo-F\u00e9lix-C\u00e1rdenas-T.jpg'><img loading=\"lazy\" decoding=\"async\" width=\"150\" height=\"150\" src=\"http:\/\/www.eloriente.net\/home\/wp-content\/uploads\/2014\/09\/Rodolfo-F\u00e9lix-C\u00e1rdenas-T-150x150.jpg\" class=\"attachment-thumbnail size-thumbnail\" alt=\"\" srcset=\"http:\/\/www.eloriente.net\/home\/wp-content\/uploads\/2014\/09\/Rodolfo-F\u00e9lix-C\u00e1rdenas-T-150x150.jpg 150w, http:\/\/www.eloriente.net\/home\/wp-content\/uploads\/2014\/09\/Rodolfo-F\u00e9lix-C\u00e1rdenas-T-50x50.jpg 50w\" sizes=\"(max-width: 150px) 100vw, 150px\" \/><\/a>\n\t\t\t<\/div><\/figure><figure class='gallery-item'>\n\t\t\t<div class='gallery-icon landscape'>\n\t\t\t\t<a href='http:\/\/www.eloriente.net\/home\/wp-content\/uploads\/2014\/09\/Funcionarios-judiciales-fueron-capacitados-T.jpg'><img loading=\"lazy\" decoding=\"async\" width=\"150\" height=\"150\" src=\"http:\/\/www.eloriente.net\/home\/wp-content\/uploads\/2014\/09\/Funcionarios-judiciales-fueron-capacitados-T-150x150.jpg\" class=\"attachment-thumbnail size-thumbnail\" alt=\"\" srcset=\"http:\/\/www.eloriente.net\/home\/wp-content\/uploads\/2014\/09\/Funcionarios-judiciales-fueron-capacitados-T-150x150.jpg 150w, http:\/\/www.eloriente.net\/home\/wp-content\/uploads\/2014\/09\/Funcionarios-judiciales-fueron-capacitados-T-50x50.jpg 50w\" sizes=\"(max-width: 150px) 100vw, 150px\" \/><\/a>\n\t\t\t<\/div><\/figure>\n\t\t<\/div>\n\n<p>Fotos: H. Tribunal Superior de Justicia<\/p>\n<p><strong>Entradas relacionadas:<\/strong><\/p>\n<p><a title=\"Permalink to Guardan en libro diez a\u00f1os de construcci\u00f3n feminista\" href=\"http:\/\/www.eloriente.net\/home\/2014\/09\/01\/guardan-en-libro-diez-anos-de-construccion-feminista\/\" rel=\"bookmark\">Guardan en libro diez a\u00f1os de construcci\u00f3n feminista<\/a><\/p>\n<p><a href=\"http:\/\/www.eloriente.net\/home\/2014\/09\/01\/guardan-en-libro-diez-anos-de-construccion-feminista\/\" rel=\"bookmark\"><img decoding=\"async\" title=\"Guardan en libro diez a\u00f1os de construcci\u00f3n feminista\" src=\"http:\/\/www.eloriente.net\/home\/wp-content\/themes\/city-desk\/timthumb.php?src=http%3A%2F%2Fwww.eloriente.net%2Fhome%2Fwp-content%2Fuploads%2F2014%2F09%2Fconcierto.jpg&amp;q=90&amp;w=160&amp;h=106&amp;zc=1\" alt=\"Guardan en libro diez a\u00f1os de construcci\u00f3n feminista\" \/><\/a><\/p>\n<p>eloriente.net 1\/septiembre\/2014 \u2022 El dolor generado por feminicidios ocurridos en Oaxaca y los avances en defensa de los derechos de las mujeres, fueron registrados por el Consorcio para el Di\u00e1logo Parlamentario y la Equidad Oaxaca A.C. M\u00e1s de 20 historias distribuidas en 82 p\u00e1ginas, que describen el dolor generado por los feminicidios cometidos en diferentes [&#8230;]<\/p>\n<p>September 1, 2014<\/p>\n<div id=\"post-31342\">\n<p><a title=\"Permalink to Son explicadas facultades y atribuciones del Tribunal de Fiscalizaci\u00f3n a municipios\" href=\"http:\/\/www.eloriente.net\/home\/2014\/08\/22\/son-explicadas-facultades-y-atribuciones-del-tribunal-de-fiscalizacion-a-municipios\/\" rel=\"bookmark\">Son explicadas facultades y atribuciones del Tribunal de Fiscalizaci\u00f3n a municipios<\/a><\/p>\n<p><a href=\"http:\/\/www.eloriente.net\/home\/2014\/08\/22\/son-explicadas-facultades-y-atribuciones-del-tribunal-de-fiscalizacion-a-municipios\/\" rel=\"bookmark\"><img decoding=\"async\" title=\"Son explicadas facultades y atribuciones del Tribunal de Fiscalizaci\u00f3n a municipios\" src=\"http:\/\/www.eloriente.net\/home\/wp-content\/themes\/city-desk\/timthumb.php?src=http%3A%2F%2Fwww.eloriente.net%2Fhome%2Fwp-content%2Fuploads%2F2014%2F08%2FMagistrados-del-Tribunal-de-Fiscalizaci%C3%B3n-con-autoridades-municipales-T-.jpg&amp;q=90&amp;w=160&amp;h=106&amp;zc=1\" alt=\"Son explicadas facultades y atribuciones del Tribunal de Fiscalizaci\u00f3n a municipios\" \/><\/a><\/p>\n<p>eloriente.net 22\/agosto\/2014 \u2022 Magistrados del Tribunal de Fiscalizaci\u00f3n llevaron a cabo actividades de difusi\u00f3n de la labor que realizan entre autoridades de municipios de la Cuenca, Mixteca y Sierra Sur Al sostener diferentes encuentros con presidentes municipales, secretarios y regidores de siete ayuntamientos de las regiones de la Cuenca, Sierra Norte y la Mixteca para [&#8230;]<\/p>\n<p>August 22, 2014<\/p>\n<\/div>\n<div id=\"post-31136\">\n<p><a title=\"Permalink to Programas del segundo semestre en el Poder Judicial\" href=\"http:\/\/www.eloriente.net\/home\/2014\/08\/18\/los-programas-y-acciones-del-poder-judicial-buscan-vincularse-con-la-sociedad\/\" rel=\"bookmark\">Programas del segundo semestre en el Poder Judicial<\/a><\/p>\n<p><a href=\"http:\/\/www.eloriente.net\/home\/2014\/08\/18\/los-programas-y-acciones-del-poder-judicial-buscan-vincularse-con-la-sociedad\/\" rel=\"bookmark\"><img decoding=\"async\" title=\"Programas del segundo semestre en el Poder Judicial\" src=\"http:\/\/www.eloriente.net\/home\/wp-content\/themes\/city-desk\/timthumb.php?src=http%3A%2F%2Fwww.eloriente.net%2Fhome%2Fwp-content%2Fuploads%2F2014%2F08%2FReuni%C3%B3n-de-trabajo-con-el-Consejo-de-la-Judicatura-1.jpg&amp;q=90&amp;w=160&amp;h=106&amp;zc=1\" alt=\"Programas del segundo semestre en el Poder Judicial\" \/><\/a><\/p>\n<p>eloriente.net 18\/agost0\/2014\u00a0 Programas lanzados en el segundo semestre del a\u00f1o afianzar\u00e1n v\u00ednculos con la sociedad, anunci\u00f3 el titular del Poder Judicial, magistrado Alfredo Rodrigo Lagunas Socializar las acciones y programas debe ser una prioridad para todo organismo p\u00fablico, ya que de esta manera la ciudadan\u00eda conoce y cuenta con informaci\u00f3n que le permite ejercer sus [&#8230;]<\/p>\n<p>August 18, 2014<\/p>\n<\/div>\n\n\t\t\t  <div \n\t\t\t  \tclass = \"fb-comments\" \n\t\t\t  \tdata-href = \"http:\/\/www.eloriente.net\/home\/2014\/09\/10\/codigo-de-procedimientos-penales-de-oaxaca-modelo-a-seguir\/\"\n\t\t\t  \tdata-numposts = \"10\"\n\t\t\t\tdata-colorscheme = \"dark\"\n\t\t\t\tdata-order-by = \"social\"\n\t\t\t\tdata-mobile=true>\n\t\t\t  <\/div>\n\t\t  <style>\n\t\t\t.fb_iframe_widget_fluid_desktop iframe {\n\t\t\t    width: 100% !important;\n\t\t\t}\n\t\t  <\/style>\n\t\t  ","protected":false},"excerpt":{"rendered":"<p>eloriente.net 10\/septiembre\/2014 \u2022 El ex procurador de Justicia del DF, Rodolfo F\u00e9lix C\u00e1rdenas extern\u00f3 su reconocimiento a la claridad del C\u00f3digo de Procedimientos Penales de Oaxaca El ex procurador de justicia del Distrito Federal, Rodolfo F\u00e9lix C\u00e1rdenas, destac\u00f3 la trascendencia del C\u00f3digo de Procedimientos Penales del Estado de Oaxaca como modelo a seguir en la [&hellip;]<\/p>\n","protected":false},"author":1,"featured_media":32103,"comment_status":"open","ping_status":"open","sticky":false,"template":"","format":"standard","meta":{"_jetpack_memberships_contains_paid_content":false,"footnotes":""},"categories":[1588,91,32,10],"tags":[225],"class_list":["post-32101","post","type-post","status-publish","format-standard","has-post-thumbnail","hentry","category-comunicados-y-boletines","category-congreso-y-justicia","category-entradas","category-lo-mas-reciente","tag-tsj"],"jetpack_featured_media_url":"http:\/\/www.eloriente.net\/home\/wp-content\/uploads\/2014\/09\/Funcionarios-judiciales-fueron-capacitados-T.jpg","jetpack_sharing_enabled":true,"_links":{"self":[{"href":"http:\/\/www.eloriente.net\/home\/wp-json\/wp\/v2\/posts\/32101"}],"collection":[{"href":"http:\/\/www.eloriente.net\/home\/wp-json\/wp\/v2\/posts"}],"about":[{"href":"http:\/\/www.eloriente.net\/home\/wp-json\/wp\/v2\/types\/post"}],"author":[{"embeddable":true,"href":"http:\/\/www.eloriente.net\/home\/wp-json\/wp\/v2\/users\/1"}],"replies":[{"embeddable":true,"href":"http:\/\/www.eloriente.net\/home\/wp-json\/wp\/v2\/comments?post=32101"}],"version-history":[{"count":3,"href":"http:\/\/www.eloriente.net\/home\/wp-json\/wp\/v2\/posts\/32101\/revisions"}],"predecessor-version":[{"id":32111,"href":"http:\/\/www.eloriente.net\/home\/wp-json\/wp\/v2\/posts\/32101\/revisions\/32111"}],"wp:featuredmedia":[{"embeddable":true,"href":"http:\/\/www.eloriente.net\/home\/wp-json\/wp\/v2\/media\/32103"}],"wp:attachment":[{"href":"http:\/\/www.eloriente.net\/home\/wp-json\/wp\/v2\/media?parent=32101"}],"wp:term":[{"taxonomy":"category","embeddable":true,"href":"http:\/\/www.eloriente.net\/home\/wp-json\/wp\/v2\/categories?post=32101"},{"taxonomy":"post_tag","embeddable":true,"href":"http:\/\/www.eloriente.net\/home\/wp-json\/wp\/v2\/tags?post=32101"}],"curies":[{"name":"wp","href":"https:\/\/api.w.org\/{rel}","templated":true}]}}