{"id":32105,"date":"2014-09-10T07:58:40","date_gmt":"2014-09-10T13:58:40","guid":{"rendered":"http:\/\/www.eloriente.net\/home\/?p=32105"},"modified":"2021-09-13T15:08:04","modified_gmt":"2021-09-13T21:08:04","slug":"comision-ejecutiva-de-enfermeria-de-la-uabjo-unica-autoridad-academica-reconocida","status":"publish","type":"post","link":"http:\/\/www.eloriente.net\/home\/2014\/09\/10\/comision-ejecutiva-de-enfermeria-de-la-uabjo-unica-autoridad-academica-reconocida\/","title":{"rendered":"Comisi\u00f3n Ejecutiva de Enfermer\u00eda de la UABJO, \u00fanica autoridad acad\u00e9mica reconocida"},"content":{"rendered":"<p><center><script async src=\"https:\/\/pagead2.googlesyndication.com\/pagead\/js\/adsbygoogle.js\"><\/script><br \/>\n<!-- BANNER ELORIENTE INCRUSTADO NOTAS --><br \/>\n<ins class=\"adsbygoogle\" style=\"display: inline-block; width: 300px; height: 250px;\" data-ad-client=\"ca-pub-1136171134853753\" data-ad-slot=\"7974633627\"><\/ins><br \/>\n<script>\n     (adsbygoogle = window.adsbygoogle || []).push({});\n<\/script><center><\/center><\/center><\/p>\n<ul>\n<li><em><strong>Firme e inatacable la resoluci\u00f3n del Poder Judicial de la Federaci\u00f3n<\/strong><\/em><\/li>\n<\/ul>\n<p><em>Los Magistrados que integran el Tribunal Colegiado en materias de Trabajo y Administrativa del D\u00e9cimo Tercer Circuito dependiente del Poder Judicial de la Federaci\u00f3n, Licenciados Jorge Valencia M\u00e9ndez y Jaime Allier Campuzano, Roberto G\u00f3mez Arg\u00fcello \u00a0resolvieron confirmar la sentencia impugnada en el recurso de revisi\u00f3n en materia administrativa n\u00famero 151\/2014, interpuesto por Maribel L\u00f3pez P\u00e9rez y otros.<\/em><\/p>\n<p><em>La Ejecutoria de fecha 26 de agosto, resolvi\u00f3 confirmar la sentencia impugnada y sobreseer en el juicio de amparo, lo que tiene como consecuencia archivar el presente asunto como concluido.<\/em><\/p>\n<p><em>De tal modo, se pone fin al juicio de amparo promovido por <\/em>Leticia In\u00e9s Cruz Lara, Gabriel \u00c1ngeles Hern\u00e1ndez, Haydee Morales Saavedra, Mart\u00edn Esteban Altamirano, Oscar Iv\u00e1n Porras Sosa, Luis \u00c1ngel P\u00e9rez Vargas, Daniela Itzel Camacho Pinelo, H\u00e9ctor Daniel Pineda Luis y Maribel L\u00f3pez L\u00f3pez, en contra del auto reclamado a las autoridades responsables, que result\u00f3 cierto.<\/p>\n<p>Al respecto el apoderado legal de la Universidad Aut\u00f3noma \u201cBenito Ju\u00e1rez\u201d de Oaxaca (UABJO), Daniel Jim\u00e9nez Arango inform\u00f3 que lo anterior se sustenta en la sentencia del juicio de amparo n\u00famero 1455\/2013, en el cual se decreta que la decisi\u00f3n tomada por el Honorable Consejo Universitario en cuanto al nombramiento de la Comisi\u00f3n Ejecutiva a cargo de la Direcci\u00f3n de la Facultad de Enfermer\u00eda y Obstetricia de Oaxaca, se apega a la Constituci\u00f3n Pol\u00edtica de los Estados Unidos Mexicanos y al ordenamiento universitario vigente, ya que constituye una facultad de autogobierno universitario, en el \u00e1mbito de la garant\u00eda constitucional de autonom\u00eda.<\/p>\n<p>Con esta determinaci\u00f3n se informa nuevamente a la comunidad universitaria, en especial a los estudiantes de la Licenciatura en Enfermer\u00eda y Obstetricia en C.U, y padres de familia, que la Comisi\u00f3n Ejecutiva presidida por la maestra Mar\u00eda del Refugio Caballero Merl\u00edn e integrada por Gabriel Andr\u00e9s Pizarro Castillo, Miguel Amado Wilches Ramiro y V\u00edctor Antonio Ric\u00e1rdez Espinoza, son la \u00fanica autoridad acad\u00e9mica y administrativa en la Facultad.<\/p>\n<p>De acuerdo a lo anterior, se invita a los j\u00f3venes a no confundirse y a realizar todas las gestiones acad\u00e9micas y administrativas relacionadas con su formaci\u00f3n en dicha licenciatura, a dirigirse a los integrantes de la Comisi\u00f3n, quienes atienden en un horario de 9:00 a 13:00 en las instalaciones que ocupa la preparatoria n\u00famero 5, o bien para cualquier duda acudir a la Secretar\u00eda Acad\u00e9mica, ubicada en la planta baja del edificio A de rector\u00eda, o comunicarse al tel\u00e9fono 50 20 700 extensi\u00f3n 20141.<\/p>\n<div id='gallery-1' class='gallery galleryid-32105 gallery-columns-3 gallery-size-thumbnail'><figure class='gallery-item'>\n\t\t\t<div class='gallery-icon landscape'>\n\t\t\t\t<a href='http:\/\/www.eloriente.net\/home\/wp-content\/uploads\/2014\/09\/091.jpg'><img loading=\"lazy\" decoding=\"async\" width=\"150\" height=\"150\" src=\"http:\/\/www.eloriente.net\/home\/wp-content\/uploads\/2014\/09\/091-150x150.jpg\" class=\"attachment-thumbnail size-thumbnail\" alt=\"\" srcset=\"http:\/\/www.eloriente.net\/home\/wp-content\/uploads\/2014\/09\/091-150x150.jpg 150w, http:\/\/www.eloriente.net\/home\/wp-content\/uploads\/2014\/09\/091-50x50.jpg 50w\" sizes=\"(max-width: 150px) 100vw, 150px\" \/><\/a>\n\t\t\t<\/div><\/figure><figure class='gallery-item'>\n\t\t\t<div class='gallery-icon landscape'>\n\t\t\t\t<a href='http:\/\/www.eloriente.net\/home\/wp-content\/uploads\/2014\/09\/092.jpg'><img loading=\"lazy\" decoding=\"async\" width=\"150\" height=\"150\" src=\"http:\/\/www.eloriente.net\/home\/wp-content\/uploads\/2014\/09\/092-150x150.jpg\" class=\"attachment-thumbnail size-thumbnail\" alt=\"\" srcset=\"http:\/\/www.eloriente.net\/home\/wp-content\/uploads\/2014\/09\/092-150x150.jpg 150w, http:\/\/www.eloriente.net\/home\/wp-content\/uploads\/2014\/09\/092-50x50.jpg 50w\" sizes=\"(max-width: 150px) 100vw, 150px\" \/><\/a>\n\t\t\t<\/div><\/figure><figure class='gallery-item'>\n\t\t\t<div class='gallery-icon landscape'>\n\t\t\t\t<a href='http:\/\/www.eloriente.net\/home\/wp-content\/uploads\/2014\/09\/093.jpg'><img loading=\"lazy\" decoding=\"async\" width=\"150\" height=\"150\" src=\"http:\/\/www.eloriente.net\/home\/wp-content\/uploads\/2014\/09\/093-150x150.jpg\" class=\"attachment-thumbnail size-thumbnail\" alt=\"\" srcset=\"http:\/\/www.eloriente.net\/home\/wp-content\/uploads\/2014\/09\/093-150x150.jpg 150w, http:\/\/www.eloriente.net\/home\/wp-content\/uploads\/2014\/09\/093-50x50.jpg 50w\" sizes=\"(max-width: 150px) 100vw, 150px\" \/><\/a>\n\t\t\t<\/div><\/figure><figure class='gallery-item'>\n\t\t\t<div class='gallery-icon landscape'>\n\t\t\t\t<a href='http:\/\/www.eloriente.net\/home\/wp-content\/uploads\/2014\/09\/09.jpg'><img loading=\"lazy\" decoding=\"async\" width=\"150\" height=\"150\" src=\"http:\/\/www.eloriente.net\/home\/wp-content\/uploads\/2014\/09\/09-150x150.jpg\" class=\"attachment-thumbnail size-thumbnail\" alt=\"\" srcset=\"http:\/\/www.eloriente.net\/home\/wp-content\/uploads\/2014\/09\/09-150x150.jpg 150w, http:\/\/www.eloriente.net\/home\/wp-content\/uploads\/2014\/09\/09-50x50.jpg 50w\" sizes=\"(max-width: 150px) 100vw, 150px\" \/><\/a>\n\t\t\t<\/div><\/figure>\n\t\t<\/div>\n\n<p>Fotos: Universidad Aut\u00f3noma \u00abBenito Ju\u00e1rez\u00bb de Oaxaca<\/p>\n<h3>M\u00e1s videos en el Canal de Youtube de El Oriente:<\/h3>\n<p><iframe loading=\"lazy\" title=\"YouTube video player\" src=\"https:\/\/www.youtube.com\/embed\/eZsN5OZT9xE\" width=\"560\" height=\"315\" frameborder=\"0\" allowfullscreen=\"allowfullscreen\"><\/iframe><\/p>\n<p><strong>Entradas relacionadas:<\/strong><\/p>\n<p><a title=\"Permalink to Fotograf\u00eda Contempor\u00e1nea en Am\u00e9rica Latina por Luna Zeta\" href=\"http:\/\/www.eloriente.net\/home\/2014\/09\/09\/fotografia-contemporanea-en-america-latina-por-luna-zeta\/\" rel=\"bookmark\">Fotograf\u00eda Contempor\u00e1nea en Am\u00e9rica Latina por Luna Zeta<\/a><\/p>\n<p><a href=\"http:\/\/www.eloriente.net\/home\/2014\/09\/09\/fotografia-contemporanea-en-america-latina-por-luna-zeta\/\" rel=\"bookmark\"><img decoding=\"async\" title=\"Fotograf\u00eda Contempor\u00e1nea en Am\u00e9rica Latina por Luna Zeta\" src=\"http:\/\/www.eloriente.net\/home\/wp-content\/themes\/city-desk\/timthumb.php?src=http%3A%2F%2Fwww.eloriente.net%2Fhome%2Fwp-content%2Fuploads%2F2014%2F09%2FLUNA_ZETA_33.jpg&amp;q=90&amp;w=160&amp;h=106&amp;zc=1\" alt=\"Fotograf\u00eda Contempor\u00e1nea en Am\u00e9rica Latina por Luna Zeta\" \/><\/a><\/p>\n<p>eloriente.net 9\/septiembre\/2014 Creada en 1998 como una alternativa independiente para la difusi\u00f3n del arte y la cultura, la Revista Luna Zeta presentar\u00e1 su edici\u00f3n n\u00famero 33, dedicada a la Fotograf\u00eda Contempor\u00e1nea en Am\u00e9rica Latina. Entre las personalidades que presentan este n\u00famero, se encuentran Karina Ju\u00e1rez, Judith Romero, Mauricio Toro Goya y Abraham Nah\u00f3n. El evento [&#8230;]<\/p>\n<p>September 9, 2014<\/p>\n<div id=\"post-31987\">\n<p><a title=\"Permalink to UABJO abre Maestr\u00eda en Derecho Privado\" href=\"http:\/\/www.eloriente.net\/home\/2014\/09\/06\/uabjo-abre-maestria-en-derecho-privado\/\" rel=\"bookmark\">UABJO abre Maestr\u00eda en Derecho Privado<\/a><\/p>\n<p><a href=\"http:\/\/www.eloriente.net\/home\/2014\/09\/06\/uabjo-abre-maestria-en-derecho-privado\/\" rel=\"bookmark\"><img decoding=\"async\" title=\"UABJO abre Maestr\u00eda en Derecho Privado\" src=\"http:\/\/www.eloriente.net\/home\/wp-content\/themes\/city-desk\/timthumb.php?src=http%3A%2F%2Fwww.eloriente.net%2Fhome%2Fwp-content%2Fuploads%2F2014%2F09%2F071.jpg&amp;q=90&amp;w=160&amp;h=106&amp;zc=1\" alt=\"UABJO abre Maestr\u00eda en Derecho Privado\" \/><\/a><\/p>\n<p>eloriente.net \/ UABJO 6\/septiembre\/2014 La Universidad Aut\u00f3noma \u201cBenito Ju\u00e1rez\u201d de Oaxaca (UABJO) a trav\u00e9s de la Coordinaci\u00f3n General de Estudios de Posgrado e Investigaci\u00f3n Jur\u00eddica de la Facultad de Derecho y Ciencias Sociales (FDCS) inici\u00f3 las actividades correspondientes a la Maestr\u00eda en Derecho Privado que abordara temas en Derecho Civil y Mercantil. Durante el acto [&#8230;]<\/p>\n<p>September 6, 2014<\/p>\n<\/div>\n<div id=\"post-31882\">\n<p><a title=\"Permalink to Guelaguetza de libros se presenta en Nueva York\" href=\"http:\/\/www.eloriente.net\/home\/2014\/09\/04\/guelaguetza-de-libros-se-presenta-en-nueva-york\/\" rel=\"bookmark\">Guelaguetza de libros se presenta en Nueva York<\/a><\/p>\n<p><a href=\"http:\/\/www.eloriente.net\/home\/2014\/09\/04\/guelaguetza-de-libros-se-presenta-en-nueva-york\/\" rel=\"bookmark\"><img decoding=\"async\" title=\"Guelaguetza de libros se presenta en Nueva York\" src=\"http:\/\/www.eloriente.net\/home\/wp-content\/themes\/city-desk\/timthumb.php?src=http%3A%2F%2Fwww.eloriente.net%2Fhome%2Fwp-content%2Fuploads%2F2014%2F09%2FNY-Darren-Johnson.jpg&amp;q=90&amp;w=160&amp;h=106&amp;zc=1\" alt=\"Guelaguetza de libros se presenta en Nueva York\" \/><\/a><\/p>\n<p>eloriente.net 4\/septiembre\/2014 Presentan el proyecto de investigaci\u00f3n aplicado a municipios Se han entregado 6, 600 libros, beneficiando a 13 localidades Luego de haberse aplicado en m\u00e1s de 13 municipios de la entidad oaxaque\u00f1a, a lo largo de tres a\u00f1os ininterrumpidos de trabajo, se presenta en el XXI Congreso Internacional de Educaci\u00f3n y Aprendizaje, celebrado en [&#8230;]<\/p>\n<p>September 4, 2014<\/p>\n<\/div>\n\n\t\t\t  <div \n\t\t\t  \tclass = \"fb-comments\" \n\t\t\t  \tdata-href = \"http:\/\/www.eloriente.net\/home\/2014\/09\/10\/comision-ejecutiva-de-enfermeria-de-la-uabjo-unica-autoridad-academica-reconocida\/\"\n\t\t\t  \tdata-numposts = \"10\"\n\t\t\t\tdata-colorscheme = \"dark\"\n\t\t\t\tdata-order-by = \"social\"\n\t\t\t\tdata-mobile=true>\n\t\t\t  <\/div>\n\t\t  <style>\n\t\t\t.fb_iframe_widget_fluid_desktop iframe {\n\t\t\t    width: 100% !important;\n\t\t\t}\n\t\t  <\/style>\n\t\t  ","protected":false},"excerpt":{"rendered":"<p>Firme e inatacable la resoluci\u00f3n del Poder Judicial de la Federaci\u00f3n Los Magistrados que integran el Tribunal Colegiado en materias de Trabajo y Administrativa del D\u00e9cimo Tercer Circuito dependiente del Poder Judicial de la Federaci\u00f3n, Licenciados Jorge Valencia M\u00e9ndez y Jaime Allier Campuzano, Roberto G\u00f3mez Arg\u00fcello \u00a0resolvieron confirmar la sentencia impugnada en el recurso de [&hellip;]<\/p>\n","protected":false},"author":1,"featured_media":32109,"comment_status":"open","ping_status":"open","sticky":false,"template":"","format":"standard","meta":{"_jetpack_memberships_contains_paid_content":false,"footnotes":""},"categories":[1588,32,10,84],"tags":[182],"class_list":["post-32105","post","type-post","status-publish","format-standard","has-post-thumbnail","hentry","category-comunicados-y-boletines","category-entradas","category-lo-mas-reciente","category-universidades","tag-uabjo"],"jetpack_featured_media_url":"http:\/\/www.eloriente.net\/home\/wp-content\/uploads\/2014\/09\/09.jpg","jetpack_sharing_enabled":true,"_links":{"self":[{"href":"http:\/\/www.eloriente.net\/home\/wp-json\/wp\/v2\/posts\/32105"}],"collection":[{"href":"http:\/\/www.eloriente.net\/home\/wp-json\/wp\/v2\/posts"}],"about":[{"href":"http:\/\/www.eloriente.net\/home\/wp-json\/wp\/v2\/types\/post"}],"author":[{"embeddable":true,"href":"http:\/\/www.eloriente.net\/home\/wp-json\/wp\/v2\/users\/1"}],"replies":[{"embeddable":true,"href":"http:\/\/www.eloriente.net\/home\/wp-json\/wp\/v2\/comments?post=32105"}],"version-history":[{"count":3,"href":"http:\/\/www.eloriente.net\/home\/wp-json\/wp\/v2\/posts\/32105\/revisions"}],"predecessor-version":[{"id":65025,"href":"http:\/\/www.eloriente.net\/home\/wp-json\/wp\/v2\/posts\/32105\/revisions\/65025"}],"wp:featuredmedia":[{"embeddable":true,"href":"http:\/\/www.eloriente.net\/home\/wp-json\/wp\/v2\/media\/32109"}],"wp:attachment":[{"href":"http:\/\/www.eloriente.net\/home\/wp-json\/wp\/v2\/media?parent=32105"}],"wp:term":[{"taxonomy":"category","embeddable":true,"href":"http:\/\/www.eloriente.net\/home\/wp-json\/wp\/v2\/categories?post=32105"},{"taxonomy":"post_tag","embeddable":true,"href":"http:\/\/www.eloriente.net\/home\/wp-json\/wp\/v2\/tags?post=32105"}],"curies":[{"name":"wp","href":"https:\/\/api.w.org\/{rel}","templated":true}]}}