{"id":32122,"date":"2014-09-14T00:00:03","date_gmt":"2014-09-14T06:00:03","guid":{"rendered":"http:\/\/www.eloriente.net\/home\/?p=32122"},"modified":"2014-09-13T08:44:26","modified_gmt":"2014-09-13T14:44:26","slug":"la-nueva-era-jovenes-emprendedores-ambiciosos","status":"publish","type":"post","link":"http:\/\/www.eloriente.net\/home\/2014\/09\/14\/la-nueva-era-jovenes-emprendedores-ambiciosos\/","title":{"rendered":"La nueva era: J\u00f3venes emprendedores ambiciosos"},"content":{"rendered":"<p>eloriente.net<\/p>\n<p>14\/septiembre\/2014<\/p>\n<p style=\"text-align: right\">Por\u00a0<a href=\"http:\/\/www.eloriente.net\/home\/category\/colaboradores\/viridiana-martinez\/\">Viridiana Mart\u00ednez M\u00e9ndez<\/a><\/p>\n<p>Mientras que muchos due\u00f1os de empresas se sienten orgullosos de definirse como emprendedores, el 90% de la gente cree que la palabra emprendedor tiene poco que ver con tomar una iniciativa empresarial y m\u00e1s con una\u00a0<strong>actitud mental<\/strong>.<\/p>\n<p>Esta idea de que \u201ct\u00fa eres lo que dices que eres\u201d est\u00e1 pegando a una edad cada vez m\u00e1s temprana. El 58% de los nacidos en la pen\u00faltima d\u00e9cada del siglo XX se llaman a s\u00ed mismos emprendedores, de acuerdo con un reporte de oDesk, una plataforma en l\u00ednea para contrataci\u00f3n de personal, y Milennial Branding, una firma consultora sobre la generaci\u00f3n Y.<\/p>\n<p>Adem\u00e1s, cabe se\u00f1alar que el 75% de los entrevistados apunta que los beneficios de emprender sobrepasan los inconvenientes.<\/p>\n<p>Para elaborar el estudio, se encuest\u00f3 a 3,193 individuos, de los cuales 1,958 pertenecen a la generaci\u00f3n del milenio, un segmento de la poblaci\u00f3n que se define como individuos nacidos entre los a\u00f1os 1982 y 1993.<\/p>\n<p>En el pa\u00eds, datos recopilados por la consultora IBOPE AGB M\u00e9xico revelan que el 35% de la poblaci\u00f3n mexicana pertenece a la generaci\u00f3n Y, llamada tambi\u00e9n\u00a0<strong>generaci\u00f3n del Milenio o generaci\u00f3n Internet<\/strong>.<\/p>\n<p>Establecer metas es una pieza fundamental para elegir el negocio para ti. Realizar lo que te apasiona es una parte integral en la vida de todo emprendedor, ya que de lo contario es posible que desistas y abandones lo que comenzaste.<\/p>\n<p>Se debe establecer metas , las cuales pueden tener estas cualidades:<\/p>\n<p><strong>Especificidad.<\/strong>\u00a0Tienes mejores oportunidades de alcanzar una meta si \u00e9sta es espec\u00edfica. \u201cConseguir capital\u201d no es una meta espec\u00edfica; \u201cconseguir $150,000.00\u00a0 para el 1 de julio\u201d, s\u00ed lo es.<\/p>\n<p><strong>Optimismo.<\/strong>\u00a0S\u00e9 optimista cuando fijes metas. \u201cSer capaz de pagar las cuentas\u201d no es precisamente una meta inspiradora. \u201cLograr seguridad financiera\u201d enuncia tu objetivo de una manera m\u00e1s positiva, orienta tu energ\u00eda a lograrlo.<\/p>\n<p><strong>Realismo.<\/strong>\u00a0Si estableces la meta de ganar $2 mill\u00f3n en un mes cuando t\u00fa jam\u00e1s has ganado eso en un a\u00f1o, se trata de un objetivo nada realista. Comienza con peque\u00f1os pasos, como incrementar un 20 % tu ingreso mensual. Una vez que hayas alcanzado tu primera meta, puedes fijar unas m\u00e1s grandes.<\/p>\n<p><strong>Corto y largo plazos.<\/strong>\u00a0Las metas a corto plazo son las que resultan asequibles en algunas semanas y hasta en un a\u00f1o. Las metas de largo plazo pueden abarcar cinco, 10 e incluso 20 a\u00f1os. Deben ser sustancialmente mayores que las de corto plazo, pero aun as\u00ed deben ser realistas.<\/p>\n<p>Las metas a corto plazo puede ser desde una semana, mes o un a\u00f1o.<\/p>\n<p>A la hora de fijarse metas, hay que considerar algunos factores:<\/p>\n<p><strong>Ingresos.<\/strong>\u00a0 Calcula cu\u00e1nto dinero quieres generar durante tu primer a\u00f1o de operaciones y cu\u00e1nto cada a\u00f1o a partir de entonces, hasta sumar cinco a\u00f1os.<\/p>\n<p><strong>Estilo de vida.<\/strong>\u00a0Esto incluye aspectos como viajar, horas de trabajo, inversi\u00f3n de recursos personales y ubicaci\u00f3n geogr\u00e1fica.<\/p>\n<p><strong>Tipo de trabajo.<\/strong>\u00a0Para establecer metas de acuerdo con el tipo de trabajo, necesitas determinar si te visualizas trabajando al aire libre, en una oficina, con computadoras, por tel\u00e9fono, con montones de personas, con ni\u00f1os, etc\u00e9tera.<\/p>\n<p><strong>Satisfacci\u00f3n personal.\u00a0<\/strong>L\u00e1nzate a los negocios con los ojos bien abiertos con respecto a tus fortalezas y debilidades, lo que te agrada y lo que te disgusta, as\u00ed como con objetivos claros te permitir\u00e1 confrontar las decisiones que deber\u00e1s encarar con m\u00e1s seguridad y muchas m\u00e1s posibilidades de \u00e9xito.<\/p>\n<p>As\u00ed que ya sabes que se necesita para alcanzar tus objetivos, no esperes m\u00e1s y comienza a emprender.<\/p>\n<p><a href=\"http:\/\/www.eloriente.net\/home\/wp-content\/uploads\/2014\/09\/n_20082014171318.jpg\"><img loading=\"lazy\" decoding=\"async\" class=\"alignnone size-medium wp-image-32123\" src=\"http:\/\/www.eloriente.net\/home\/wp-content\/uploads\/2014\/09\/n_20082014171318-300x128.jpg\" alt=\"\" width=\"300\" height=\"128\" srcset=\"http:\/\/www.eloriente.net\/home\/wp-content\/uploads\/2014\/09\/n_20082014171318-300x128.jpg 300w, http:\/\/www.eloriente.net\/home\/wp-content\/uploads\/2014\/09\/n_20082014171318.jpg 700w\" sizes=\"(max-width: 300px) 100vw, 300px\" \/><\/a><\/p>\n<p>Foto: Viridiana Mart\u00ednez<\/p>\n<p><strong>Entradas relacionadas:<\/strong><\/p>\n<p><a title=\"Permalink to MiPyMEs, piedra angular que debe expandirse\" href=\"http:\/\/www.eloriente.net\/home\/2014\/09\/07\/mipymes-piedra-angular-que-debe-expandirse\/\" rel=\"bookmark\">MiPyMEs, piedra angular que debe expandirse<\/a><\/p>\n<p><a href=\"http:\/\/www.eloriente.net\/home\/2014\/09\/07\/mipymes-piedra-angular-que-debe-expandirse\/\" rel=\"bookmark\"><img decoding=\"async\" src=\"http:\/\/www.eloriente.net\/home\/wp-content\/themes\/city-desk\/timthumb.php?src=http%3A%2F%2Fwww.eloriente.net%2Fhome%2Fwp-content%2Fuploads%2F2014%2F09%2FMiPyme-Neusa-Cadore.jpg&amp;q=90&amp;w=160&amp;h=106&amp;zc=1\" alt=\"MiPyMEs, piedra angular que debe expandirse\" \/><\/a><\/p>\n<p>eloriente.net 7\/septiembre\/2014 Por:\u00a0Viridiana Mart\u00ednez M\u00e9ndez En M\u00e9xico, la influencia que tiene las micro, peque\u00f1as y medianas empresas (MiPymes) en la econom\u00eda del pa\u00eds es determinante, de acuerdo con la Secretaria de Econom\u00eda, de las 5.1 millones de compa\u00f1\u00edas existentes en el 2013, m\u00e1s de 99.5% correspondi\u00f3 a Mipymes, quienes adem\u00e1s aportaron el 50% del Producto [&#8230;]<\/p>\n<p>September 7, 2014<\/p>\n<div>\n<p><a title=\"Permalink to \u00bfC\u00f3mo crear una empresa?\" href=\"http:\/\/www.eloriente.net\/home\/2014\/08\/31\/como-crear-una-empresa\/\" rel=\"bookmark\">\u00bfC\u00f3mo crear una empresa?<\/a><\/p>\n<p><a href=\"http:\/\/www.eloriente.net\/home\/2014\/08\/31\/como-crear-una-empresa\/\" rel=\"bookmark\"><img decoding=\"async\" src=\"http:\/\/www.eloriente.net\/home\/wp-content\/themes\/city-desk\/timthumb.php?src=http%3A%2F%2Fwww.eloriente.net%2Fhome%2Fwp-content%2Fuploads%2F2014%2F08%2FEmpresa.jpg&amp;q=90&amp;w=160&amp;h=106&amp;zc=1\" alt=\"\u00bfC\u00f3mo crear una empresa?\" \/><\/a>eloriente.net 31\/agosto\/2014 Por:\u00a0Viridiana Mart\u00ednez M\u00e9ndez Todo emprendedor busca crear una empresa, ya sea por querer ser su propio jefe, imposibilidad de encontrar trabajo, tener una idea para poner en marcha, haber detectado una oportunidad, para mejorar la situaci\u00f3n econ\u00f3mica personal o simplemente por tradici\u00f3n familiar. Curiosamente se tiene el deseo o las ganas, pero en [&#8230;]<\/p>\n<p>August 31, 2014<\/p>\n<\/div>\n<div>\n<p><a title=\"Permalink to Casos de \u00c9xito: Ndava, San Dionisio Ocotepec, Oaxaca\" href=\"http:\/\/www.eloriente.net\/home\/2014\/08\/24\/casos-de-exito-ndava-san-dionisio-ocotepec-oaxaca\/\" rel=\"bookmark\">Casos de \u00c9xito: Ndava, San Dionisio Ocotepec, Oaxaca<\/a><\/p>\n<p><a href=\"http:\/\/www.eloriente.net\/home\/2014\/08\/24\/casos-de-exito-ndava-san-dionisio-ocotepec-oaxaca\/\" rel=\"bookmark\"><img decoding=\"async\" src=\"http:\/\/www.eloriente.net\/home\/wp-content\/themes\/city-desk\/timthumb.php?src=http%3A%2F%2Fwww.eloriente.net%2Fhome%2Fwp-content%2Fuploads%2F2014%2F08%2F1962783_725072364204163_766650298_n.jpg&amp;q=90&amp;w=160&amp;h=106&amp;zc=1\" alt=\"Casos de \u00c9xito: Ndava, San Dionisio Ocotepec, Oaxaca\" \/><\/a>eloriente.net 24\/agosto\/2014 Por:\u00a0Viridiana Mart\u00ednez M\u00e9ndez \u00a0 Clara Garc\u00eda Antonio es una mujer que lucha y trabaja, no solo para hacer crecer su empresa, sino mejora la vida de las personas que colaboran con ella.\u00a0Esta semana tuve el gusto de conocer a las personas responsables en la creaci\u00f3n de sandalias artesanales, \u201cNdavaa\u201d que en zapoteco significa [&#8230;]<\/p>\n<p>August 24, 2014<\/p>\n<\/div>\n\n\t\t\t  <div \n\t\t\t  \tclass = \"fb-comments\" \n\t\t\t  \tdata-href = \"http:\/\/www.eloriente.net\/home\/2014\/09\/14\/la-nueva-era-jovenes-emprendedores-ambiciosos\/\"\n\t\t\t  \tdata-numposts = \"10\"\n\t\t\t\tdata-colorscheme = \"dark\"\n\t\t\t\tdata-order-by = \"social\"\n\t\t\t\tdata-mobile=true>\n\t\t\t  <\/div>\n\t\t  <style>\n\t\t\t.fb_iframe_widget_fluid_desktop iframe {\n\t\t\t    width: 100% !important;\n\t\t\t}\n\t\t  <\/style>\n\t\t  ","protected":false},"excerpt":{"rendered":"<p>eloriente.net 14\/septiembre\/2014 Por\u00a0Viridiana Mart\u00ednez M\u00e9ndez Mientras que muchos due\u00f1os de empresas se sienten orgullosos de definirse como emprendedores, el 90% de la gente cree que la palabra emprendedor tiene poco que ver con tomar una iniciativa empresarial y m\u00e1s con una\u00a0actitud mental. Esta idea de que \u201ct\u00fa eres lo que dices que eres\u201d est\u00e1 pegando [&hellip;]<\/p>\n","protected":false},"author":32,"featured_media":32123,"comment_status":"open","ping_status":"open","sticky":false,"template":"","format":"standard","meta":{"_jetpack_memberships_contains_paid_content":false,"footnotes":""},"categories":[11,32,10,2163],"tags":[2248,348,2249,2593],"class_list":["post-32122","post","type-post","status-publish","format-standard","has-post-thumbnail","hentry","category-colaboradores","category-entradas","category-lo-mas-reciente","category-viridiana-martinez","tag-emprendedor","tag-emprendedores","tag-emprendedurismo","tag-viridiana-martinez-2"],"jetpack_featured_media_url":"http:\/\/www.eloriente.net\/home\/wp-content\/uploads\/2014\/09\/n_20082014171318.jpg","jetpack_sharing_enabled":true,"_links":{"self":[{"href":"http:\/\/www.eloriente.net\/home\/wp-json\/wp\/v2\/posts\/32122"}],"collection":[{"href":"http:\/\/www.eloriente.net\/home\/wp-json\/wp\/v2\/posts"}],"about":[{"href":"http:\/\/www.eloriente.net\/home\/wp-json\/wp\/v2\/types\/post"}],"author":[{"embeddable":true,"href":"http:\/\/www.eloriente.net\/home\/wp-json\/wp\/v2\/users\/32"}],"replies":[{"embeddable":true,"href":"http:\/\/www.eloriente.net\/home\/wp-json\/wp\/v2\/comments?post=32122"}],"version-history":[{"count":4,"href":"http:\/\/www.eloriente.net\/home\/wp-json\/wp\/v2\/posts\/32122\/revisions"}],"predecessor-version":[{"id":32126,"href":"http:\/\/www.eloriente.net\/home\/wp-json\/wp\/v2\/posts\/32122\/revisions\/32126"}],"wp:featuredmedia":[{"embeddable":true,"href":"http:\/\/www.eloriente.net\/home\/wp-json\/wp\/v2\/media\/32123"}],"wp:attachment":[{"href":"http:\/\/www.eloriente.net\/home\/wp-json\/wp\/v2\/media?parent=32122"}],"wp:term":[{"taxonomy":"category","embeddable":true,"href":"http:\/\/www.eloriente.net\/home\/wp-json\/wp\/v2\/categories?post=32122"},{"taxonomy":"post_tag","embeddable":true,"href":"http:\/\/www.eloriente.net\/home\/wp-json\/wp\/v2\/tags?post=32122"}],"curies":[{"name":"wp","href":"https:\/\/api.w.org\/{rel}","templated":true}]}}