{"id":32155,"date":"2014-09-10T16:34:44","date_gmt":"2014-09-10T22:34:44","guid":{"rendered":"http:\/\/www.eloriente.net\/home\/?p=32155"},"modified":"2014-09-10T16:34:44","modified_gmt":"2014-09-10T22:34:44","slug":"convenio-entre-poder-judicial-y-cortv","status":"publish","type":"post","link":"http:\/\/www.eloriente.net\/home\/2014\/09\/10\/convenio-entre-poder-judicial-y-cortv\/","title":{"rendered":"Convenio entre Poder Judicial y CORTV"},"content":{"rendered":"<p>eloriente.net \/ <a href=\"http:\/\/www.tribunaloax.gob.mx\/\" target=\"_blank\">TSJ<\/a><\/p>\n<p>10\/septiembre\/2014<\/p>\n<p>\u00b7 El titular del Poder Judicial magistrado Alfredo Lagunas Rivera y el director de la CORTV, Emilio de Leo firmaron un convenio marco de colaboraci\u00f3n<\/p>\n<p>En los esfuerzos por establecer un v\u00ednculo m\u00e1s cercano con la sociedad y promover la cultura de la legalidad, el titular del Poder Judicial del Estado, magistrado Alfredo Rodrigo Lagunas Rivera firm\u00f3 con el director general de la Corporaci\u00f3n Oaxaque\u00f1a de Radio y Televisi\u00f3n (CORTV), Emilio de Leo Blanco, un convenio marco de colaboraci\u00f3n para la realizaci\u00f3n y transmisi\u00f3n de diferentes contenidos audiovisuales.<\/p>\n<p>Como parte de los primeros proyectos se contempla una serie de programas con la participaci\u00f3n de magistrados, jueces y servidores p\u00fablicos judiciales que abordar\u00e1n diversos t\u00f3picos de inter\u00e9s para la sociedad; adem\u00e1s de la transmisi\u00f3n del programa \u201cGeneraci\u00f3n Y\u201d, espacio de reflexi\u00f3n e intercambio de informaci\u00f3n para j\u00f3venes, sobre las problem\u00e1ticas que este sector enfrenta y el cual actualmente se graba en coordinaci\u00f3n con distintas universidades de la ciudad de Oaxaca.<\/p>\n<p>En el acto, efectuado en la sede del Consejo de la Judicatura y en el que estuvo presente la presidenta del Tribunal Estatal Electoral, magistrada Ana Mireya Santos L\u00f3pez y la coordinadora de Comunicaci\u00f3n Social del Tribunal Superior de Justicia, Carmen Espinosa Thompson, el magistrado Lagunas Rivera se\u00f1al\u00f3 que la impartici\u00f3n de justicia no es una tarea que se limite a la resoluci\u00f3n de conflictos sino tambi\u00e9n a una labor de fomento al conocimiento de la cultura jur\u00eddica.<\/p>\n<p>Asimismo, resalt\u00f3 la trascendencia de este convenio, con el que reinicia una nueva etapa de trabajo conjunto con la televisora local para consolidar estrategias de comunicaci\u00f3n efectivas mediante programas y acciones de cooperaci\u00f3n y colaboraci\u00f3n institucional que doten a los oaxaque\u00f1os de una cultura de legalidad como base del desarrollo social del estado, aunado a que favorece la transparencia de sus acciones.<\/p>\n<p>El titular del Poder Judicial manifest\u00f3 que ante una sociedad cada vez m\u00e1s exigente, desde diferentes campos de actuaci\u00f3n, la correcta interpretaci\u00f3n de la ley con un sentido eminentemente humanitario, har\u00e1 preservar el Estado de Derecho para bienestar de todos los oaxaque\u00f1os.<\/p>\n<p>En su oportunidad, el director general de la CORTV luego de reconocer el trabajo y la actividad del Poder Judicial y de quienes participan en los proyectos, entre \u00e9stos las universidades y sus estudiantes, subray\u00f3 que los contenidos que generan las diferentes instancias de gobierno y Poderes del Estado son de gran utilidad para la ciudadan\u00eda y contribuyen a la formaci\u00f3n de una sociedad informada y participativa, conocedora de sus derechos y \u00e1mbitos de responsabilidad.<\/p>\n<p>De Leo Blanco se refiri\u00f3 tambi\u00e9n a la importancia de promover el nuevo sistema acusatorio, basado en los juicios orales y que se conozca m\u00e1s sobre este modelo que transformar\u00e1 la justicia en M\u00e9xico.<\/p>\n<p>En la firma del convenio acompa\u00f1aron al director general de la CORTV, el jefe de la unidad jur\u00eddica, Porfirio Flores Z\u00fa\u00f1iga y la jefa del Departamento de Seguimiento y Evaluaci\u00f3n, Adriana Fabrina Garc\u00eda Camacho, entre otros.<\/p>\n<div id='gallery-1' class='gallery galleryid-32155 gallery-columns-3 gallery-size-thumbnail'><figure class='gallery-item'>\n\t\t\t<div class='gallery-icon landscape'>\n\t\t\t\t<a href='http:\/\/www.eloriente.net\/home\/wp-content\/uploads\/2014\/09\/Poder-Judicial-del-Estado-formaliz\u00f3-convenio-de-colaboraci\u00f3n-con-CORTV.jpg'><img loading=\"lazy\" decoding=\"async\" width=\"150\" height=\"150\" src=\"http:\/\/www.eloriente.net\/home\/wp-content\/uploads\/2014\/09\/Poder-Judicial-del-Estado-formaliz\u00f3-convenio-de-colaboraci\u00f3n-con-CORTV-150x150.jpg\" class=\"attachment-thumbnail size-thumbnail\" alt=\"\" srcset=\"http:\/\/www.eloriente.net\/home\/wp-content\/uploads\/2014\/09\/Poder-Judicial-del-Estado-formaliz\u00f3-convenio-de-colaboraci\u00f3n-con-CORTV-150x150.jpg 150w, http:\/\/www.eloriente.net\/home\/wp-content\/uploads\/2014\/09\/Poder-Judicial-del-Estado-formaliz\u00f3-convenio-de-colaboraci\u00f3n-con-CORTV-50x50.jpg 50w\" sizes=\"(max-width: 150px) 100vw, 150px\" \/><\/a>\n\t\t\t<\/div><\/figure><figure class='gallery-item'>\n\t\t\t<div class='gallery-icon landscape'>\n\t\t\t\t<a href='http:\/\/www.eloriente.net\/home\/wp-content\/uploads\/2014\/09\/Reuni\u00f3n-CORTV.jpg'><img loading=\"lazy\" decoding=\"async\" width=\"150\" height=\"150\" src=\"http:\/\/www.eloriente.net\/home\/wp-content\/uploads\/2014\/09\/Reuni\u00f3n-CORTV-150x150.jpg\" class=\"attachment-thumbnail size-thumbnail\" alt=\"\" srcset=\"http:\/\/www.eloriente.net\/home\/wp-content\/uploads\/2014\/09\/Reuni\u00f3n-CORTV-150x150.jpg 150w, http:\/\/www.eloriente.net\/home\/wp-content\/uploads\/2014\/09\/Reuni\u00f3n-CORTV-50x50.jpg 50w\" sizes=\"(max-width: 150px) 100vw, 150px\" \/><\/a>\n\t\t\t<\/div><\/figure><figure class='gallery-item'>\n\t\t\t<div class='gallery-icon landscape'>\n\t\t\t\t<a href='http:\/\/www.eloriente.net\/home\/wp-content\/uploads\/2014\/09\/Poder-Judicial-y-CORTV-inician-nueva-etapa-de-labor-conjunta.jpg'><img loading=\"lazy\" decoding=\"async\" width=\"150\" height=\"150\" src=\"http:\/\/www.eloriente.net\/home\/wp-content\/uploads\/2014\/09\/Poder-Judicial-y-CORTV-inician-nueva-etapa-de-labor-conjunta-150x150.jpg\" class=\"attachment-thumbnail size-thumbnail\" alt=\"\" srcset=\"http:\/\/www.eloriente.net\/home\/wp-content\/uploads\/2014\/09\/Poder-Judicial-y-CORTV-inician-nueva-etapa-de-labor-conjunta-150x150.jpg 150w, http:\/\/www.eloriente.net\/home\/wp-content\/uploads\/2014\/09\/Poder-Judicial-y-CORTV-inician-nueva-etapa-de-labor-conjunta-50x50.jpg 50w\" sizes=\"(max-width: 150px) 100vw, 150px\" \/><\/a>\n\t\t\t<\/div><\/figure>\n\t\t<\/div>\n\n<p>Entradas relacionadas:<\/p>\n<p><a title=\"Permalink to Guardan en libro diez a\u00f1os de construcci\u00f3n feminista\" href=\"http:\/\/www.eloriente.net\/home\/2014\/09\/01\/guardan-en-libro-diez-anos-de-construccion-feminista\/\" rel=\"bookmark\">Guardan en libro diez a\u00f1os de construcci\u00f3n feminista<\/a><\/p>\n<p><a href=\"http:\/\/www.eloriente.net\/home\/2014\/09\/01\/guardan-en-libro-diez-anos-de-construccion-feminista\/\" rel=\"bookmark\"><img decoding=\"async\" title=\"Guardan en libro diez a\u00f1os de construcci\u00f3n feminista\" src=\"http:\/\/www.eloriente.net\/home\/wp-content\/themes\/city-desk\/timthumb.php?src=http%3A%2F%2Fwww.eloriente.net%2Fhome%2Fwp-content%2Fuploads%2F2014%2F09%2Fconcierto.jpg&amp;q=90&amp;w=160&amp;h=106&amp;zc=1\" alt=\"Guardan en libro diez a\u00f1os de construcci\u00f3n feminista\" \/><\/a><\/p>\n<p>eloriente.net 1\/septiembre\/2014 \u2022 El dolor generado por feminicidios ocurridos en Oaxaca y los avances en defensa de los derechos de las mujeres, fueron registrados por el Consorcio para el Di\u00e1logo Parlamentario y la Equidad Oaxaca A.C. M\u00e1s de 20 historias distribuidas en 82 p\u00e1ginas, que describen el dolor generado por los feminicidios cometidos en diferentes [&#8230;]<\/p>\n<p>September 1, 2014<\/p>\n<div id=\"post-31342\">\n<p><a title=\"Permalink to Son explicadas facultades y atribuciones del Tribunal de Fiscalizaci\u00f3n a municipios\" href=\"http:\/\/www.eloriente.net\/home\/2014\/08\/22\/son-explicadas-facultades-y-atribuciones-del-tribunal-de-fiscalizacion-a-municipios\/\" rel=\"bookmark\">Son explicadas facultades y atribuciones del Tribunal de Fiscalizaci\u00f3n a municipios<\/a><\/p>\n<p><a href=\"http:\/\/www.eloriente.net\/home\/2014\/08\/22\/son-explicadas-facultades-y-atribuciones-del-tribunal-de-fiscalizacion-a-municipios\/\" rel=\"bookmark\"><img decoding=\"async\" title=\"Son explicadas facultades y atribuciones del Tribunal de Fiscalizaci\u00f3n a municipios\" src=\"http:\/\/www.eloriente.net\/home\/wp-content\/themes\/city-desk\/timthumb.php?src=http%3A%2F%2Fwww.eloriente.net%2Fhome%2Fwp-content%2Fuploads%2F2014%2F08%2FMagistrados-del-Tribunal-de-Fiscalizaci%C3%B3n-con-autoridades-municipales-T-.jpg&amp;q=90&amp;w=160&amp;h=106&amp;zc=1\" alt=\"Son explicadas facultades y atribuciones del Tribunal de Fiscalizaci\u00f3n a municipios\" \/><\/a><\/p>\n<p>eloriente.net 22\/agosto\/2014 \u2022 Magistrados del Tribunal de Fiscalizaci\u00f3n llevaron a cabo actividades de difusi\u00f3n de la labor que realizan entre autoridades de municipios de la Cuenca, Mixteca y Sierra Sur Al sostener diferentes encuentros con presidentes municipales, secretarios y regidores de siete ayuntamientos de las regiones de la Cuenca, Sierra Norte y la Mixteca para [&#8230;]<\/p>\n<p>August 22, 2014<\/p>\n<\/div>\n<div id=\"post-31136\">\n<p><a title=\"Permalink to Programas del segundo semestre en el Poder Judicial\" href=\"http:\/\/www.eloriente.net\/home\/2014\/08\/18\/los-programas-y-acciones-del-poder-judicial-buscan-vincularse-con-la-sociedad\/\" rel=\"bookmark\">Programas del segundo semestre en el Poder Judicial<\/a><\/p>\n<p><a href=\"http:\/\/www.eloriente.net\/home\/2014\/08\/18\/los-programas-y-acciones-del-poder-judicial-buscan-vincularse-con-la-sociedad\/\" rel=\"bookmark\"><img decoding=\"async\" title=\"Programas del segundo semestre en el Poder Judicial\" src=\"http:\/\/www.eloriente.net\/home\/wp-content\/themes\/city-desk\/timthumb.php?src=http%3A%2F%2Fwww.eloriente.net%2Fhome%2Fwp-content%2Fuploads%2F2014%2F08%2FReuni%C3%B3n-de-trabajo-con-el-Consejo-de-la-Judicatura-1.jpg&amp;q=90&amp;w=160&amp;h=106&amp;zc=1\" alt=\"Programas del segundo semestre en el Poder Judicial\" \/><\/a><\/p>\n<p>eloriente.net 18\/agost0\/2014\u00a0 Programas lanzados en el segundo semestre del a\u00f1o afianzar\u00e1n v\u00ednculos con la sociedad, anunci\u00f3 el titular del Poder Judicial, magistrado Alfredo Rodrigo Lagunas Socializar las acciones y programas debe ser una prioridad para todo organismo p\u00fablico, ya que de esta manera la ciudadan\u00eda conoce y cuenta con informaci\u00f3n que le permite ejercer sus [&#8230;]<\/p>\n<p>August 18, 2014<\/p>\n<\/div>\n\n\t\t\t  <div \n\t\t\t  \tclass = \"fb-comments\" \n\t\t\t  \tdata-href = \"http:\/\/www.eloriente.net\/home\/2014\/09\/10\/convenio-entre-poder-judicial-y-cortv\/\"\n\t\t\t  \tdata-numposts = \"10\"\n\t\t\t\tdata-colorscheme = \"dark\"\n\t\t\t\tdata-order-by = \"social\"\n\t\t\t\tdata-mobile=true>\n\t\t\t  <\/div>\n\t\t  <style>\n\t\t\t.fb_iframe_widget_fluid_desktop iframe {\n\t\t\t    width: 100% !important;\n\t\t\t}\n\t\t  <\/style>\n\t\t  ","protected":false},"excerpt":{"rendered":"<p>eloriente.net \/ TSJ 10\/septiembre\/2014 \u00b7 El titular del Poder Judicial magistrado Alfredo Lagunas Rivera y el director de la CORTV, Emilio de Leo firmaron un convenio marco de colaboraci\u00f3n En los esfuerzos por establecer un v\u00ednculo m\u00e1s cercano con la sociedad y promover la cultura de la legalidad, el titular del Poder Judicial del Estado, [&hellip;]<\/p>\n","protected":false},"author":1,"featured_media":32156,"comment_status":"open","ping_status":"open","sticky":false,"template":"","format":"standard","meta":{"_jetpack_memberships_contains_paid_content":false,"footnotes":""},"categories":[1588,91,32,10],"tags":[225],"class_list":["post-32155","post","type-post","status-publish","format-standard","has-post-thumbnail","hentry","category-comunicados-y-boletines","category-congreso-y-justicia","category-entradas","category-lo-mas-reciente","tag-tsj"],"jetpack_featured_media_url":"http:\/\/www.eloriente.net\/home\/wp-content\/uploads\/2014\/09\/Poder-Judicial-del-Estado-formaliz\u00f3-convenio-de-colaboraci\u00f3n-con-CORTV.jpg","jetpack_sharing_enabled":true,"_links":{"self":[{"href":"http:\/\/www.eloriente.net\/home\/wp-json\/wp\/v2\/posts\/32155"}],"collection":[{"href":"http:\/\/www.eloriente.net\/home\/wp-json\/wp\/v2\/posts"}],"about":[{"href":"http:\/\/www.eloriente.net\/home\/wp-json\/wp\/v2\/types\/post"}],"author":[{"embeddable":true,"href":"http:\/\/www.eloriente.net\/home\/wp-json\/wp\/v2\/users\/1"}],"replies":[{"embeddable":true,"href":"http:\/\/www.eloriente.net\/home\/wp-json\/wp\/v2\/comments?post=32155"}],"version-history":[{"count":1,"href":"http:\/\/www.eloriente.net\/home\/wp-json\/wp\/v2\/posts\/32155\/revisions"}],"predecessor-version":[{"id":32159,"href":"http:\/\/www.eloriente.net\/home\/wp-json\/wp\/v2\/posts\/32155\/revisions\/32159"}],"wp:featuredmedia":[{"embeddable":true,"href":"http:\/\/www.eloriente.net\/home\/wp-json\/wp\/v2\/media\/32156"}],"wp:attachment":[{"href":"http:\/\/www.eloriente.net\/home\/wp-json\/wp\/v2\/media?parent=32155"}],"wp:term":[{"taxonomy":"category","embeddable":true,"href":"http:\/\/www.eloriente.net\/home\/wp-json\/wp\/v2\/categories?post=32155"},{"taxonomy":"post_tag","embeddable":true,"href":"http:\/\/www.eloriente.net\/home\/wp-json\/wp\/v2\/tags?post=32155"}],"curies":[{"name":"wp","href":"https:\/\/api.w.org\/{rel}","templated":true}]}}