{"id":32166,"date":"2014-09-12T00:00:48","date_gmt":"2014-09-12T06:00:48","guid":{"rendered":"http:\/\/www.eloriente.net\/home\/?p=32166"},"modified":"2014-09-12T08:48:43","modified_gmt":"2014-09-12T14:48:43","slug":"tv-recomendaciones-el_oriente-para-ver-este-fin-de-semana-8","status":"publish","type":"post","link":"http:\/\/www.eloriente.net\/home\/2014\/09\/12\/tv-recomendaciones-el_oriente-para-ver-este-fin-de-semana-8\/","title":{"rendered":"#FindeTV: Recomendaciones @El_Oriente para ver este fin de semana"},"content":{"rendered":"<p>eloriente.net<\/p>\n<p>12\/septiembre\/2014<\/p>\n<p>\u00a1Es viernes de recomendaciones! @El_Oriente te\u00a0<strong>comparte<\/strong>\u00a0algunas recomendaciones de programas o pel\u00edculas que se transmitir\u00e1n este fin de semana para que, con medida, pases un rato frente al televisor con una programaci\u00f3n que vale el tiempo invertido.<\/p>\n<p>Si t\u00fa tienes m\u00e1s recomendaciones, no dudes en compartirlas en nuestro twitter: <a href=\"https:\/\/twitter.com\/El_Oriente\" target=\"_blank\">@El_Oriente<\/a> o en nuestra p\u00e1gina de\u00a0<a href=\"http:\/\/www.facebook.com\/pages\/El-Oriente\/443535572345554\" target=\"_blank\">FACEBOOK<\/a>.<\/p>\n<p><strong>Viernes 12 de septiembre<\/strong><\/p>\n<ul>\n<li><em>Canal 22: Tesoros Coloniales de Oaxaca &#8211; 16:16 horas<\/em><\/li>\n<\/ul>\n<p>A trav\u00e9s de Tesoros coloniales de Oaxaca realizaremos un viaje en el tiempo para conocer las primeras edificaciones de la orden dominica, impresionantes construcciones cat\u00f3licas, erigidas sobre las ruinas de los monumentos mixtecas que reflejan la belleza del arte novohispano del siglo XXI.<\/p>\n<ul>\n<li><em>Canal 22: Experiencia Ac\u00fastica &#8211; En la noche (por confirmar)<\/em><\/li>\n<\/ul>\n<p>\u00abQueen sinf\u00f3nico\u00bb , tendr\u00e1 lugar el viernes por la noche dentro de la barra \u00abExperiencia ac\u00fastica\u00bb , la Orquesta Juvenil Universitaria Eduardo Mata interpreta los \u00e9xitos del grupo fundado por Freddie Mercury.<\/p>\n<p>En compa\u00f1\u00eda de un coro y de la flautista Elena Dur\u00e1n, el ensamble juvenil ejecut\u00f3 -bajo la batuta del director Iv\u00e1n L\u00f3pez Reynoso- \u00abWe are the champions\u00bb , \u00abWe will rock you\u00bb , \u00abUnder pressure\u00bb , \u00abSomebody to love\u00bb y \u00abBohemian rhapsody\u00bb , entre otras piezas.<\/p>\n<p>Queen se form\u00f3 en los a\u00f1os 70 con Freddie Mercury, Brian Harold May, Roger Taylor y John Deacon, quienes con su estilo musical conquistaron al p\u00fablico brit\u00e1nico.<\/p>\n<p><strong>S\u00e1bado 13 de septiembre<\/strong><\/p>\n<ul>\n<li><em>Planeta Futbol de SKY &#8211; Canal 516: Real Madrid vs Atl\u00e9tico de Madrid 13:00 horas<\/em><\/li>\n<\/ul>\n<p>Muy pronto en la Liga Espa\u00f1ola (apenas la jornada 3), se enfrentan Real y Atl\u00e9tico en el cl\u00e1sico de la capital espa\u00f1ola. Con las posibles participaciones de un mexicano por cada equipo, el partido entre Javier \u00abChicharito\u00bb Hern\u00e1ndez del Real Madrid y Ra\u00fal Jim\u00e9nez del Atl\u00e9tico, llama la atenci\u00f3n del p\u00fablico mexicano, ya que pese a que Hugo S\u00e1nchez y Luis Garc\u00eda vistieron estas playeras\u00a0nunca se enfrentaron entre s\u00ed.<\/p>\n<ul>\n<li><em>History Channel: Mundos Perdidos. La Construcci\u00f3n del Titanic &#8211; 19:00 horas<\/em><\/li>\n<\/ul>\n<p>Para construir el \u00abinsumergible\u00bb\u00a0Titanic\u00a0hizo falta un ej\u00e9rcito de trabajadores y los recursos de un pueblo levantado al efecto, con una serie de diques e instalaciones especiales para fabricar el buque. Esta es la historia olvidada de \u00abla ciudad del\u00a0Titanic\u00bb de Belfast.<\/p>\n<p><strong>Domingo 14 de septiembre<\/strong><\/p>\n<ul>\n<li><em>Discovery Channel: Maravillas de Colombia &#8211; 20:00 horas<\/em><\/li>\n<\/ul>\n<p>La Catedral de Sal en el yacimiento de Zipaquir\u00e1, cerca de Bogot\u00e1, Colombia, est\u00e1 a 1 km de profundidad en la mina de sal a mayor altitud en el mundo.<\/p>\n<p><a href=\"http:\/\/www.eloriente.net\/home\/wp-content\/uploads\/2014\/09\/Orquesta-Eneas-De-Troya.jpg\"><img loading=\"lazy\" decoding=\"async\" class=\"alignnone size-medium wp-image-32168\" title=\"Orquesta - Eneas De Troya\" src=\"http:\/\/www.eloriente.net\/home\/wp-content\/uploads\/2014\/09\/Orquesta-Eneas-De-Troya-300x131.jpg\" alt=\"\" width=\"300\" height=\"131\" srcset=\"http:\/\/www.eloriente.net\/home\/wp-content\/uploads\/2014\/09\/Orquesta-Eneas-De-Troya-300x131.jpg 300w, http:\/\/www.eloriente.net\/home\/wp-content\/uploads\/2014\/09\/Orquesta-Eneas-De-Troya.jpg 1024w\" sizes=\"(max-width: 300px) 100vw, 300px\" \/><\/a><\/p>\n<p>Foto:\u00a0<a title=\"Ir a la galer\u00eda de Eneas De Troya\" href=\"https:\/\/www.flickr.com\/photos\/eneas\/\" data-track=\"attributionNameClick\" data-rapid_p=\"21\">Eneas De Troya<\/a>\u00a0&#8211;\u00a0<a href=\"https:\/\/creativecommons.org\/licenses\/by-sa\/2.0\/\">Algunos derechos reservados<\/a><\/p>\n<p>*Foto en principal:\u00a0<a title=\"Ir a la galer\u00eda de Jan S0L0\" href=\"https:\/\/www.flickr.com\/photos\/jansolo09\/\" data-track=\"attributionNameClick\" data-rapid_p=\"21\">Jan S0L0<\/a>\u00a0&#8211;\u00a0<a href=\"https:\/\/creativecommons.org\/licenses\/by-sa\/2.0\/\">Algunos derechos reservados<\/a><\/p>\n<p><strong>Entradas relacionadas:<\/strong><\/p>\n<p><a title=\"Permalink to Cuando de la tragedia surge el humor y viceversa #JuevesdeCineySeries\" href=\"http:\/\/www.eloriente.net\/home\/2014\/09\/11\/cuando-de-la-tragedia-surge-el-humor-y-viceversa-juevesdecineyseries\/\" rel=\"bookmark\">Cuando de la tragedia surge el humor y viceversa #JuevesdeCineySeries<\/a><\/p>\n<p><a href=\"http:\/\/www.eloriente.net\/home\/2014\/09\/11\/cuando-de-la-tragedia-surge-el-humor-y-viceversa-juevesdecineyseries\/\" rel=\"bookmark\"><img decoding=\"async\" title=\"Cuando de la tragedia surge el humor y viceversa #JuevesdeCineySeries\" src=\"http:\/\/www.eloriente.net\/home\/wp-content\/themes\/city-desk\/timthumb.php?src=http%3A%2F%2Fwww.eloriente.net%2Fhome%2Fwp-content%2Fuploads%2F2014%2F09%2F7288883356_af0fda4cdb_o.jpg&amp;q=90&amp;w=160&amp;h=106&amp;zc=1\" alt=\"Cuando de la tragedia surge el humor y viceversa #JuevesdeCineySeries\" \/><\/a><\/p>\n<p>eloriente.net 11\/septiembre\/2014 Por V\u00edctor L\u00f3pez Velarde Santib\u00e1\u00f1ez Aunque quiz\u00e1s mucha gente al momento de sintonizar una serie de comedia espere simplemente encontrarse con una historia simple y que le invite a carcajearse un rato, en el siglo XXI la televisi\u00f3n americana puso de moda la tendencia de crear series de tv que est\u00e9n m\u00e1s cerca [&#8230;]<\/p>\n<p>September 11, 2014<\/p>\n<p><a title=\"Permalink to Las adaptaciones del siglo XXI en la pantalla chica, un art\u00edculo de V\u00edctor L\u00f3pez Velarde Santib\u00e1\u00f1ez\" href=\"http:\/\/www.eloriente.net\/home\/2014\/09\/04\/las-adaptaciones-del-siglo-xxi-en-la-pantalla-chica-un-articulo-de-victor-lopez-velarde-santibanez\/\" rel=\"bookmark\">Las adaptaciones del siglo XXI en la pantalla chica, un art\u00edculo de V\u00edctor L\u00f3pez Velarde Santib\u00e1\u00f1ez<\/a><\/p>\n<p><a href=\"http:\/\/www.eloriente.net\/home\/2014\/09\/04\/las-adaptaciones-del-siglo-xxi-en-la-pantalla-chica-un-articulo-de-victor-lopez-velarde-santibanez\/\" rel=\"bookmark\"><img decoding=\"async\" title=\"Las adaptaciones del siglo XXI en la pantalla chica, un art\u00edculo de V\u00edctor L\u00f3pez Velarde Santib\u00e1\u00f1ez\" src=\"http:\/\/www.eloriente.net\/home\/wp-content\/themes\/city-desk\/timthumb.php?src=http%3A%2F%2Fwww.eloriente.net%2Fhome%2Fwp-content%2Fuploads%2F2014%2F09%2FTV-Ara%C3%AD-Riva-Zucchelli.jpg&amp;q=90&amp;w=160&amp;h=106&amp;zc=1\" alt=\"Las adaptaciones del siglo XXI en la pantalla chica, un art\u00edculo de V\u00edctor L\u00f3pez Velarde Santib\u00e1\u00f1ez\" \/><\/a><\/p>\n<p>eloriente.net 4\/septiembre\/2014 Adaptar reconocidas obras literarias al lenguaje del s\u00e9ptimo arte, es una actividad frecuente en el vasto universo cinematogr\u00e1fico. Populares sagas literarias, novelas o incluso peque\u00f1os cuentos encontraron en el cine una v\u00eda para narrar sus historias, a trav\u00e9s de actores de carne y hueso que dieron voz a esos personajes m\u00e1s all\u00e1 de [&#8230;]<\/p>\n<p>September 4, 2014<\/p>\n<div id=\"post-31550\">\n<p><a title=\"Permalink to \u201cBreaking Bad\u201d, cierra un ciclo en lo m\u00e1s alto #JuevesdeCineySeries\" href=\"http:\/\/www.eloriente.net\/home\/2014\/08\/28\/breaking-bad-cierra-un-ciclo-en-lo-mas-alto-juevesdecineyseries\/\" rel=\"bookmark\">\u201cBreaking Bad\u201d, cierra un ciclo en lo m\u00e1s alto #JuevesdeCineySeries<\/a><\/p>\n<p><a href=\"http:\/\/www.eloriente.net\/home\/2014\/08\/28\/breaking-bad-cierra-un-ciclo-en-lo-mas-alto-juevesdecineyseries\/\" rel=\"bookmark\"><img decoding=\"async\" title=\"\u201cBreaking Bad\u201d, cierra un ciclo en lo m\u00e1s alto #JuevesdeCineySeries\" src=\"http:\/\/www.eloriente.net\/home\/wp-content\/themes\/city-desk\/timthumb.php?src=http%3A%2F%2Fwww.eloriente.net%2Fhome%2Fwp-content%2Fuploads%2F2014%2F08%2FBreaking-Bad-BagoGames.jpg&amp;q=90&amp;w=160&amp;h=106&amp;zc=1\" alt=\"\u201cBreaking Bad\u201d, cierra un ciclo en lo m\u00e1s alto #JuevesdeCineySeries\" \/><\/a><\/p>\n<p>eloriente.net 27\/agosto\/2014 Una de las series para televisi\u00f3n m\u00e1s exitosas de la historia, finaliz\u00f3 la noche de este lunes como la m\u00e1xima ganadora en la entrega de los Premios Emmy 2014. Aunque el \u00faltimo cap\u00edtulo fue transmitido en septiembre de 2013, Breaking Bad cosech\u00f3 este lunes cinco galardones para cerrar definitivamente su ciclo en el [&#8230;]<\/p>\n<p>August 28, 2014<\/p>\n<\/div>\n\n\t\t\t  <div \n\t\t\t  \tclass = \"fb-comments\" \n\t\t\t  \tdata-href = \"http:\/\/www.eloriente.net\/home\/2014\/09\/12\/tv-recomendaciones-el_oriente-para-ver-este-fin-de-semana-8\/\"\n\t\t\t  \tdata-numposts = \"10\"\n\t\t\t\tdata-colorscheme = \"dark\"\n\t\t\t\tdata-order-by = \"social\"\n\t\t\t\tdata-mobile=true>\n\t\t\t  <\/div>\n\t\t  <style>\n\t\t\t.fb_iframe_widget_fluid_desktop iframe {\n\t\t\t    width: 100% !important;\n\t\t\t}\n\t\t  <\/style>\n\t\t  ","protected":false},"excerpt":{"rendered":"<p>eloriente.net 12\/septiembre\/2014 \u00a1Es viernes de recomendaciones! @El_Oriente te\u00a0comparte\u00a0algunas recomendaciones de programas o pel\u00edculas que se transmitir\u00e1n este fin de semana para que, con medida, pases un rato frente al televisor con una programaci\u00f3n que vale el tiempo invertido. Si t\u00fa tienes m\u00e1s recomendaciones, no dudes en compartirlas en nuestro twitter: @El_Oriente o en nuestra p\u00e1gina [&hellip;]<\/p>\n","protected":false},"author":1,"featured_media":32198,"comment_status":"open","ping_status":"open","sticky":false,"template":"","format":"standard","meta":{"_jetpack_memberships_contains_paid_content":false,"footnotes":""},"categories":[18,32,10,31],"tags":[2596],"class_list":["post-32166","post","type-post","status-publish","format-standard","has-post-thumbnail","hentry","category-educacion-y-cultura","category-entradas","category-lo-mas-reciente","category-principal","tag-viernesderecomendaciones"],"jetpack_featured_media_url":"http:\/\/www.eloriente.net\/home\/wp-content\/uploads\/2014\/09\/Cristiano-Ronaldo-Jan-S0L0.jpg","jetpack_sharing_enabled":true,"_links":{"self":[{"href":"http:\/\/www.eloriente.net\/home\/wp-json\/wp\/v2\/posts\/32166"}],"collection":[{"href":"http:\/\/www.eloriente.net\/home\/wp-json\/wp\/v2\/posts"}],"about":[{"href":"http:\/\/www.eloriente.net\/home\/wp-json\/wp\/v2\/types\/post"}],"author":[{"embeddable":true,"href":"http:\/\/www.eloriente.net\/home\/wp-json\/wp\/v2\/users\/1"}],"replies":[{"embeddable":true,"href":"http:\/\/www.eloriente.net\/home\/wp-json\/wp\/v2\/comments?post=32166"}],"version-history":[{"count":7,"href":"http:\/\/www.eloriente.net\/home\/wp-json\/wp\/v2\/posts\/32166\/revisions"}],"predecessor-version":[{"id":32200,"href":"http:\/\/www.eloriente.net\/home\/wp-json\/wp\/v2\/posts\/32166\/revisions\/32200"}],"wp:featuredmedia":[{"embeddable":true,"href":"http:\/\/www.eloriente.net\/home\/wp-json\/wp\/v2\/media\/32198"}],"wp:attachment":[{"href":"http:\/\/www.eloriente.net\/home\/wp-json\/wp\/v2\/media?parent=32166"}],"wp:term":[{"taxonomy":"category","embeddable":true,"href":"http:\/\/www.eloriente.net\/home\/wp-json\/wp\/v2\/categories?post=32166"},{"taxonomy":"post_tag","embeddable":true,"href":"http:\/\/www.eloriente.net\/home\/wp-json\/wp\/v2\/tags?post=32166"}],"curies":[{"name":"wp","href":"https:\/\/api.w.org\/{rel}","templated":true}]}}