{"id":32187,"date":"2014-09-11T15:34:16","date_gmt":"2014-09-11T21:34:16","guid":{"rendered":"http:\/\/www.eloriente.net\/home\/?p=32187"},"modified":"2014-09-11T18:57:31","modified_gmt":"2014-09-12T00:57:31","slug":"poder-judicial-de-oaxaca-contra-la-trata-de-personas","status":"publish","type":"post","link":"http:\/\/www.eloriente.net\/home\/2014\/09\/11\/poder-judicial-de-oaxaca-contra-la-trata-de-personas\/","title":{"rendered":"Avala Tribunal de Oaxaca reglamento contra Trata de Personas"},"content":{"rendered":"<p>eloriente.net \/ <a href=\"http:\/\/www.tribunaloax.gob.mx\/\" target=\"_blank\">TSJ<\/a><\/p>\n<p>11\/septiembre\/2014<\/p>\n<p>\u00b7 Se realiz\u00f3 la segunda sesi\u00f3n ordinaria de la Comisi\u00f3n que atiende los delitos de Trata de Personas encabezada por el gobernador Gabino Cu\u00e9 y a la que asisti\u00f3 el magistrado Alfredo Lagunas Rivera<\/p>\n<p>Con la finalidad de revisar estrategias y desarrollar acciones en materia de seguridad, procuraci\u00f3n e impartici\u00f3n de justicia, la Comisi\u00f3n Intersecretarial para Prevenir, Sancionar y Erradicar Delitos en Materia de Trata de Personas y para la Protecci\u00f3n y Asistencia a las V\u00edctimas de estos delitos en el estado, realiz\u00f3 su Segunda Sesi\u00f3n Ordinaria encabezada por el gobernador Gabino Cu\u00e9 Monteagudo y en la que estuvo presente el titular del Poder Judicial, magistrado Alfredo Rodrigo Lagunas Rivera.<\/p>\n<p>En la reuni\u00f3n, el presidente del Tribunal Superior de Justicia y del Consejo de la Judicatura aval\u00f3 junto con el Mandatario estatal el proyecto de reglamento de la Ley para Prevenir, Sancionar y Erradicar Delitos en Materia de Trata de Personas y para la Protecci\u00f3n y Asistencia a las V\u00edctimas de estos Delitos en el Estado; el Proyecto del Reglamento Interno de la Comisi\u00f3n Intersecretarial; as\u00ed como el Proyecto de un Programa Estatal para el combate a estos delitos.<\/p>\n<p>Al ser el territorio mexicano catalogado como un para\u00edso para la trata de personas y Oaxaca uno de los ocho estados con mayor incidencia de delitos relacionados con la trata, el Gobernador del Estado consider\u00f3 fundamental la creaci\u00f3n de normas locales que puedan ser armonizadas con la ley nacional y permitan concientizar a la poblaci\u00f3n de la capital y los pueblos ind\u00edgenas sobre la importancia de erradicar las pr\u00e1cticas de esclavitud que a\u00fan persisten.<\/p>\n<p>Por otra parte, en la presentaci\u00f3n del Protocolo de Atenci\u00f3n a V\u00edctimas e Investigaci\u00f3n de Delitos de Trata de Personas para el Estado de Oaxaca, a cargo de la representante de ONU Mujeres en el Salvador, Patricia Olamendi Torres, se dieron a conocer una serie de acciones para que los servidores p\u00fablicos de las instituciones de seguridad y procuraci\u00f3n e impartici\u00f3n de justicia identifiquen y protejan a las v\u00edctimas de delitos de trata, homicidio y violencia, con la finalidad de garantizar su protecci\u00f3n.<\/p>\n<p>Al respecto, el magistrado Alfredo Lagunas afirm\u00f3 que el tratamiento de estos delitos requiere de una pol\u00edtica transversal; por esa raz\u00f3n, los juzgadores de la instituci\u00f3n a su cargo son garantes de la legalidad y del estado de derecho sabedores de que la sociedad sigue reclamando la protecci\u00f3n m\u00e1s amplia a sus derechos humanos, sobre todo, de los grupos m\u00e1s vulnerables ya sea por raz\u00f3n de g\u00e9nero, edad, sexo, nacionalidad o religi\u00f3n.<\/p>\n<p>\u201cEl Poder Judicial impulsa programas de sensibilizaci\u00f3n y capacitaci\u00f3n para proteger los derechos humanos, promover la equidad de g\u00e9nero y erradicar la violencia; ahora los juzgadores cuentan con las herramientas necesarias para aplicar las sanciones que amerita la comisi\u00f3n de estos delitos\u201d, dijo.<\/p>\n<p>La sesi\u00f3n tambi\u00e9n cont\u00f3 con la presencia de la directora de Derechos Humanos del Poder Judicial, Marina Santiago Cuevas, el presidente de la mesa directiva del Congreso del Estado, diputado Jes\u00fas L\u00f3pez Rodr\u00edguez, as\u00ed como de los titulares de la Procuradur\u00eda General de Justicia (PGJ), la Procuradur\u00eda General de la Rep\u00fablica en Oaxaca (PGR), el Sistema DIF Estatal, Procuradur\u00eda para la Defensa del Ind\u00edgena y Grupos Vulnerables (PRODI), la Secretar\u00eda General de Gobierno (SEGEGO) y del Instituto de la Mujer Oaxaque\u00f1a (IMO), entre otros.<\/p>\n<p><a href=\"http:\/\/www.eloriente.net\/home\/wp-content\/uploads\/2014\/09\/El-titular-del-PJO-Alfredo-Lagunas-y-el-gobernador-Gabino-Cu\u00e9-Monteagudo.jpg\"><img loading=\"lazy\" decoding=\"async\" class=\"alignnone size-medium wp-image-32188\" title=\"El titular del PJO Alfredo Lagunas y el gobernador Gabino Cu\u00e9 Monteagudo\" src=\"http:\/\/www.eloriente.net\/home\/wp-content\/uploads\/2014\/09\/El-titular-del-PJO-Alfredo-Lagunas-y-el-gobernador-Gabino-Cu\u00e9-Monteagudo-300x200.jpg\" alt=\"\" width=\"300\" height=\"200\" srcset=\"http:\/\/www.eloriente.net\/home\/wp-content\/uploads\/2014\/09\/El-titular-del-PJO-Alfredo-Lagunas-y-el-gobernador-Gabino-Cu\u00e9-Monteagudo-300x200.jpg 300w, http:\/\/www.eloriente.net\/home\/wp-content\/uploads\/2014\/09\/El-titular-del-PJO-Alfredo-Lagunas-y-el-gobernador-Gabino-Cu\u00e9-Monteagudo-1024x682.jpg 1024w\" sizes=\"(max-width: 300px) 100vw, 300px\" \/><\/a><\/p>\n<p>Foto: Poder Judicial de Oaxaca<\/p>\n<p><strong>Entradas relacionadas:<\/strong><\/p>\n<p><a title=\"Permalink to Convenio entre Poder Judicial y CORTV\" href=\"http:\/\/www.eloriente.net\/home\/2014\/09\/10\/convenio-entre-poder-judicial-y-cortv\/\" rel=\"bookmark\">Convenio entre Poder Judicial y CORTV<\/a><\/p>\n<p><a href=\"http:\/\/www.eloriente.net\/home\/2014\/09\/10\/convenio-entre-poder-judicial-y-cortv\/\" rel=\"bookmark\"><img decoding=\"async\" title=\"Convenio entre Poder Judicial y CORTV\" src=\"http:\/\/www.eloriente.net\/home\/wp-content\/themes\/city-desk\/timthumb.php?src=http%3A%2F%2Fwww.eloriente.net%2Fhome%2Fwp-content%2Fuploads%2F2014%2F09%2FPoder-Judicial-del-Estado-formaliz%C3%B3-convenio-de-colaboraci%C3%B3n-con-CORTV.jpg&amp;q=90&amp;w=160&amp;h=106&amp;zc=1\" alt=\"Convenio entre Poder Judicial y CORTV\" \/><\/a><\/p>\n<p>eloriente.net \/ TSJ 10\/septiembre\/2014 \u00b7 El titular del Poder Judicial magistrado Alfredo Lagunas Rivera y el director de la CORTV, Emilio de Leo firmaron un convenio marco de colaboraci\u00f3n En los esfuerzos por establecer un v\u00ednculo m\u00e1s cercano con la sociedad y promover la cultura de la legalidad, el titular del Poder Judicial del Estado, [&#8230;]<\/p>\n<p>September 10, 2014<\/p>\n<div id=\"post-31761\">\n<p><a title=\"Permalink to Guardan en libro diez a\u00f1os de construcci\u00f3n feminista\" href=\"http:\/\/www.eloriente.net\/home\/2014\/09\/01\/guardan-en-libro-diez-anos-de-construccion-feminista\/\" rel=\"bookmark\">Guardan en libro diez a\u00f1os de construcci\u00f3n feminista<\/a><\/p>\n<p><a href=\"http:\/\/www.eloriente.net\/home\/2014\/09\/01\/guardan-en-libro-diez-anos-de-construccion-feminista\/\" rel=\"bookmark\"><img decoding=\"async\" title=\"Guardan en libro diez a\u00f1os de construcci\u00f3n feminista\" src=\"http:\/\/www.eloriente.net\/home\/wp-content\/themes\/city-desk\/timthumb.php?src=http%3A%2F%2Fwww.eloriente.net%2Fhome%2Fwp-content%2Fuploads%2F2014%2F09%2Fconcierto.jpg&amp;q=90&amp;w=160&amp;h=106&amp;zc=1\" alt=\"Guardan en libro diez a\u00f1os de construcci\u00f3n feminista\" \/><\/a><\/p>\n<p>eloriente.net 1\/septiembre\/2014 \u2022 El dolor generado por feminicidios ocurridos en Oaxaca y los avances en defensa de los derechos de las mujeres, fueron registrados por el Consorcio para el Di\u00e1logo Parlamentario y la Equidad Oaxaca A.C. M\u00e1s de 20 historias distribuidas en 82 p\u00e1ginas, que describen el dolor generado por los feminicidios cometidos en diferentes [&#8230;]<\/p>\n<p>September 1, 2014<\/p>\n<\/div>\n<div id=\"post-31342\">\n<p><a title=\"Permalink to Son explicadas facultades y atribuciones del Tribunal de Fiscalizaci\u00f3n a municipios\" href=\"http:\/\/www.eloriente.net\/home\/2014\/08\/22\/son-explicadas-facultades-y-atribuciones-del-tribunal-de-fiscalizacion-a-municipios\/\" rel=\"bookmark\">Son explicadas facultades y atribuciones del Tribunal de Fiscalizaci\u00f3n a municipios<\/a><\/p>\n<p><a href=\"http:\/\/www.eloriente.net\/home\/2014\/08\/22\/son-explicadas-facultades-y-atribuciones-del-tribunal-de-fiscalizacion-a-municipios\/\" rel=\"bookmark\"><img decoding=\"async\" title=\"Son explicadas facultades y atribuciones del Tribunal de Fiscalizaci\u00f3n a municipios\" src=\"http:\/\/www.eloriente.net\/home\/wp-content\/themes\/city-desk\/timthumb.php?src=http%3A%2F%2Fwww.eloriente.net%2Fhome%2Fwp-content%2Fuploads%2F2014%2F08%2FMagistrados-del-Tribunal-de-Fiscalizaci%C3%B3n-con-autoridades-municipales-T-.jpg&amp;q=90&amp;w=160&amp;h=106&amp;zc=1\" alt=\"Son explicadas facultades y atribuciones del Tribunal de Fiscalizaci\u00f3n a municipios\" \/><\/a><\/p>\n<p>eloriente.net 22\/agosto\/2014 \u2022 Magistrados del Tribunal de Fiscalizaci\u00f3n llevaron a cabo actividades de difusi\u00f3n de la labor que realizan entre autoridades de municipios de la Cuenca, Mixteca y Sierra Sur Al sostener diferentes encuentros con presidentes municipales, secretarios y regidores de siete ayuntamientos de las regiones de la Cuenca, Sierra Norte y la Mixteca para [&#8230;]<\/p>\n<p>August 22, 2014<\/p>\n\n\t\t\t  <div \n\t\t\t  \tclass = \"fb-comments\" \n\t\t\t  \tdata-href = \"http:\/\/www.eloriente.net\/home\/2014\/09\/11\/poder-judicial-de-oaxaca-contra-la-trata-de-personas\/\"\n\t\t\t  \tdata-numposts = \"10\"\n\t\t\t\tdata-colorscheme = \"dark\"\n\t\t\t\tdata-order-by = \"social\"\n\t\t\t\tdata-mobile=true>\n\t\t\t  <\/div>\n\t\t  <style>\n\t\t\t.fb_iframe_widget_fluid_desktop iframe {\n\t\t\t    width: 100% !important;\n\t\t\t}\n\t\t  <\/style>\n\t\t  ","protected":false},"excerpt":{"rendered":"<p>eloriente.net \/ TSJ 11\/septiembre\/2014 \u00b7 Se realiz\u00f3 la segunda sesi\u00f3n ordinaria de la Comisi\u00f3n que atiende los delitos de Trata de Personas encabezada por el gobernador Gabino Cu\u00e9 y a la que asisti\u00f3 el magistrado Alfredo Lagunas Rivera Con la finalidad de revisar estrategias y desarrollar acciones en materia de seguridad, procuraci\u00f3n e impartici\u00f3n de [&hellip;]<\/p>\n","protected":false},"author":1,"featured_media":32188,"comment_status":"open","ping_status":"open","sticky":false,"template":"","format":"standard","meta":{"_jetpack_memberships_contains_paid_content":false,"footnotes":""},"categories":[1588,91,32,63,464,21],"tags":[2597,225],"class_list":["post-32187","post","type-post","status-publish","format-standard","has-post-thumbnail","hentry","category-comunicados-y-boletines","category-congreso-y-justicia","category-entradas","category-estados","category-oaxaca-estados","category-politica-y-gobierno","tag-pjo","tag-tsj"],"jetpack_featured_media_url":"http:\/\/www.eloriente.net\/home\/wp-content\/uploads\/2014\/09\/El-titular-del-PJO-Alfredo-Lagunas-y-el-gobernador-Gabino-Cu\u00e9-Monteagudo.jpg","jetpack_sharing_enabled":true,"_links":{"self":[{"href":"http:\/\/www.eloriente.net\/home\/wp-json\/wp\/v2\/posts\/32187"}],"collection":[{"href":"http:\/\/www.eloriente.net\/home\/wp-json\/wp\/v2\/posts"}],"about":[{"href":"http:\/\/www.eloriente.net\/home\/wp-json\/wp\/v2\/types\/post"}],"author":[{"embeddable":true,"href":"http:\/\/www.eloriente.net\/home\/wp-json\/wp\/v2\/users\/1"}],"replies":[{"embeddable":true,"href":"http:\/\/www.eloriente.net\/home\/wp-json\/wp\/v2\/comments?post=32187"}],"version-history":[{"count":4,"href":"http:\/\/www.eloriente.net\/home\/wp-json\/wp\/v2\/posts\/32187\/revisions"}],"predecessor-version":[{"id":32194,"href":"http:\/\/www.eloriente.net\/home\/wp-json\/wp\/v2\/posts\/32187\/revisions\/32194"}],"wp:featuredmedia":[{"embeddable":true,"href":"http:\/\/www.eloriente.net\/home\/wp-json\/wp\/v2\/media\/32188"}],"wp:attachment":[{"href":"http:\/\/www.eloriente.net\/home\/wp-json\/wp\/v2\/media?parent=32187"}],"wp:term":[{"taxonomy":"category","embeddable":true,"href":"http:\/\/www.eloriente.net\/home\/wp-json\/wp\/v2\/categories?post=32187"},{"taxonomy":"post_tag","embeddable":true,"href":"http:\/\/www.eloriente.net\/home\/wp-json\/wp\/v2\/tags?post=32187"}],"curies":[{"name":"wp","href":"https:\/\/api.w.org\/{rel}","templated":true}]}}