{"id":32209,"date":"2014-09-12T12:40:46","date_gmt":"2014-09-12T18:40:46","guid":{"rendered":"http:\/\/www.eloriente.net\/home\/?p=32209"},"modified":"2014-09-12T14:54:16","modified_gmt":"2014-09-12T20:54:16","slug":"nuevo-director-de-servicio-editoriales-de-la-uabjo","status":"publish","type":"post","link":"http:\/\/www.eloriente.net\/home\/2014\/09\/12\/nuevo-director-de-servicio-editoriales-de-la-uabjo\/","title":{"rendered":"Nuevo director de Servicios Editoriales de la UABJO"},"content":{"rendered":"<p>eloriente.net \/ <a href=\"http:\/\/www.uabjo.mx\/\">UABJO<\/a><\/p>\n<p>12\/septiembre\/2014<\/p>\n<p>\u2022 El equipo de trabajo reafirman su compromiso por cumplir con sus tareas primordiales<\/p>\n<p>El rector de la Universidad Aut\u00f3noma \u201cBenito Ju\u00e1rez\u201d de Oaxaca (UABJO), Eduardo Mart\u00ednez Helmes, celebr\u00f3 una reuni\u00f3n con los trabajadores de los Servicios Editoriales y tom\u00f3 protesta al nuevo director, N\u00e9stor Guti\u00e9rrez Jim\u00e9nez, as\u00ed como al subdirector, Ad\u00e1n Altamirano Z\u00e1rate.<\/p>\n<p>En la reuni\u00f3n el funcionario coment\u00f3 que la ex directora de la imprenta result\u00f3 electa para encabezar la administraci\u00f3n de la Escuela de Bellas Artes, motivo por el cual se separ\u00f3 del cargo. Sin embargo ha dejado encaminados grandes proyectos, que sin duda deber\u00e1n ser culminados por las nuevas autoridades.<\/p>\n<p>As\u00ed tambi\u00e9n reconoci\u00f3 la calidad del trabajo que realizan todos los empleados de dicha \u00e1rea, mismo que se refleja en las diferentes producciones referentes a la impresi\u00f3n de la papeler\u00eda universitaria, libros y diversos medios de difusi\u00f3n.<\/p>\n<p>\u201cEs motivo de orgullo para la administraci\u00f3n contar con un equipo de trabajo tan s\u00f3lido como es este, es por eso que les pido seguir colaborando en armon\u00eda en virtud del desarrollo de sus funciones, anteponiendo siempre el dialogo para mejorar el desempe\u00f1o\u201d, subray\u00f3 el Rector.<\/p>\n<p>Por su parte, el Director agradeci\u00f3 la confianza que se ha depositado en \u00e9l para desarrollar dicho cargo e invit\u00f3 a todos los trabajadores para integrarse de manera comprometida en el desarrollo de las labores propias del \u00e1rea.<\/p>\n<p>Cabe mencionar que la imprenta universitaria tiene como funci\u00f3n principal establecer los v\u00ednculos necesarios con las dependencias universitarias que requieran los servicios de las artes gr\u00e1ficas tales como: impresi\u00f3n de libros, gacetas, manuales, folletos, formatos, carteles, tr\u00edpticos, hojas membretadas y tarjetas de presentaci\u00f3n, entre otros, elaborados con la calidad y entregados de forma oportuna.<\/p>\n<p>Para ello se cuenta con m\u00e1quinas especializadas, as\u00ed como un s\u00f3lido equipo humano que atiende todas las solicitudes de requerimientos y necesidades de las diferentes Escuelas, Facultades e Institutos, as\u00ed como departamentos y \u00e1reas.<\/p>\n<p>As\u00ed, se ha iniciado una nueva etapa de trabajo en la imprenta universitaria, misma que proyecta garant\u00eda y solidez en la impresi\u00f3n y edici\u00f3n de materiales, al tiempo que la Direcci\u00f3n de Servicios Editoriales invita a las diferentes \u00e1reas que necesiten los servicios a acercarse para que conozcan las caracter\u00edsticas de dise\u00f1o e informaci\u00f3n previas a impresi\u00f3n, evitando as\u00ed tiempos perdidos en el proceso de entrega de materiales.<\/p>\n<p><a href=\"http:\/\/www.eloriente.net\/home\/wp-content\/uploads\/2014\/09\/121.jpg\"><img loading=\"lazy\" decoding=\"async\" class=\"alignnone size-medium wp-image-32211\" title=\"12(1)\" src=\"http:\/\/www.eloriente.net\/home\/wp-content\/uploads\/2014\/09\/121-300x200.jpg\" alt=\"\" width=\"300\" height=\"200\" srcset=\"http:\/\/www.eloriente.net\/home\/wp-content\/uploads\/2014\/09\/121-300x200.jpg 300w, http:\/\/www.eloriente.net\/home\/wp-content\/uploads\/2014\/09\/121-1024x682.jpg 1024w\" sizes=\"(max-width: 300px) 100vw, 300px\" \/><\/a><\/p>\n<p>Foto: UABJO<\/p>\n<p><strong>Entradas relacionadas:<\/strong><\/p>\n<p><a title=\"Permalink to Escucha a Gerardo P\u00e9rez, Gustavo Manzano Trovamala y Mar\u00eda del Refugio Caballero en Todo Oaxaca Radio 9\/SEP\/2014\" href=\"http:\/\/www.eloriente.net\/home\/2014\/09\/10\/escucha-a-gerardo-perez-gustavo-manzano-trovamala-y-maria-del-refugio-caballero-en-todo-oaxaca-radio-9sep2014\/\" rel=\"bookmark\">Escucha a Gerardo P\u00e9rez, Gustavo Manzano Trovamala y Mar\u00eda del Refugio Caballero en Todo Oaxaca Radio 9\/SEP\/2014<\/a><\/p>\n<p><a href=\"http:\/\/www.eloriente.net\/home\/2014\/09\/10\/escucha-a-gerardo-perez-gustavo-manzano-trovamala-y-maria-del-refugio-caballero-en-todo-oaxaca-radio-9sep2014\/\" rel=\"bookmark\"><img decoding=\"async\" title=\"Escucha a Gerardo P\u00e9rez, Gustavo Manzano Trovamala y Mar\u00eda del Refugio Caballero en Todo Oaxaca Radio 9\/SEP\/2014\" src=\"http:\/\/www.eloriente.net\/home\/wp-content\/themes\/city-desk\/timthumb.php?src=http%3A%2F%2Fwww.eloriente.net%2Fhome%2Fwp-content%2Fuploads%2F2014%2F09%2FIMG_5140.jpg&amp;q=90&amp;w=160&amp;h=106&amp;zc=1\" alt=\"Escucha a Gerardo P\u00e9rez, Gustavo Manzano Trovamala y Mar\u00eda del Refugio Caballero en Todo Oaxaca Radio 9\/SEP\/2014\" \/><\/a><\/p>\n<p>todooaxacaradio.com 10\/septiembre\/2014 Como cada martes, en punto de las 17:00 horas se transmiti\u00f3 el programa Todo Oaxaca Radio completamente en vivo desde la Ciudad de Oaxaca de Ju\u00e1rez, a trav\u00e9s de las frecuencias abiertas 570 AM, 94.9 FM y para todo el mundo a trav\u00e9s de www.todooaxacaradio.com. El programa es conducido por Rub\u00e9n Vasconcelos Beltr\u00e1n, [&#8230;]<\/p>\n<p>September 10, 2014<\/p>\n<div id=\"post-32105\">\n<p><a title=\"Permalink to Comisi\u00f3n Ejecutiva de Enfermer\u00eda de la UABJO, \u00fanica autoridad acad\u00e9mica reconocida\" href=\"http:\/\/www.eloriente.net\/home\/2014\/09\/10\/comision-ejecutiva-de-enfermeria-de-la-uabjo-unica-autoridad-academica-reconocida\/\" rel=\"bookmark\">Comisi\u00f3n Ejecutiva de Enfermer\u00eda de la UABJO, \u00fanica autoridad acad\u00e9mica reconocida<\/a><\/p>\n<p><a href=\"http:\/\/www.eloriente.net\/home\/2014\/09\/10\/comision-ejecutiva-de-enfermeria-de-la-uabjo-unica-autoridad-academica-reconocida\/\" rel=\"bookmark\"><img decoding=\"async\" title=\"Comisi\u00f3n Ejecutiva de Enfermer\u00eda de la UABJO, \u00fanica autoridad acad\u00e9mica reconocida\" src=\"http:\/\/www.eloriente.net\/home\/wp-content\/themes\/city-desk\/timthumb.php?src=http%3A%2F%2Fwww.eloriente.net%2Fhome%2Fwp-content%2Fuploads%2F2014%2F09%2F09.jpg&amp;q=90&amp;w=160&amp;h=106&amp;zc=1\" alt=\"Comisi\u00f3n Ejecutiva de Enfermer\u00eda de la UABJO, \u00fanica autoridad acad\u00e9mica reconocida\" \/><\/a><\/p>\n<p>Firme e inatacable la resoluci\u00f3n del Poder Judicial de la Federaci\u00f3n Los Magistrados que integran el Tribunal Colegiado en materias de Trabajo y Administrativa del D\u00e9cimo Tercer Circuito dependiente del Poder Judicial de la Federaci\u00f3n, Licenciados Jorge Valencia M\u00e9ndez y Jaime Allier Campuzano, Roberto G\u00f3mez Arg\u00fcello \u00a0resolvieron confirmar la sentencia impugnada en el recurso de [&#8230;]<\/p>\n<p>September 10, 2014<\/p>\n<p><a title=\"Permalink to UABJO abre Maestr\u00eda en Derecho Privado\" href=\"http:\/\/www.eloriente.net\/home\/2014\/09\/06\/uabjo-abre-maestria-en-derecho-privado\/\" rel=\"bookmark\">UABJO abre Maestr\u00eda en Derecho Privado<\/a><\/p>\n<p><a href=\"http:\/\/www.eloriente.net\/home\/2014\/09\/06\/uabjo-abre-maestria-en-derecho-privado\/\" rel=\"bookmark\"><img decoding=\"async\" title=\"UABJO abre Maestr\u00eda en Derecho Privado\" src=\"http:\/\/www.eloriente.net\/home\/wp-content\/themes\/city-desk\/timthumb.php?src=http%3A%2F%2Fwww.eloriente.net%2Fhome%2Fwp-content%2Fuploads%2F2014%2F09%2F071.jpg&amp;q=90&amp;w=160&amp;h=106&amp;zc=1\" alt=\"UABJO abre Maestr\u00eda en Derecho Privado\" \/><\/a><\/p>\n<p>eloriente.net \/ UABJO 6\/septiembre\/2014 La Universidad Aut\u00f3noma \u201cBenito Ju\u00e1rez\u201d de Oaxaca (UABJO) a trav\u00e9s de la Coordinaci\u00f3n General de Estudios de Posgrado e Investigaci\u00f3n Jur\u00eddica de la Facultad de Derecho y Ciencias Sociales (FDCS) inici\u00f3 las actividades correspondientes a la Maestr\u00eda en Derecho Privado que abordara temas en Derecho Civil y Mercantil. Durante el acto [&#8230;]<\/p>\n<p>September 6, 2014<\/p>\n<\/div>\n\n\t\t\t  <div \n\t\t\t  \tclass = \"fb-comments\" \n\t\t\t  \tdata-href = \"http:\/\/www.eloriente.net\/home\/2014\/09\/12\/nuevo-director-de-servicio-editoriales-de-la-uabjo\/\"\n\t\t\t  \tdata-numposts = \"10\"\n\t\t\t\tdata-colorscheme = \"dark\"\n\t\t\t\tdata-order-by = \"social\"\n\t\t\t\tdata-mobile=true>\n\t\t\t  <\/div>\n\t\t  <style>\n\t\t\t.fb_iframe_widget_fluid_desktop iframe {\n\t\t\t    width: 100% !important;\n\t\t\t}\n\t\t  <\/style>\n\t\t  ","protected":false},"excerpt":{"rendered":"<p>eloriente.net \/ UABJO 12\/septiembre\/2014 \u2022 El equipo de trabajo reafirman su compromiso por cumplir con sus tareas primordiales El rector de la Universidad Aut\u00f3noma \u201cBenito Ju\u00e1rez\u201d de Oaxaca (UABJO), Eduardo Mart\u00ednez Helmes, celebr\u00f3 una reuni\u00f3n con los trabajadores de los Servicios Editoriales y tom\u00f3 protesta al nuevo director, N\u00e9stor Guti\u00e9rrez Jim\u00e9nez, as\u00ed como al subdirector, [&hellip;]<\/p>\n","protected":false},"author":1,"featured_media":32211,"comment_status":"open","ping_status":"open","sticky":false,"template":"","format":"standard","meta":{"_jetpack_memberships_contains_paid_content":false,"footnotes":""},"categories":[1588,32,10],"tags":[182],"class_list":["post-32209","post","type-post","status-publish","format-standard","has-post-thumbnail","hentry","category-comunicados-y-boletines","category-entradas","category-lo-mas-reciente","tag-uabjo"],"jetpack_featured_media_url":"http:\/\/www.eloriente.net\/home\/wp-content\/uploads\/2014\/09\/121.jpg","jetpack_sharing_enabled":true,"_links":{"self":[{"href":"http:\/\/www.eloriente.net\/home\/wp-json\/wp\/v2\/posts\/32209"}],"collection":[{"href":"http:\/\/www.eloriente.net\/home\/wp-json\/wp\/v2\/posts"}],"about":[{"href":"http:\/\/www.eloriente.net\/home\/wp-json\/wp\/v2\/types\/post"}],"author":[{"embeddable":true,"href":"http:\/\/www.eloriente.net\/home\/wp-json\/wp\/v2\/users\/1"}],"replies":[{"embeddable":true,"href":"http:\/\/www.eloriente.net\/home\/wp-json\/wp\/v2\/comments?post=32209"}],"version-history":[{"count":3,"href":"http:\/\/www.eloriente.net\/home\/wp-json\/wp\/v2\/posts\/32209\/revisions"}],"predecessor-version":[{"id":32215,"href":"http:\/\/www.eloriente.net\/home\/wp-json\/wp\/v2\/posts\/32209\/revisions\/32215"}],"wp:featuredmedia":[{"embeddable":true,"href":"http:\/\/www.eloriente.net\/home\/wp-json\/wp\/v2\/media\/32211"}],"wp:attachment":[{"href":"http:\/\/www.eloriente.net\/home\/wp-json\/wp\/v2\/media?parent=32209"}],"wp:term":[{"taxonomy":"category","embeddable":true,"href":"http:\/\/www.eloriente.net\/home\/wp-json\/wp\/v2\/categories?post=32209"},{"taxonomy":"post_tag","embeddable":true,"href":"http:\/\/www.eloriente.net\/home\/wp-json\/wp\/v2\/tags?post=32209"}],"curies":[{"name":"wp","href":"https:\/\/api.w.org\/{rel}","templated":true}]}}