{"id":32216,"date":"2014-09-12T15:59:31","date_gmt":"2014-09-12T21:59:31","guid":{"rendered":"http:\/\/www.eloriente.net\/home\/?p=32216"},"modified":"2014-09-13T10:16:06","modified_gmt":"2014-09-13T16:16:06","slug":"fomenta-pjo-la-cultura-de-proteccion-civil","status":"publish","type":"post","link":"http:\/\/www.eloriente.net\/home\/2014\/09\/12\/fomenta-pjo-la-cultura-de-proteccion-civil\/","title":{"rendered":"Fomenta PJO la cultura de protecci\u00f3n civil"},"content":{"rendered":"<p>eloriente.net \/ <a href=\"http:\/\/www.tribunaloax.gob.mx\/\" target=\"_blank\">Poder Judicial de Oaxaca<\/a><\/p>\n<p>12\/septiembre\/2014<\/p>\n<p>\u00b7 El titular del Poder Judicial, magistrado Alfredo Lagunas Rivera asisti\u00f3 a la Sesi\u00f3n Extraordinaria del Consejo Estatal de Protecci\u00f3n Civil<\/p>\n<p>En respuesta a las acciones del Gobierno del Estado para impulsar estrategias de monitoreo, concientizaci\u00f3n, prevenci\u00f3n y disposici\u00f3n de servicios b\u00e1sicos en situaciones de emergencia, el titular del Poder Judicial, magistrado Alfredo Rodrigo Lagunas Rivera inform\u00f3 que los \u00f3rganos jurisdiccionales de la instituci\u00f3n a su cargo se capacitan en materia de protecci\u00f3n civil para actuar de manera adecuada en caso de contingencias.<\/p>\n<p>Se\u00f1al\u00f3 que al ser la entidad un sitio vulnerable por su ubicaci\u00f3n geogr\u00e1fica y las condiciones del suelo, aunado a los fen\u00f3menos meteorol\u00f3gicos como lluvias y huracanes, \u201ces necesario que las instituciones p\u00fablicas cuenten con los protocolos necesarios para garantizar tanto la integridad f\u00edsica del personal como su capacidad de respuesta en circunstancias adversas\u201d.<\/p>\n<p>Al participar en la Sesi\u00f3n Extraordinaria del Consejo Estatal de Protecci\u00f3n Civil que encabez\u00f3 el gobernador Gabino Cu\u00e9 Monteagudo, el titular del Poder Judicial refrend\u00f3 su compromiso de participar activamente en las tareas de planeaci\u00f3n y atenci\u00f3n en caso de contingencias y se sum\u00f3 a las pol\u00edticas p\u00fablicas que promueven la cultura de la prevenci\u00f3n ante los fen\u00f3menos naturales.<\/p>\n<p>Inform\u00f3 que el \u00e1rea de Protecci\u00f3n Civil de la Direcci\u00f3n de Infraestructura del Consejo de la Judicatura se encarga del constante monitoreo de las p\u00e1ginas web de la Comisi\u00f3n Nacional del Agua (CONAGUA) y del Centro Nacional de Prevenci\u00f3n de Desastres (CENAPRED), para identificar las zonas de riesgo, adem\u00e1s de que cuenta con un equipo de 62 brigadistas responsables de coordinar las acciones de prevenci\u00f3n, concientizaci\u00f3n y protecci\u00f3n en las diferentes \u00e1reas del Poder Judicial.<\/p>\n<p>Dicho organismo, dijo, mantiene una comunicaci\u00f3n constante con los juzgados del interior del estado para conocer sobre las condiciones de los inmuebles en la temporada de lluvias, activar estrategias de evacuaci\u00f3n y resguardo del patrimonio judicial con el fin de evitar p\u00e9rdidas y motivar a la pr\u00e1ctica de los protocolos de protecci\u00f3n civil entre los servidores p\u00fablicos, cuando son necesarias.<\/p>\n<p>Adem\u00e1s, el responsable de la instituci\u00f3n de impartici\u00f3n de justicia en el estado inform\u00f3 que el personal del Tribunal Superior de Justicia y del Consejo de la Judicatura se sumar\u00e1 al mega simulacro nacional que se llevar\u00e1 a cabo el pr\u00f3ximo 19 de septiembre, en el que se pondr\u00e1n en pr\u00e1ctica los conocimientos y protocolos de seguridad antes, durante y despu\u00e9s de un sismo de gran magnitud.<\/p>\n<p>Por otro lado, coment\u00f3, se lleva a cabo una serie de cursos sobre primeros auxilios, manejo de incendios y protocolos de actuaci\u00f3n en sismos en los Centros de Desarrollo Infantil (CENDI) de la instituci\u00f3n, tribunales especializados y \u00e1reas administrativas del Consejo de la Judicatura.<\/p>\n<p><a href=\"http:\/\/www.eloriente.net\/home\/wp-content\/uploads\/2014\/09\/El-magistrado-Alfredo-Rodrigo-Lagunas-Rivera.jpg\"><img loading=\"lazy\" decoding=\"async\" class=\"alignnone size-medium wp-image-32217\" title=\"El magistrado Alfredo Rodrigo Lagunas Rivera\" src=\"http:\/\/www.eloriente.net\/home\/wp-content\/uploads\/2014\/09\/El-magistrado-Alfredo-Rodrigo-Lagunas-Rivera-235x300.jpg\" alt=\"\" width=\"235\" height=\"300\" \/><\/a><\/p>\n<p>Foto: TSJ<\/p>\n<p><strong>Entradas relacionadas:<\/strong><\/p>\n<p><a title=\"Permalink to Avala Tribunal de Oaxaca reglamento contra Trata de Personas\" href=\"http:\/\/www.eloriente.net\/home\/2014\/09\/11\/poder-judicial-de-oaxaca-contra-la-trata-de-personas\/\" rel=\"bookmark\">Avala Tribunal de Oaxaca reglamento contra Trata de Personas<\/a><\/p>\n<p><a href=\"http:\/\/www.eloriente.net\/home\/2014\/09\/11\/poder-judicial-de-oaxaca-contra-la-trata-de-personas\/\" rel=\"bookmark\"><img decoding=\"async\" title=\"Avala Tribunal de Oaxaca reglamento contra Trata de Personas\" src=\"http:\/\/www.eloriente.net\/home\/wp-content\/themes\/city-desk\/timthumb.php?src=http%3A%2F%2Fwww.eloriente.net%2Fhome%2Fwp-content%2Fuploads%2F2014%2F09%2FEl-titular-del-PJO-Alfredo-Lagunas-y-el-gobernador-Gabino-Cu%C3%A9-Monteagudo.jpg&amp;q=90&amp;w=160&amp;h=106&amp;zc=1\" alt=\"Avala Tribunal de Oaxaca reglamento contra Trata de Personas\" \/><\/a><\/p>\n<p>eloriente.net \/ TSJ 11\/septiembre\/2014 \u00b7 Se realiz\u00f3 la segunda sesi\u00f3n ordinaria de la Comisi\u00f3n que atiende los delitos de Trata de Personas encabezada por el gobernador Gabino Cu\u00e9 y a la que asisti\u00f3 el magistrado Alfredo Lagunas Rivera Con la finalidad de revisar estrategias y desarrollar acciones en materia de seguridad, procuraci\u00f3n e impartici\u00f3n de [&#8230;]<\/p>\n<p>September 11, 2014<\/p>\n<div id=\"post-32155\">\n<p><a title=\"Permalink to Convenio entre Poder Judicial y CORTV\" href=\"http:\/\/www.eloriente.net\/home\/2014\/09\/10\/convenio-entre-poder-judicial-y-cortv\/\" rel=\"bookmark\">Convenio entre Poder Judicial y CORTV<\/a><\/p>\n<p><a href=\"http:\/\/www.eloriente.net\/home\/2014\/09\/10\/convenio-entre-poder-judicial-y-cortv\/\" rel=\"bookmark\"><img decoding=\"async\" title=\"Convenio entre Poder Judicial y CORTV\" src=\"http:\/\/www.eloriente.net\/home\/wp-content\/themes\/city-desk\/timthumb.php?src=http%3A%2F%2Fwww.eloriente.net%2Fhome%2Fwp-content%2Fuploads%2F2014%2F09%2FPoder-Judicial-del-Estado-formaliz%C3%B3-convenio-de-colaboraci%C3%B3n-con-CORTV.jpg&amp;q=90&amp;w=160&amp;h=106&amp;zc=1\" alt=\"Convenio entre Poder Judicial y CORTV\" \/><\/a>eloriente.net \/ TSJ 10\/septiembre\/2014 \u00b7 El titular del Poder Judicial magistrado Alfredo Lagunas Rivera y el director de la CORTV, Emilio de Leo firmaron un convenio marco de colaboraci\u00f3n En los esfuerzos por establecer un v\u00ednculo m\u00e1s cercano con la sociedad y promover la cultura de la legalidad, el titular del Poder Judicial del Estado, [&#8230;]<\/p>\n<p>September 10, 2014<\/p>\n<\/div>\n<div id=\"post-31761\">\n<p><a title=\"Permalink to Guardan en libro diez a\u00f1os de construcci\u00f3n feminista\" href=\"http:\/\/www.eloriente.net\/home\/2014\/09\/01\/guardan-en-libro-diez-anos-de-construccion-feminista\/\" rel=\"bookmark\">Guardan en libro diez a\u00f1os de construcci\u00f3n feminista<\/a><\/p>\n<p><a href=\"http:\/\/www.eloriente.net\/home\/2014\/09\/01\/guardan-en-libro-diez-anos-de-construccion-feminista\/\" rel=\"bookmark\"><img decoding=\"async\" title=\"Guardan en libro diez a\u00f1os de construcci\u00f3n feminista\" src=\"http:\/\/www.eloriente.net\/home\/wp-content\/themes\/city-desk\/timthumb.php?src=http%3A%2F%2Fwww.eloriente.net%2Fhome%2Fwp-content%2Fuploads%2F2014%2F09%2Fconcierto.jpg&amp;q=90&amp;w=160&amp;h=106&amp;zc=1\" alt=\"Guardan en libro diez a\u00f1os de construcci\u00f3n feminista\" \/><\/a>eloriente.net 1\/septiembre\/2014 \u2022 El dolor generado por feminicidios ocurridos en Oaxaca y los avances en defensa de los derechos de las mujeres, fueron registrados por el Consorcio para el Di\u00e1logo Parlamentario y la Equidad Oaxaca A.C. M\u00e1s de 20 historias distribuidas en 82 p\u00e1ginas, que describen el dolor generado por los feminicidios cometidos en diferentes [&#8230;]<\/p>\n<p>September 1, 2014<\/p>\n<\/div>\n\n\t\t\t  <div \n\t\t\t  \tclass = \"fb-comments\" \n\t\t\t  \tdata-href = \"http:\/\/www.eloriente.net\/home\/2014\/09\/12\/fomenta-pjo-la-cultura-de-proteccion-civil\/\"\n\t\t\t  \tdata-numposts = \"10\"\n\t\t\t\tdata-colorscheme = \"dark\"\n\t\t\t\tdata-order-by = \"social\"\n\t\t\t\tdata-mobile=true>\n\t\t\t  <\/div>\n\t\t  <style>\n\t\t\t.fb_iframe_widget_fluid_desktop iframe {\n\t\t\t    width: 100% !important;\n\t\t\t}\n\t\t  <\/style>\n\t\t  ","protected":false},"excerpt":{"rendered":"<p>eloriente.net \/ Poder Judicial de Oaxaca 12\/septiembre\/2014 \u00b7 El titular del Poder Judicial, magistrado Alfredo Lagunas Rivera asisti\u00f3 a la Sesi\u00f3n Extraordinaria del Consejo Estatal de Protecci\u00f3n Civil En respuesta a las acciones del Gobierno del Estado para impulsar estrategias de monitoreo, concientizaci\u00f3n, prevenci\u00f3n y disposici\u00f3n de servicios b\u00e1sicos en situaciones de emergencia, el titular [&hellip;]<\/p>\n","protected":false},"author":1,"featured_media":32217,"comment_status":"open","ping_status":"open","sticky":false,"template":"","format":"standard","meta":{"_jetpack_memberships_contains_paid_content":false,"footnotes":""},"categories":[1588,91,32,63,464],"tags":[225],"class_list":["post-32216","post","type-post","status-publish","format-standard","has-post-thumbnail","hentry","category-comunicados-y-boletines","category-congreso-y-justicia","category-entradas","category-estados","category-oaxaca-estados","tag-tsj"],"jetpack_featured_media_url":"http:\/\/www.eloriente.net\/home\/wp-content\/uploads\/2014\/09\/El-magistrado-Alfredo-Rodrigo-Lagunas-Rivera-e1410559025609.jpg","jetpack_sharing_enabled":true,"_links":{"self":[{"href":"http:\/\/www.eloriente.net\/home\/wp-json\/wp\/v2\/posts\/32216"}],"collection":[{"href":"http:\/\/www.eloriente.net\/home\/wp-json\/wp\/v2\/posts"}],"about":[{"href":"http:\/\/www.eloriente.net\/home\/wp-json\/wp\/v2\/types\/post"}],"author":[{"embeddable":true,"href":"http:\/\/www.eloriente.net\/home\/wp-json\/wp\/v2\/users\/1"}],"replies":[{"embeddable":true,"href":"http:\/\/www.eloriente.net\/home\/wp-json\/wp\/v2\/comments?post=32216"}],"version-history":[{"count":4,"href":"http:\/\/www.eloriente.net\/home\/wp-json\/wp\/v2\/posts\/32216\/revisions"}],"predecessor-version":[{"id":32219,"href":"http:\/\/www.eloriente.net\/home\/wp-json\/wp\/v2\/posts\/32216\/revisions\/32219"}],"wp:featuredmedia":[{"embeddable":true,"href":"http:\/\/www.eloriente.net\/home\/wp-json\/wp\/v2\/media\/32217"}],"wp:attachment":[{"href":"http:\/\/www.eloriente.net\/home\/wp-json\/wp\/v2\/media?parent=32216"}],"wp:term":[{"taxonomy":"category","embeddable":true,"href":"http:\/\/www.eloriente.net\/home\/wp-json\/wp\/v2\/categories?post=32216"},{"taxonomy":"post_tag","embeddable":true,"href":"http:\/\/www.eloriente.net\/home\/wp-json\/wp\/v2\/tags?post=32216"}],"curies":[{"name":"wp","href":"https:\/\/api.w.org\/{rel}","templated":true}]}}