{"id":32228,"date":"2014-09-15T00:00:41","date_gmt":"2014-09-15T06:00:41","guid":{"rendered":"http:\/\/www.eloriente.net\/home\/?p=32228"},"modified":"2014-09-15T09:31:59","modified_gmt":"2014-09-15T15:31:59","slug":"crimenes-sociales-y-politicos-en-oaxaca-lunesdepolitica","status":"publish","type":"post","link":"http:\/\/www.eloriente.net\/home\/2014\/09\/15\/crimenes-sociales-y-politicos-en-oaxaca-lunesdepolitica\/","title":{"rendered":"Cr\u00edmenes sociales y pol\u00edticos en Oaxaca #LunesdePol\u00edtica"},"content":{"rendered":"<p>eloriente.net<\/p>\n<p>15\/septiembre\/2014<\/p>\n<p>No se puede evadir la realidad, y esta en Oaxaca, muestra un n\u00famero alto de asesinatos para dirigentes pol\u00edticos y sociales. Para diciembre de 2013, seg\u00fan <a href=\"http:\/\/www.proceso.com.mx\/?p=359699\">Proceso<\/a>, ya se contabilizaban 166 cr\u00edmenes pol\u00edticos y sociales durante la administraci\u00f3n del gobernador Gabino Cu\u00e9. En mayo de 2014, <a href=\"http:\/\/www.despertardeoaxaca.com\/?p=22312\">la cifra ya superaba los 200<\/a>\u00a0con datos de Despertar.<\/p>\n<p>En ELORIENTE.NET, hacemos un recuento de los asesinatos por motivos pol\u00edticos y sociales con m\u00e1s relevancia en el estado desde 2009:<\/p>\n<div class=\"storify\">\n<p><iframe loading=\"lazy\" src=\"\/\/storify.com\/ELORIENTE\/oaxaca-crimenes-sociales-y-politicos\/embed?header=false\" frameborder=\"no\" width=\"100%\" height=\"750\"><\/iframe><script type=\"text\/javascript\" src=\"&quot;\/\/storify.com\/ELORIENTE\/oaxaca-crimenes-sociales-y-politicos.js?&lt;\/p\">\/\/ <![CDATA[\n\n\/\/ ]]><\/script><\/p>\n<\/div>\n<p style=\"text-align: center;\">***<\/p>\n<p><a href=\"http:\/\/www.eloriente.net\/home\/wp-content\/uploads\/2014\/09\/Marco-Alioli.jpg\"><img loading=\"lazy\" decoding=\"async\" class=\"alignnone size-medium wp-image-32230\" title=\"Marco Alioli\" src=\"http:\/\/www.eloriente.net\/home\/wp-content\/uploads\/2014\/09\/Marco-Alioli-300x199.jpg\" alt=\"\" width=\"300\" height=\"199\" srcset=\"http:\/\/www.eloriente.net\/home\/wp-content\/uploads\/2014\/09\/Marco-Alioli-300x199.jpg 300w, http:\/\/www.eloriente.net\/home\/wp-content\/uploads\/2014\/09\/Marco-Alioli-1024x682.jpg 1024w, http:\/\/www.eloriente.net\/home\/wp-content\/uploads\/2014\/09\/Marco-Alioli.jpg 2048w\" sizes=\"(max-width: 300px) 100vw, 300px\" \/><\/a><\/p>\n<p>Foto:\u00a0<a title=\"Ir a la galer\u00eda de Marco Alioli\" href=\"https:\/\/www.flickr.com\/photos\/npv3605\/\" data-track=\"attributionNameClick\" data-rapid_p=\"21\">Marco Alioli<\/a>\u00a0&#8211;\u00a0<a href=\"https:\/\/creativecommons.org\/licenses\/by-sa\/2.0\/\">Algunos derechos reservados<\/a><\/p>\n<p><strong>Entradas relacionadas:<\/strong><\/p>\n<p><a title=\"Permalink to Decrece competitividad mexicana en el \u00faltimo a\u00f1o #Mi\u00e9rcolesdeEconom\u00eda\" href=\"http:\/\/www.eloriente.net\/home\/2014\/09\/10\/decrece-competitividad-mexicana-en-el-ultimo-ano-miercolesdeeconomia\/\" rel=\"bookmark\">Decrece competitividad mexicana en el \u00faltimo a\u00f1o #Mi\u00e9rcolesdeEconom\u00eda<\/a><\/p>\n<p><a href=\"http:\/\/www.eloriente.net\/home\/2014\/09\/10\/decrece-competitividad-mexicana-en-el-ultimo-ano-miercolesdeeconomia\/\" rel=\"bookmark\"><img decoding=\"async\" title=\"Decrece competitividad mexicana en el \u00faltimo a\u00f1o #Mi\u00e9rcolesdeEconom\u00eda\" src=\"http:\/\/www.eloriente.net\/home\/wp-content\/themes\/city-desk\/timthumb.php?src=http%3A%2F%2Fwww.eloriente.net%2Fhome%2Fwp-content%2Fuploads%2F2014%2F09%2F2013-IMD.jpg&amp;q=90&amp;w=160&amp;h=106&amp;zc=1\" alt=\"Decrece competitividad mexicana en el \u00faltimo a\u00f1o #Mi\u00e9rcolesdeEconom\u00eda\" \/><\/a><\/p>\n<p>eloriente.net 10\/septiembre\/2014 Cuando se habla de competitividad entre los pa\u00edses, el organismo que desde hace 25 a\u00f1os se encarga de su medici\u00f3n es el Institute for Management Development de la Universidad de Lausana en Suiza. El \u00edndice de competitividad mundial, conocido como IMD Index se condensa en un libro anual llamado\u00a0IMD World Competitiveness Yearbook 2014 [&#8230;]<\/p>\n<p>September 10, 2014<\/p>\n<div id=\"post-32072\">\n<p><a title=\"Permalink to \u00bfPor qu\u00e9 una Nueva Ley de Notariado en Oaxaca?\" href=\"http:\/\/www.eloriente.net\/home\/2014\/09\/10\/por-que-una-nueva-ley-de-notariado-en-oaxaca\/\" rel=\"bookmark\">\u00bfPor qu\u00e9 una Nueva Ley de Notariado en Oaxaca?<\/a><\/p>\n<p><a href=\"http:\/\/www.eloriente.net\/home\/2014\/09\/10\/por-que-una-nueva-ley-de-notariado-en-oaxaca\/\" rel=\"bookmark\"><img decoding=\"async\" title=\"\u00bfPor qu\u00e9 una Nueva Ley de Notariado en Oaxaca?\" src=\"http:\/\/www.eloriente.net\/home\/wp-content\/themes\/city-desk\/timthumb.php?src=http%3A%2F%2Fwww.eloriente.net%2Fhome%2Fwp-content%2Fuploads%2F2014%2F09%2FLey-Notariado-Domas-Mituzas.jpg&amp;q=90&amp;w=160&amp;h=106&amp;zc=1\" alt=\"\u00bfPor qu\u00e9 una Nueva Ley de Notariado en Oaxaca?\" \/><\/a>eloriente.net 9\/septiembre\/2014 La iniciativa de Ley de Notariado de Oaxaca, que ya fue presentada al Congreso Estatal, es un nuevo proyecto integral para sustituir la ley que actualmente rige la actividad notarial y que data de 1994. A 20 a\u00f1os de su promulgaci\u00f3n, por el tiempo transcurrido es una ley obsoleta y rebasada en muchos [&#8230;]<\/p>\n<p>September 10, 2014<\/p>\n<p><a title=\"Permalink to Lo esencial del Nuevo Aeropuerto Internacional de la Ciudad de M\u00e9xico\" href=\"http:\/\/www.eloriente.net\/home\/2014\/09\/08\/lo-escencial-del-nuevo-aeropuerto-internacional-de-la-ciudad-de-mexico\/\" rel=\"bookmark\">Lo esencial del Nuevo Aeropuerto Internacional de la Ciudad de M\u00e9xico<\/a><\/p>\n<p><a href=\"http:\/\/www.eloriente.net\/home\/2014\/09\/08\/lo-escencial-del-nuevo-aeropuerto-internacional-de-la-ciudad-de-mexico\/\" rel=\"bookmark\"><img decoding=\"async\" title=\"Lo esencial del Nuevo Aeropuerto Internacional de la Ciudad de M\u00e9xico\" src=\"http:\/\/www.eloriente.net\/home\/wp-content\/themes\/city-desk\/timthumb.php?src=http%3A%2F%2Fwww.eloriente.net%2Fhome%2Fwp-content%2Fuploads%2F2014%2F09%2Fnuevo-aeropuerto-3.jpg&amp;q=90&amp;w=160&amp;h=106&amp;zc=1\" alt=\"Lo esencial del Nuevo Aeropuerto Internacional de la Ciudad de M\u00e9xico\" \/><\/a><\/p>\n<p>eloriente.net 8\/septiembre\/2014 El titular de la Secretar\u00eda de Comunicaci\u00f3n y Transportes, Gerardo Ruiz Esparza destac\u00f3 que el nuevo Aeropuerto Internacional de la Ciudad de M\u00e9xico ser\u00e1 contruido sobre un terreno de 12 mil 500 hect\u00e1reas de terreno ubicadas en el oriente del Valle de M\u00e9xico. La asignaci\u00f3n dentro del Proyecto del Prespuesto de Egresos de [&#8230;]<\/p>\n<p>September 8, 2014<\/p>\n<\/div>\n\n\t\t\t  <div \n\t\t\t  \tclass = \"fb-comments\" \n\t\t\t  \tdata-href = \"http:\/\/www.eloriente.net\/home\/2014\/09\/15\/crimenes-sociales-y-politicos-en-oaxaca-lunesdepolitica\/\"\n\t\t\t  \tdata-numposts = \"10\"\n\t\t\t\tdata-colorscheme = \"dark\"\n\t\t\t\tdata-order-by = \"social\"\n\t\t\t\tdata-mobile=true>\n\t\t\t  <\/div>\n\t\t  <style>\n\t\t\t.fb_iframe_widget_fluid_desktop iframe {\n\t\t\t    width: 100% !important;\n\t\t\t}\n\t\t  <\/style>\n\t\t  ","protected":false},"excerpt":{"rendered":"<p>eloriente.net 15\/septiembre\/2014 No se puede evadir la realidad, y esta en Oaxaca, muestra un n\u00famero alto de asesinatos para dirigentes pol\u00edticos y sociales. Para diciembre de 2013, seg\u00fan Proceso, ya se contabilizaban 166 cr\u00edmenes pol\u00edticos y sociales durante la administraci\u00f3n del gobernador Gabino Cu\u00e9. En mayo de 2014, la cifra ya superaba los 200\u00a0con datos [&hellip;]<\/p>\n","protected":false},"author":1,"featured_media":19019,"comment_status":"open","ping_status":"open","sticky":false,"template":"","format":"standard","meta":{"_jetpack_memberships_contains_paid_content":false,"footnotes":""},"categories":[2434,32,63,10,464,21,31],"tags":[4082,2602,2603,2601,231],"class_list":["post-32228","post","type-post","status-publish","format-standard","has-post-thumbnail","hentry","category-lunesdepolitica","category-entradas","category-estados","category-lo-mas-reciente","category-oaxaca-estados","category-politica-y-gobierno","category-principal","tag-lunesdepolitica","tag-asesinatos","tag-asesinatos-politicos","tag-crimenes","tag-politica"],"jetpack_featured_media_url":"http:\/\/www.eloriente.net\/home\/wp-content\/uploads\/2013\/12\/bandera_blanca.jpg","jetpack_sharing_enabled":true,"_links":{"self":[{"href":"http:\/\/www.eloriente.net\/home\/wp-json\/wp\/v2\/posts\/32228"}],"collection":[{"href":"http:\/\/www.eloriente.net\/home\/wp-json\/wp\/v2\/posts"}],"about":[{"href":"http:\/\/www.eloriente.net\/home\/wp-json\/wp\/v2\/types\/post"}],"author":[{"embeddable":true,"href":"http:\/\/www.eloriente.net\/home\/wp-json\/wp\/v2\/users\/1"}],"replies":[{"embeddable":true,"href":"http:\/\/www.eloriente.net\/home\/wp-json\/wp\/v2\/comments?post=32228"}],"version-history":[{"count":5,"href":"http:\/\/www.eloriente.net\/home\/wp-json\/wp\/v2\/posts\/32228\/revisions"}],"predecessor-version":[{"id":32244,"href":"http:\/\/www.eloriente.net\/home\/wp-json\/wp\/v2\/posts\/32228\/revisions\/32244"}],"wp:featuredmedia":[{"embeddable":true,"href":"http:\/\/www.eloriente.net\/home\/wp-json\/wp\/v2\/media\/19019"}],"wp:attachment":[{"href":"http:\/\/www.eloriente.net\/home\/wp-json\/wp\/v2\/media?parent=32228"}],"wp:term":[{"taxonomy":"category","embeddable":true,"href":"http:\/\/www.eloriente.net\/home\/wp-json\/wp\/v2\/categories?post=32228"},{"taxonomy":"post_tag","embeddable":true,"href":"http:\/\/www.eloriente.net\/home\/wp-json\/wp\/v2\/tags?post=32228"}],"curies":[{"name":"wp","href":"https:\/\/api.w.org\/{rel}","templated":true}]}}