{"id":32241,"date":"2014-09-14T22:56:37","date_gmt":"2014-09-15T04:56:37","guid":{"rendered":"http:\/\/www.eloriente.net\/home\/?p=32241"},"modified":"2014-09-14T22:56:37","modified_gmt":"2014-09-15T04:56:37","slug":"policias-de-oaxaca-en-paro","status":"publish","type":"post","link":"http:\/\/www.eloriente.net\/home\/2014\/09\/14\/policias-de-oaxaca-en-paro\/","title":{"rendered":"Polic\u00edas de Oaxaca en paro"},"content":{"rendered":"<p>eloriente.net<\/p>\n<p>15\/septiembre\/2014<\/p>\n<p>La ma\u00f1ana de ayer domingo, Polic\u00edas de Oaxaca iniciaron un paro de labores, en el que tienen como m\u00e1xima exigencia, la renuncia de Alberto Esteva Salinas, Secretario de Seguridad P\u00fablica, as\u00ed como una auditor\u00eda de su gesti\u00f3n.<\/p>\n<p>El anuncio de paro fue dado el viernes pasado, pero fue hasta el domingo que unos 600 elementos de seguridad se concentraron en el cuartel ubicado en Santa Mar\u00eda Coyotepec. \u00abQueremos que nos doten de uniformes, ya algunos compa\u00f1eros traen sus botas casi rotas, no es posible que no haya ni lo m\u00e1s elemental para nuestro trabajo y que se est\u00e9n pintando valores que en la corporaci\u00f3n no se aplican\u00bb, <a href=\"http:\/\/www.eluniversal.com.mx\/estados\/2014\/policias-toman-instalaciones-c4-oaxaca-1038205.html\" target=\"_blank\">expusieron los inconformes<\/a>.<\/p>\n<p>Hasta el momento, no existe una postura oficial del Gobierno de Oaxaca en torno a la situaci\u00f3n, misma que se agudiz\u00f3, cuando \u00a0los cuerpos policiacos tomaron las instalaciones del C-4 ubicadas en la prolongaci\u00f3n de Xicot\u00e9ncatl en el barrio de San Jos\u00e9 La Noria; y por la noche, expulsaron del cuartel, que se encuentra en Santa Mar\u00eda Coyotepec, a Alberto Esteva Salinas y al comandante Guillermo Luna G\u00e1lvez, de quien resguardaron y sellaron su veh\u00edculo oficial.<\/p>\n<p>Las estad\u00edsticas se\u00f1alan que durante el per\u00edodo de Esteva Salinas, el \u00edndice delictivo en Oaxaca ha incrementado hasta en un 400 por ciento. polic\u00edas han informado que el paro continuar\u00e1 este lunes 15 septiembre.<\/p>\n<p><a href=\"http:\/\/www.eloriente.net\/home\/wp-content\/uploads\/2013\/01\/SSP.jpg\"><img loading=\"lazy\" decoding=\"async\" class=\"alignnone size-medium wp-image-6710\" title=\"SSP\" src=\"http:\/\/www.eloriente.net\/home\/wp-content\/uploads\/2013\/01\/SSP-300x175.jpg\" alt=\"\" width=\"300\" height=\"175\" srcset=\"http:\/\/www.eloriente.net\/home\/wp-content\/uploads\/2013\/01\/SSP-300x175.jpg 300w, http:\/\/www.eloriente.net\/home\/wp-content\/uploads\/2013\/01\/SSP.jpg 650w\" sizes=\"(max-width: 300px) 100vw, 300px\" \/><\/a><\/p>\n<p>Foto: Archivo eloriente.net<\/p>\n<p><strong>Entradas relacionadas:<\/strong><\/p>\n<p><a title=\"Permalink to DF reforma la Ley para Prevenir la Disciminaci\u00f3n\" href=\"http:\/\/www.eloriente.net\/home\/2014\/09\/09\/df-reforma-la-ley-para-prevenir-la-disciminacion\/\" rel=\"bookmark\">DF reforma la Ley para Prevenir la Disciminaci\u00f3n<\/a><\/p>\n<p><a href=\"http:\/\/www.eloriente.net\/home\/2014\/09\/09\/df-reforma-la-ley-para-prevenir-la-disciminacion\/\" rel=\"bookmark\"><img decoding=\"async\" title=\"DF reforma la Ley para Prevenir la Disciminaci\u00f3n\" src=\"http:\/\/www.eloriente.net\/home\/wp-content\/themes\/city-desk\/timthumb.php?src=http%3A%2F%2Fwww.eloriente.net%2Fhome%2Fwp-content%2Fuploads%2F2014%2F09%2FGay-Guillaume-Paumier.jpg&amp;q=90&amp;w=160&amp;h=106&amp;zc=1\" alt=\"DF reforma la Ley para Prevenir la Disciminaci\u00f3n\" \/><\/a><\/p>\n<p>eloriente.net 9\/septiembre\/2014 El Gobierno del Distrito Federal emiti\u00f3 ayer en la Gaceta Oficial del DF, el decreto por el que se reforman y adicionan diversas disposiciones de la Ley para Prevenir y Eliminar la Discriminaci\u00f3n. El Art\u00edculo 2 qued\u00f3 como sigue: Es obligaci\u00f3n de las autoridades del Distrito Federal, en colaboraci\u00f3n con los dem\u00e1s entes [&#8230;]<\/p>\n<p>September 9, 2014<\/p>\n<div id=\"post-32050\">\n<p><a title=\"Permalink to La educaci\u00f3n en el desfiladero, un art\u00edculo de Samael Hern\u00e1ndez Ruiz\" href=\"http:\/\/www.eloriente.net\/home\/2014\/09\/08\/la-educacion-en-el-desfiladero-un-articulo-de-samael-hernandez-ruiz\/\" rel=\"bookmark\">La educaci\u00f3n en el desfiladero, un art\u00edculo de Samael Hern\u00e1ndez Ruiz<\/a><\/p>\n<p><a href=\"http:\/\/www.eloriente.net\/home\/2014\/09\/08\/la-educacion-en-el-desfiladero-un-articulo-de-samael-hernandez-ruiz\/\" rel=\"bookmark\"><img decoding=\"async\" title=\"La educaci\u00f3n en el desfiladero, un art\u00edculo de Samael Hern\u00e1ndez Ruiz\" src=\"http:\/\/www.eloriente.net\/home\/wp-content\/themes\/city-desk\/timthumb.php?src=http%3A%2F%2Fwww.eloriente.net%2Fhome%2Fwp-content%2Fuploads%2F2014%2F07%2FMaestros-Por-Secci%C3%B3n-22.jpg&amp;q=90&amp;w=160&amp;h=106&amp;zc=1\" alt=\"La educaci\u00f3n en el desfiladero, un art\u00edculo de Samael Hern\u00e1ndez Ruiz\" \/><\/a><\/p>\n<p>eloriente.net 8\/septiembre\/2014 Por Samael Hern\u00e1ndez Ruiz Se agot\u00f3 el tiempo. Los servicios educativos en Oaxaca podr\u00edan mantener su inercia hacia el declive y es urgente que construyamos\u00a0 una soluci\u00f3n entre todos. La Secci\u00f3n 22 del SNTE le disputa al gobierno federal la permanencia de sus privilegios; pero tambi\u00e9n, hay que decirlo, la defensa de sus [&#8230;]<\/p>\n<p>September 8, 2014<\/p>\n<\/div>\n<div id=\"post-32047\">\n<p><a title=\"Permalink to Conflicto educativo en Oaxaca: bumerang para EPN\" href=\"http:\/\/www.eloriente.net\/home\/2014\/09\/08\/conflicto-educativo-en-oaxaca-bumerang-para-epn\/\" rel=\"bookmark\">Conflicto educativo en Oaxaca: bumerang para EPN<\/a><\/p>\n<p><a href=\"http:\/\/www.eloriente.net\/home\/2014\/09\/08\/conflicto-educativo-en-oaxaca-bumerang-para-epn\/\" rel=\"bookmark\"><img decoding=\"async\" title=\"Conflicto educativo en Oaxaca: bumerang para EPN\" src=\"http:\/\/www.eloriente.net\/home\/wp-content\/themes\/city-desk\/timthumb.php?src=http%3A%2F%2Fwww.eloriente.net%2Fhome%2Fwp-content%2Fuploads%2F2013%2F02%2FAlgunos-derechos-reservados-por-alviseni-dinero.jpg&amp;q=90&amp;w=160&amp;h=106&amp;zc=1\" alt=\"Conflicto educativo en Oaxaca: bumerang para EPN\" \/><\/a><\/p>\n<p>eloriente.net 8\/septiembre\/2014 D\u00e9ficit financiero, \u201cpapa caliente\u201d para SEP en 2015 El jueves pasado el gobierno del estado public\u00f3 un inusual comunicado en el que repasaba las circunstancias en que se dio el proceso de rezonificaci\u00f3n salarial de los trabajadores de la educaci\u00f3n en Oaxaca y, disimuladamente, le \u201canunciaba\u201d al gobierno federal el d\u00e9ficit y los [&#8230;]<\/p>\n<p>September 8, 2014<\/p>\n<\/div>\n\n\t\t\t  <div \n\t\t\t  \tclass = \"fb-comments\" \n\t\t\t  \tdata-href = \"http:\/\/www.eloriente.net\/home\/2014\/09\/14\/policias-de-oaxaca-en-paro\/\"\n\t\t\t  \tdata-numposts = \"10\"\n\t\t\t\tdata-colorscheme = \"dark\"\n\t\t\t\tdata-order-by = \"social\"\n\t\t\t\tdata-mobile=true>\n\t\t\t  <\/div>\n\t\t  <style>\n\t\t\t.fb_iframe_widget_fluid_desktop iframe {\n\t\t\t    width: 100% !important;\n\t\t\t}\n\t\t  <\/style>\n\t\t  ","protected":false},"excerpt":{"rendered":"<p>eloriente.net 15\/septiembre\/2014 La ma\u00f1ana de ayer domingo, Polic\u00edas de Oaxaca iniciaron un paro de labores, en el que tienen como m\u00e1xima exigencia, la renuncia de Alberto Esteva Salinas, Secretario de Seguridad P\u00fablica, as\u00ed como una auditor\u00eda de su gesti\u00f3n. El anuncio de paro fue dado el viernes pasado, pero fue hasta el domingo que unos [&hellip;]<\/p>\n","protected":false},"author":1,"featured_media":6710,"comment_status":"open","ping_status":"open","sticky":false,"template":"","format":"standard","meta":{"_jetpack_memberships_contains_paid_content":false,"footnotes":""},"categories":[32,10,464,21],"tags":[4082,166],"class_list":["post-32241","post","type-post","status-publish","format-standard","has-post-thumbnail","hentry","category-entradas","category-lo-mas-reciente","category-oaxaca-estados","category-politica-y-gobierno","tag-lunesdepolitica","tag-ssp"],"jetpack_featured_media_url":"http:\/\/www.eloriente.net\/home\/wp-content\/uploads\/2013\/01\/SSP.jpg","jetpack_sharing_enabled":true,"_links":{"self":[{"href":"http:\/\/www.eloriente.net\/home\/wp-json\/wp\/v2\/posts\/32241"}],"collection":[{"href":"http:\/\/www.eloriente.net\/home\/wp-json\/wp\/v2\/posts"}],"about":[{"href":"http:\/\/www.eloriente.net\/home\/wp-json\/wp\/v2\/types\/post"}],"author":[{"embeddable":true,"href":"http:\/\/www.eloriente.net\/home\/wp-json\/wp\/v2\/users\/1"}],"replies":[{"embeddable":true,"href":"http:\/\/www.eloriente.net\/home\/wp-json\/wp\/v2\/comments?post=32241"}],"version-history":[{"count":1,"href":"http:\/\/www.eloriente.net\/home\/wp-json\/wp\/v2\/posts\/32241\/revisions"}],"predecessor-version":[{"id":32242,"href":"http:\/\/www.eloriente.net\/home\/wp-json\/wp\/v2\/posts\/32241\/revisions\/32242"}],"wp:featuredmedia":[{"embeddable":true,"href":"http:\/\/www.eloriente.net\/home\/wp-json\/wp\/v2\/media\/6710"}],"wp:attachment":[{"href":"http:\/\/www.eloriente.net\/home\/wp-json\/wp\/v2\/media?parent=32241"}],"wp:term":[{"taxonomy":"category","embeddable":true,"href":"http:\/\/www.eloriente.net\/home\/wp-json\/wp\/v2\/categories?post=32241"},{"taxonomy":"post_tag","embeddable":true,"href":"http:\/\/www.eloriente.net\/home\/wp-json\/wp\/v2\/tags?post=32241"}],"curies":[{"name":"wp","href":"https:\/\/api.w.org\/{rel}","templated":true}]}}