{"id":32245,"date":"2014-09-15T11:14:10","date_gmt":"2014-09-15T17:14:10","guid":{"rendered":"http:\/\/www.eloriente.net\/home\/?p=32245"},"modified":"2014-09-15T11:14:10","modified_gmt":"2014-09-15T17:14:10","slug":"se-confirma-nidiez-gana-en-prd-oaxaca","status":"publish","type":"post","link":"http:\/\/www.eloriente.net\/home\/2014\/09\/15\/se-confirma-nidiez-gana-en-prd-oaxaca\/","title":{"rendered":"Se confirma: NI\/DIEZ gana en PRD Oaxaca"},"content":{"rendered":"<p>eloriente.net<\/p>\n<p>15 de septiembre de 2014<\/p>\n<p>Esta ma\u00f1ana, se dieron a conocer los resultados de la votaci\u00f3n estatal para elegir consejer\u00edas nacionales y estatales del Partido de la Revoluci\u00f3n Democr\u00e1tica (PRD) en Oaxaca, confirmando en lo general las tendencias dadas a conocer preliminarmente desde la noche del domingo 7 de septiembre y en d\u00edas posteriores (ver ELORIENTE.NET).<\/p>\n<p>La elecci\u00f3n, la primera que para un organismo de direcci\u00f3n partidista organiza directamente el Instituto Nacional Electoral (INE), transcurri\u00f3 sin mayores incidentes en Oaxaca, lo cual diferenci\u00f3 en mucho a \u00e9sta de las anteriores contiendas internas del PRD.<\/p>\n<p>Para consejeros estatales, se confirm\u00f3 que NI\/DIEZ fue la f\u00f3rmula mayoritaria con 24,511 sufragios; en segundo sitio se ubic\u00f3 ADN\/UCD con 21,245; IDN en tercer lugar con 14,291 y NI\/COSTA con 8,562 concluy\u00f3 poco detr\u00e1s.<\/p>\n<p>Hay que decir, por la forma de organizaci\u00f3n de dicho partido, que para la conformaci\u00f3n final de su directiva deber\u00e1n efectuar internamente los acuerdos respectivos, pues ninguna f\u00f3rmula obtuvo m\u00e1s del 60% de los votos.<\/p>\n<p>La siguiente acta, fue compartida en twitter por el delegado del INE en el estado, Roberto Heycher Cardiel Soto v\u00eda redes sociales.<\/p>\n<p><a href=\"http:\/\/www.eloriente.net\/home\/wp-content\/uploads\/2014\/09\/Resultados-PRD-Oaxaca-INE-@Heycher.jpg\"><img loading=\"lazy\" decoding=\"async\" class=\"alignnone  wp-image-32246\" title=\"Resultados PRD-Oaxaca INE @Heycher\" src=\"http:\/\/www.eloriente.net\/home\/wp-content\/uploads\/2014\/09\/Resultados-PRD-Oaxaca-INE-@Heycher-230x300.jpg\" alt=\"\" width=\"250\" height=\"327\" srcset=\"http:\/\/www.eloriente.net\/home\/wp-content\/uploads\/2014\/09\/Resultados-PRD-Oaxaca-INE-@Heycher-230x300.jpg 230w, http:\/\/www.eloriente.net\/home\/wp-content\/uploads\/2014\/09\/Resultados-PRD-Oaxaca-INE-@Heycher.jpg 786w\" sizes=\"(max-width: 250px) 100vw, 250px\" \/><\/a><\/p>\n<p>&nbsp;<\/p>\n<blockquote class=\"twitter-tweet\" lang=\"es\"><p><a href=\"https:\/\/twitter.com\/JesusRomero_PRD\">@JesusRomero_PRD<\/a> <a href=\"https:\/\/twitter.com\/hashtag\/Planilla10?src=hash\">#Planilla10<\/a> ganadora en Oaxaca <a href=\"http:\/\/t.co\/8agpSiRu88\">pic.twitter.com\/8agpSiRu88<\/a><\/p>\n<p>\u2014 VICTOR MANUEL (@ahcixol) <a href=\"https:\/\/twitter.com\/ahcixol\/status\/511537448946782208\">septiembre 15, 2014<\/a><\/p><\/blockquote>\n<p><strong>OTRAS ENTRADAS:<\/strong><\/p>\n<p><a title=\"Permalink to Cerrada elecci\u00f3n interna en PRD-Oaxaca; gana DIEZ\" href=\"http:\/\/www.eloriente.net\/home\/2014\/09\/08\/cerrada-eleccion-interna-en-prd-oaxaca-gana-diez\/\" rel=\"bookmark\">Cerrada elecci\u00f3n interna en PRD-Oaxaca; gana DIEZ<\/a><\/p>\n<p><a href=\"http:\/\/www.eloriente.net\/home\/2014\/09\/08\/cerrada-eleccion-interna-en-prd-oaxaca-gana-diez\/\" rel=\"bookmark\"><img decoding=\"async\" title=\"Cerrada elecci\u00f3n interna en PRD-Oaxaca; gana DIEZ\" src=\"http:\/\/www.eloriente.net\/home\/wp-content\/themes\/city-desk\/timthumb.php?src=http%3A%2F%2Fwww.eloriente.net%2Fhome%2Fwp-content%2Fuploads%2F2014%2F09%2FCaptura-de-pantalla-2014-09-08-a-las-11.21.22.png&amp;q=90&amp;w=160&amp;h=106&amp;zc=1\" alt=\"Cerrada elecci\u00f3n interna en PRD-Oaxaca; gana DIEZ\" \/><\/a><\/p>\n<p>eloriente.net 8 de septiembre de 2014 eloriente.net (Oaxaca de Ju\u00e1rez, Oaxaca, a 8 de septiembre de 2014).- Con una notable pulverizaci\u00f3n de preferencias, ayer se efectuaron las elecciones de congresistas nacionales y consejeros estatales y municipales en el Partido de la Revoluci\u00f3n Democr\u00e1tica. Esta pulverizaci\u00f3n se evidenci\u00f3 tras darse a conocer por el Instituto Nacional [&#8230;]<\/p>\n<p>September 8, 2014<\/p>\n\n\t\t\t  <div \n\t\t\t  \tclass = \"fb-comments\" \n\t\t\t  \tdata-href = \"http:\/\/www.eloriente.net\/home\/2014\/09\/15\/se-confirma-nidiez-gana-en-prd-oaxaca\/\"\n\t\t\t  \tdata-numposts = \"10\"\n\t\t\t\tdata-colorscheme = \"dark\"\n\t\t\t\tdata-order-by = \"social\"\n\t\t\t\tdata-mobile=true>\n\t\t\t  <\/div>\n\t\t  <style>\n\t\t\t.fb_iframe_widget_fluid_desktop iframe {\n\t\t\t    width: 100% !important;\n\t\t\t}\n\t\t  <\/style>\n\t\t  ","protected":false},"excerpt":{"rendered":"<p>eloriente.net 15 de septiembre de 2014 Esta ma\u00f1ana, se dieron a conocer los resultados de la votaci\u00f3n estatal para elegir consejer\u00edas nacionales y estatales del Partido de la Revoluci\u00f3n Democr\u00e1tica (PRD) en Oaxaca, confirmando en lo general las tendencias dadas a conocer preliminarmente desde la noche del domingo 7 de septiembre y en d\u00edas posteriores [&hellip;]<\/p>\n","protected":false},"author":1,"featured_media":0,"comment_status":"open","ping_status":"open","sticky":false,"template":"","format":"standard","meta":{"_jetpack_memberships_contains_paid_content":false,"footnotes":""},"categories":[71,32,63,10,464,21],"tags":[],"class_list":["post-32245","post","type-post","status-publish","format-standard","hentry","category-elecciones","category-entradas","category-estados","category-lo-mas-reciente","category-oaxaca-estados","category-politica-y-gobierno"],"jetpack_featured_media_url":"","jetpack_sharing_enabled":true,"_links":{"self":[{"href":"http:\/\/www.eloriente.net\/home\/wp-json\/wp\/v2\/posts\/32245"}],"collection":[{"href":"http:\/\/www.eloriente.net\/home\/wp-json\/wp\/v2\/posts"}],"about":[{"href":"http:\/\/www.eloriente.net\/home\/wp-json\/wp\/v2\/types\/post"}],"author":[{"embeddable":true,"href":"http:\/\/www.eloriente.net\/home\/wp-json\/wp\/v2\/users\/1"}],"replies":[{"embeddable":true,"href":"http:\/\/www.eloriente.net\/home\/wp-json\/wp\/v2\/comments?post=32245"}],"version-history":[{"count":2,"href":"http:\/\/www.eloriente.net\/home\/wp-json\/wp\/v2\/posts\/32245\/revisions"}],"predecessor-version":[{"id":32248,"href":"http:\/\/www.eloriente.net\/home\/wp-json\/wp\/v2\/posts\/32245\/revisions\/32248"}],"wp:attachment":[{"href":"http:\/\/www.eloriente.net\/home\/wp-json\/wp\/v2\/media?parent=32245"}],"wp:term":[{"taxonomy":"category","embeddable":true,"href":"http:\/\/www.eloriente.net\/home\/wp-json\/wp\/v2\/categories?post=32245"},{"taxonomy":"post_tag","embeddable":true,"href":"http:\/\/www.eloriente.net\/home\/wp-json\/wp\/v2\/tags?post=32245"}],"curies":[{"name":"wp","href":"https:\/\/api.w.org\/{rel}","templated":true}]}}