{"id":32289,"date":"2014-09-17T09:48:39","date_gmt":"2014-09-17T15:48:39","guid":{"rendered":"http:\/\/www.eloriente.net\/home\/?p=32289"},"modified":"2014-09-17T09:54:33","modified_gmt":"2014-09-17T15:54:33","slug":"el-llamado-musical-por-la-naturaleza-en-oaxaca","status":"publish","type":"post","link":"http:\/\/www.eloriente.net\/home\/2014\/09\/17\/el-llamado-musical-por-la-naturaleza-en-oaxaca\/","title":{"rendered":"\u2018El llamado\u2019 musical por la naturaleza en Oaxaca"},"content":{"rendered":"<p>eloriente.net<\/p>\n<p>17\/septiembre\/2014<\/p>\n<p>El concierto <em>El llamado<\/em> surge como una iniciativa de la cantante Susana Harp, como parte de su labor y compromiso con los ni\u00f1os y el medio ambiente<\/p>\n<p>Este s\u00e1bado 20 de septiembre a las 19:30 horas en la Plaza de la Danza se presentar\u00e1 la producci\u00f3n musical <em>El llamad<\/em>o, un disco compacto que re\u00fane 29 cantos y cuentos para generar conciencia sobre la naturaleza de M\u00e9xico.<\/p>\n<p>Esta selecci\u00f3n cuenta con las voces de Eugenia Le\u00f3n, Susana Harp, Iraida Noriega y Elizabeth Meza, entre otras, que participan en este proyecto orquestado por la Asociaci\u00f3n Xquenda, la Fonoteca Nacional y la Comisi\u00f3n Nacional para el Conocimiento y Uso de la Biodiversidad (Conabio). Los cuentos son interpretados por la voz de Jorge Buenfil.<\/p>\n<p><em>El llamado<\/em> es un lazo musical que, de forma l\u00fadica y educativa, busca contribuir con el medio ambiente. Su presentaci\u00f3n en Oaxaca promover\u00e1 pr\u00e1cticas de reconciliaci\u00f3n con la naturaleza, para luego asistir al concierto, donde participar\u00e1n Susana Harp.<\/p>\n<p>Quienes lleguen al concierto en bicicleta, podr\u00e1n dejar su veh\u00edculo alrededor de la Plaza de la Danza, donde ser\u00e1n acondicionados estacionamientos para resguardarlas. Otra opci\u00f3n es unirse al grupo de ciclistas que comanda Mundo Ceiba, que se reunir\u00e1 a las 18:00 en la explanada de Santo Domingo de Guzm\u00e1n. De ah\u00ed iniciar\u00e1n un paseo por la ciudad, que desembocar\u00e1 en la Plaza de la Danza para atestiguar el concierto de presentaci\u00f3n del disco <em>El llamado<\/em>.<\/p>\n<p>Ya sea a pie o en bicicleta, todos los asistentes podr\u00e1n tener la oportunidad de conseguir gratis un disco con los cantos y cuentos que promueven la conciencia por la naturaleza de M\u00e9xico. El que lleve 5 kilos de residuos s\u00f3lidos, limpios y separados (pet, peri\u00f3dicos, latas de aluminio, papel y tetrapak), podr\u00e1 canjearlos\u00a0 por un disco.<\/p>\n<p><strong>\u2018El llamado\u2019<\/strong><\/p>\n<p>La producci\u00f3n musical <em>El llamado<\/em> naci\u00f3 de la inquietud de Susana Harp de desarrollar canciones y cuentos para ni\u00f1os y j\u00f3venes con contenidos sobre el ambiente y la naturaleza de M\u00e9xico. Este proyecto se inici\u00f3 mediante un concurso con la colaboraci\u00f3n de la Asociaci\u00f3n Xquenda, la Fonoteca Nacional y la Comisi\u00f3n Nacional para el Conocimiento y Uso de la Biodiversidad (Conabio).<\/p>\n<p>Se propusieron 29 temas relacionados al tema de biodiversidad, cada uno con informaci\u00f3n para apoyar el desarrollo de las canciones y de los cuentos. Se recibieron alrededor de 90 cantos y 90 cuentos y de ah\u00ed se hizo la selecci\u00f3n de los mejores a trav\u00e9s de un jurado calificador, tomando muy en cuenta el contenido. Los cantos y cuentos ganadores incluyen autores de Michoac\u00e1n, Oaxaca, Puebla, Chiapas, Veracruz, Nuevo Le\u00f3n y Distrito Federal.<\/p>\n<p><a href=\"http:\/\/www.eloriente.net\/home\/wp-content\/uploads\/2014\/09\/Cartel_ConciertoLlamado.jpg\"><img loading=\"lazy\" decoding=\"async\" class=\"alignnone size-large wp-image-32291\" title=\"Cartel_ConciertoLlamado\" src=\"http:\/\/www.eloriente.net\/home\/wp-content\/uploads\/2014\/09\/Cartel_ConciertoLlamado-739x1024.jpg\" alt=\"\" width=\"739\" height=\"1024\" srcset=\"http:\/\/www.eloriente.net\/home\/wp-content\/uploads\/2014\/09\/Cartel_ConciertoLlamado-739x1024.jpg 739w, http:\/\/www.eloriente.net\/home\/wp-content\/uploads\/2014\/09\/Cartel_ConciertoLlamado-216x300.jpg 216w, http:\/\/www.eloriente.net\/home\/wp-content\/uploads\/2014\/09\/Cartel_ConciertoLlamado-1024x1417.jpg 1024w\" sizes=\"(max-width: 739px) 100vw, 739px\" \/><\/a><\/p>\n<p>*Foto: Susana Harp por\u00a0<a title=\"Ir a la galer\u00eda de Eneas De Troya\" href=\"https:\/\/www.flickr.com\/photos\/eneas\/\" data-track=\"attributionNameClick\" data-rapid_p=\"21\">Eneas De Troya<\/a>\u00a0&#8211;\u00a0<a href=\"https:\/\/creativecommons.org\/licenses\/by-sa\/2.0\/\">Algunos derechos reservados<\/a><\/p>\n<p><strong>Entradas relacionadas:<\/strong><\/p>\n<p><a title=\"Permalink to Introducci\u00f3n al Festival Internacional del Globo en Le\u00f3n, Guanajuato\" href=\"http:\/\/www.eloriente.net\/home\/2014\/09\/17\/introduccion-al-festival-internacional-del-globo-en-leon-guanajuato\/\" rel=\"bookmark\">Introducci\u00f3n al Festival Internacional del Globo en Le\u00f3n, Guanajuato<\/a><\/p>\n<p><a href=\"http:\/\/www.eloriente.net\/home\/2014\/09\/17\/introduccion-al-festival-internacional-del-globo-en-leon-guanajuato\/\" rel=\"bookmark\"><img decoding=\"async\" title=\"Introducci\u00f3n al Festival Internacional del Globo en Le\u00f3n, Guanajuato\" src=\"http:\/\/www.eloriente.net\/home\/wp-content\/themes\/city-desk\/timthumb.php?src=http%3A%2F%2Fwww.eloriente.net%2Fhome%2Fwp-content%2Fuploads%2F2014%2F09%2FFIG-1.jpg&amp;q=90&amp;w=160&amp;h=106&amp;zc=1\" alt=\"Introducci\u00f3n al Festival Internacional del Globo en Le\u00f3n, Guanajuato\" \/><\/a><\/p>\n<p>eloriente.net \/ Festival Internacional del Globo 17\/septiembre\/2014 El Festival Internacional del Globo, es un evento de aerostaci\u00f3n con sede en la Ciudad de Le\u00f3n, Gto. Actualmente est\u00e1 posicionado entre los 3 mejores de su tipo, en todo el mundo. Presentando 200 globos aerost\u00e1ticos provenientes de m\u00e1s de 16 pa\u00edses como: Espa\u00f1a, Alemania, Brasil, Estados Unidos, [&#8230;]<\/p>\n<p>September 17, 2014<\/p>\n<div id=\"post-32238\">\n<p><a title=\"Permalink to Susana Harp, desbordante, por Juan Pablo Vasconcelos\" href=\"http:\/\/www.eloriente.net\/home\/2014\/09\/14\/susana-harp-desbordante-por-juan-pablo-vasconcelos\/\" rel=\"bookmark\">Susana Harp, desbordante, por Juan Pablo Vasconcelos<\/a><\/p>\n<p><a href=\"http:\/\/www.eloriente.net\/home\/2014\/09\/14\/susana-harp-desbordante-por-juan-pablo-vasconcelos\/\" rel=\"bookmark\"><img decoding=\"async\" title=\"Susana Harp, desbordante, por Juan Pablo Vasconcelos\" src=\"http:\/\/www.eloriente.net\/home\/wp-content\/themes\/city-desk\/timthumb.php?src=http%3A%2F%2Fwww.eloriente.net%2Fhome%2Fwp-content%2Fuploads%2F2012%2F10%2FDR-SUSANA-HARP-www.eloriente.net_.jpg&amp;q=90&amp;w=160&amp;h=106&amp;zc=1\" alt=\"Susana Harp, desbordante, por Juan Pablo Vasconcelos\" \/><\/a><\/p>\n<p>eloriente.net 14 de septiembre de 2014 En ocasi\u00f3n de la presentaci\u00f3n de una nuevo material discogr\u00e1fico de Susana Harp, ELORIENTE.NET decidi\u00f3 rescatar esta entrevista que el escritor Juan Pablo Vasconcelos le efectu\u00f3 a la cantante, hace casi un par de a\u00f1os. En ella, se conocen detalles de su vida, carrera y sensibilidad poco rescatados en [&#8230;]<\/p>\n<p>September 14, 2014<\/p>\n<\/div>\n<div id=\"post-32221\">\n<p><a title=\"Permalink to Entrevista: Filosof\u00eda para Desencantados de Leonardo Da Jandra\" href=\"http:\/\/www.eloriente.net\/home\/2014\/09\/14\/entrevista-filosofia-para-desencantados-de-leonardo-da-jandra\/\" rel=\"bookmark\">Entrevista: Filosof\u00eda para Desencantados de Leonardo Da Jandra<\/a><\/p>\n<p><a href=\"http:\/\/www.eloriente.net\/home\/2014\/09\/14\/entrevista-filosofia-para-desencantados-de-leonardo-da-jandra\/\" rel=\"bookmark\"><img decoding=\"async\" title=\"Entrevista: Filosof\u00eda para Desencantados de Leonardo Da Jandra\" src=\"http:\/\/www.eloriente.net\/home\/wp-content\/themes\/city-desk\/timthumb.php?src=http%3A%2F%2Fwww.eloriente.net%2Fhome%2Fwp-content%2Fuploads%2F2014%2F09%2FIMG_5006.jpg&amp;q=90&amp;w=160&amp;h=106&amp;zc=1\" alt=\"Entrevista: Filosof\u00eda para Desencantados de Leonardo Da Jandra\" \/><\/a><\/p>\n<p>eloriente.net 14\/septiembre\/2014 Por Alfredo Woolrich Filosof\u00eda para Desencantados es la m\u00e1s reciente obra del fil\u00f3sofo mexicano Leonardo Da Jandra. En tres cap\u00edtulos dedicados al egocentrismo, sociocentrismo y cosmocentrismo, el autor califica cada una de estas etapas como necesarias en la conformaci\u00f3n del pensamiento humano, y c\u00f3mo una vez superadas, se puede pasar al siguiente estadio. [&#8230;]<\/p>\n<p>September 14, 2014<\/p>\n<\/div>\n\n\t\t\t  <div \n\t\t\t  \tclass = \"fb-comments\" \n\t\t\t  \tdata-href = \"http:\/\/www.eloriente.net\/home\/2014\/09\/17\/el-llamado-musical-por-la-naturaleza-en-oaxaca\/\"\n\t\t\t  \tdata-numposts = \"10\"\n\t\t\t\tdata-colorscheme = \"dark\"\n\t\t\t\tdata-order-by = \"social\"\n\t\t\t\tdata-mobile=true>\n\t\t\t  <\/div>\n\t\t  <style>\n\t\t\t.fb_iframe_widget_fluid_desktop iframe {\n\t\t\t    width: 100% !important;\n\t\t\t}\n\t\t  <\/style>\n\t\t  ","protected":false},"excerpt":{"rendered":"<p>eloriente.net 17\/septiembre\/2014 El concierto El llamado surge como una iniciativa de la cantante Susana Harp, como parte de su labor y compromiso con los ni\u00f1os y el medio ambiente Este s\u00e1bado 20 de septiembre a las 19:30 horas en la Plaza de la Danza se presentar\u00e1 la producci\u00f3n musical El llamado, un disco compacto que [&hellip;]<\/p>\n","protected":false},"author":1,"featured_media":32293,"comment_status":"open","ping_status":"open","sticky":false,"template":"","format":"standard","meta":{"_jetpack_memberships_contains_paid_content":false,"footnotes":""},"categories":[8,29,18,32,10],"tags":[2607],"class_list":["post-32289","post","type-post","status-publish","format-standard","has-post-thumbnail","hentry","category-agenda","category-capital","category-educacion-y-cultura","category-entradas","category-lo-mas-reciente","tag-susana-harp"],"jetpack_featured_media_url":"http:\/\/www.eloriente.net\/home\/wp-content\/uploads\/2014\/09\/Susana-Harp-Eneas-De-Troya.jpg","jetpack_sharing_enabled":true,"_links":{"self":[{"href":"http:\/\/www.eloriente.net\/home\/wp-json\/wp\/v2\/posts\/32289"}],"collection":[{"href":"http:\/\/www.eloriente.net\/home\/wp-json\/wp\/v2\/posts"}],"about":[{"href":"http:\/\/www.eloriente.net\/home\/wp-json\/wp\/v2\/types\/post"}],"author":[{"embeddable":true,"href":"http:\/\/www.eloriente.net\/home\/wp-json\/wp\/v2\/users\/1"}],"replies":[{"embeddable":true,"href":"http:\/\/www.eloriente.net\/home\/wp-json\/wp\/v2\/comments?post=32289"}],"version-history":[{"count":3,"href":"http:\/\/www.eloriente.net\/home\/wp-json\/wp\/v2\/posts\/32289\/revisions"}],"predecessor-version":[{"id":32295,"href":"http:\/\/www.eloriente.net\/home\/wp-json\/wp\/v2\/posts\/32289\/revisions\/32295"}],"wp:featuredmedia":[{"embeddable":true,"href":"http:\/\/www.eloriente.net\/home\/wp-json\/wp\/v2\/media\/32293"}],"wp:attachment":[{"href":"http:\/\/www.eloriente.net\/home\/wp-json\/wp\/v2\/media?parent=32289"}],"wp:term":[{"taxonomy":"category","embeddable":true,"href":"http:\/\/www.eloriente.net\/home\/wp-json\/wp\/v2\/categories?post=32289"},{"taxonomy":"post_tag","embeddable":true,"href":"http:\/\/www.eloriente.net\/home\/wp-json\/wp\/v2\/tags?post=32289"}],"curies":[{"name":"wp","href":"https:\/\/api.w.org\/{rel}","templated":true}]}}