{"id":32301,"date":"2014-09-17T10:35:44","date_gmt":"2014-09-17T16:35:44","guid":{"rendered":"http:\/\/www.eloriente.net\/home\/?p=32301"},"modified":"2014-09-17T10:35:44","modified_gmt":"2014-09-17T16:35:44","slug":"la-libertad-no-puede-someterse-a-plazos-excesivos","status":"publish","type":"post","link":"http:\/\/www.eloriente.net\/home\/2014\/09\/17\/la-libertad-no-puede-someterse-a-plazos-excesivos\/","title":{"rendered":"La libertad no puede someterse a plazos excesivos"},"content":{"rendered":"<p>eloriente.net \/ <a href=\"http:\/\/www.tribunaloax.gob.mx\/\" target=\"_blank\">Tribunal Superior de Justicia<\/a><\/p>\n<p>17\/septiembre\/2014<\/p>\n<p>En el marco de la conmemoraci\u00f3n del Inicio de la Independencia, presos ind\u00edgenas obtuvieron constancias de libertad bajo cauci\u00f3n, beneficios preliberacionales y reducciones de condena:\u00a0\u201cLa libertad no s\u00f3lo es un discurso pol\u00edtico o social emancipador, sino la base sobre la que se construye toda posibilidad de desarrollo, bienestar y convivencia social; por ello, todos los movimientos institucionales y reformistas deben procurar su realidad y privilegiar los derechos fundamentales\u201d, afirm\u00f3 el titular del Poder Judicial del Estado, magistrado Alfredo Rodrigo Lagunas Rivera al encabezar junto con el gobernador Gabino Cu\u00e9 Monteagudo, la ceremonia de Liberaci\u00f3n de Presos ind\u00edgenas y de Escasos Recursos Econ\u00f3micos.<\/p>\n<p>En el marco de la conmemoraci\u00f3n del 204 aniversario del Inicio de la Independencia de M\u00e9xico, en un acto de justicia humanitaria, el Presidente del Tribunal Superior de Justicia y del Consejo de la Judicatura y el Mandatario Estatal coincidieron en la importancia de practicar una pol\u00edtica de sensatez y el di\u00e1logo de convicci\u00f3n para alcanzar el respeto de un orden, proscribiendo aquellas condiciones pol\u00edticas, econ\u00f3micas, jur\u00eddicas o culturales que inhiben su pleno acceso.<\/p>\n<p>Ante el presidente de la Mesa Directiva del Congreso Local, Jes\u00fas L\u00f3pez Rodr\u00edguez; de la procuradora para la Defensa del Ind\u00edgena y Grupos Vulnerables, Bertha Ruth Arreola Ruiz, del delegado de la Comisi\u00f3n Nacional para el Desarrollo de los Pueblos Ind\u00edgenas, Jorge Toledo Luis, representantes de la Fundaci\u00f3n Telmex- Reintegra, magistrados y jueces, 90 personas sentenciadas y 22 procesadas privadas de su libertad por delitos menores del fuero com\u00fan, recibieron constancias de libertad bajo cauci\u00f3n y beneficios preliberacionales por buen comportamiento.<\/p>\n<p>El magistrado Lagunas Rivera recalc\u00f3 que el r\u00e9gimen penitenciario est\u00e1 cambiando bajo una visi\u00f3n garantista de los derechos humanos adem\u00e1s de que la libertad es un principio que no puede someterse a plazos excesivos, condiciones y obst\u00e1culos econ\u00f3micos; por esa raz\u00f3n, resultado de la coordinaci\u00f3n de esfuerzos entre los tres poderes del Estado, el Gobierno Federal y asociaciones como la Fundaci\u00f3n Telmex-Reintegra, 112 internos, en su mayor\u00eda originarios de comunidades ind\u00edgenas, fueron beneficiados en esta ocasi\u00f3n.<\/p>\n<p>\u201cOaxaca refrenda su respeto al pluralismo cultural, avanza hacia la consolidaci\u00f3n de un estado social de derecho, adem\u00e1s de perfilarse con pol\u00edticas p\u00fablicas para abatir rezagos y resolver problemas que nos aquejan\u201d, asegur\u00f3 luego de se\u00f1alar que el Poder Judicial contribuye desde el \u00e1mbito de su competencia en estos esfuerzos.<\/p>\n<p>ES COMO VOLVER A NACER<\/p>\n<p>En la ceremonia, el interno Andr\u00e9s, oriundo de Huautla de Jim\u00e9nez y beneficiado con la libertad bajo cauci\u00f3n, extern\u00f3 su agradecimiento a las autoridades por permitirle regresar con su familia, y reincorporarse a la actividad econ\u00f3mica con honradez, responsabilidad y compromiso con sus semejantes. \u201cEl ser libres nos da la oportunidad de rehacer nuestra vida y reunirnos con nuestros familiares, comprometi\u00e9ndonos a no volver a delinquir\u201d, dijo.<\/p>\n<p>Entre los 112 internos que obtuvieron su libertad, se encuentra Marisol,\u00a0ind\u00edgena zapoteca originaria de Rojas de Cuauht\u00e9moc, quien purgaba\u00a0una pena de 35 a\u00f1os de prisi\u00f3n en el Reclusorio Femenil de Tanivet\u00a0desde el ocho de septiembre de 1999. Hoy, en medio de la sorpresa\u00a0que para ella signific\u00f3 recibir su constancia de libertad luego de 15\u00a0a\u00f1os en prisi\u00f3n, solo puede decir: \u201c\u00a1es como volver a nacer!\u201d.<\/p>\n<p>Ella es un caso singular pues ingres\u00f3 a la c\u00e1rcel sin saber leer ni\u00a0escribir. Durante su tiempo de internamiento tuvo la oportunidad para\u00a0cursar estudios de primaria y secundaria, capacitarse en cursos de\u00a0elaboraci\u00f3n de bolsas, hamacas y bordados.<\/p>\n<p>Su peque\u00f1a hija, quien permaneci\u00f3 a su lado desde su nacimiento\u00a0hasta los dos a\u00f1os de edad, fue el motor que la impuls\u00f3 a trabajar\u00a0arduamente y mantener un comportamiento ejemplar dentro del\u00a0reclusorio. Ahora, la libertad concedida le regala la oportunidad de\u00a0reintegrarse a su familia y salir adelante al lado de su hija que ya\u00a0tiene 13 a\u00f1os. \u201cMis familiares no saben que ya sal\u00ed, lo \u00fanico que\u00a0quiero es ya verlos y abrazarlos\u201d, comenta feliz.<\/p>\n<p><a href=\"http:\/\/www.eloriente.net\/home\/wp-content\/uploads\/2014\/09\/presos-ind\u00edgenas-beneficiados.jpg\"><img loading=\"lazy\" decoding=\"async\" class=\"alignnone size-medium wp-image-32302\" title=\"presos ind\u00edgenas beneficiados\" src=\"http:\/\/www.eloriente.net\/home\/wp-content\/uploads\/2014\/09\/presos-ind\u00edgenas-beneficiados-300x175.jpg\" alt=\"\" width=\"300\" height=\"175\" srcset=\"http:\/\/www.eloriente.net\/home\/wp-content\/uploads\/2014\/09\/presos-ind\u00edgenas-beneficiados-300x175.jpg 300w, http:\/\/www.eloriente.net\/home\/wp-content\/uploads\/2014\/09\/presos-ind\u00edgenas-beneficiados.jpg 1024w\" sizes=\"(max-width: 300px) 100vw, 300px\" \/><\/a><\/p>\n<p>Foto: TSJ<\/p>\n<p><strong>Entradas relacionadas:<\/strong><\/p>\n<p><a title=\"Permalink to Fomenta PJO la cultura de protecci\u00f3n civil\" href=\"http:\/\/www.eloriente.net\/home\/2014\/09\/12\/fomenta-pjo-la-cultura-de-proteccion-civil\/\" rel=\"bookmark\">Fomenta PJO la cultura de protecci\u00f3n civil<\/a><\/p>\n<p><a href=\"http:\/\/www.eloriente.net\/home\/2014\/09\/12\/fomenta-pjo-la-cultura-de-proteccion-civil\/\" rel=\"bookmark\"><img decoding=\"async\" title=\"Fomenta PJO la cultura de protecci\u00f3n civil\" src=\"http:\/\/www.eloriente.net\/home\/wp-content\/themes\/city-desk\/timthumb.php?src=http%3A%2F%2Fwww.eloriente.net%2Fhome%2Fwp-content%2Fuploads%2F2014%2F09%2FEl-magistrado-Alfredo-Rodrigo-Lagunas-Rivera-e1410559025609.jpg&amp;q=90&amp;w=160&amp;h=106&amp;zc=1\" alt=\"Fomenta PJO la cultura de protecci\u00f3n civil\" \/><\/a><\/p>\n<p>eloriente.net \/ Poder Judicial de Oaxaca 12\/septiembre\/2014 \u00b7 El titular del Poder Judicial, magistrado Alfredo Lagunas Rivera asisti\u00f3 a la Sesi\u00f3n Extraordinaria del Consejo Estatal de Protecci\u00f3n Civil En respuesta a las acciones del Gobierno del Estado para impulsar estrategias de monitoreo, concientizaci\u00f3n, prevenci\u00f3n y disposici\u00f3n de servicios b\u00e1sicos en situaciones de emergencia, el titular [&#8230;]<\/p>\n<p>September 12, 2014<\/p>\n<div id=\"post-32187\">\n<p><a title=\"Permalink to Avala Tribunal de Oaxaca reglamento contra Trata de Personas\" href=\"http:\/\/www.eloriente.net\/home\/2014\/09\/11\/poder-judicial-de-oaxaca-contra-la-trata-de-personas\/\" rel=\"bookmark\">Avala Tribunal de Oaxaca reglamento contra Trata de Personas<\/a><\/p>\n<p><a href=\"http:\/\/www.eloriente.net\/home\/2014\/09\/11\/poder-judicial-de-oaxaca-contra-la-trata-de-personas\/\" rel=\"bookmark\"><img decoding=\"async\" title=\"Avala Tribunal de Oaxaca reglamento contra Trata de Personas\" src=\"http:\/\/www.eloriente.net\/home\/wp-content\/themes\/city-desk\/timthumb.php?src=http%3A%2F%2Fwww.eloriente.net%2Fhome%2Fwp-content%2Fuploads%2F2014%2F09%2FEl-titular-del-PJO-Alfredo-Lagunas-y-el-gobernador-Gabino-Cu%C3%A9-Monteagudo.jpg&amp;q=90&amp;w=160&amp;h=106&amp;zc=1\" alt=\"Avala Tribunal de Oaxaca reglamento contra Trata de Personas\" \/><\/a><\/p>\n<p>eloriente.net \/ TSJ 11\/septiembre\/2014 \u00b7 Se realiz\u00f3 la segunda sesi\u00f3n ordinaria de la Comisi\u00f3n que atiende los delitos de Trata de Personas encabezada por el gobernador Gabino Cu\u00e9 y a la que asisti\u00f3 el magistrado Alfredo Lagunas Rivera Con la finalidad de revisar estrategias y desarrollar acciones en materia de seguridad, procuraci\u00f3n e impartici\u00f3n de [&#8230;]<\/p>\n<p>September 11, 2014<\/p>\n<\/div>\n<div id=\"post-32155\">\n<p><a title=\"Permalink to Convenio entre Poder Judicial y CORTV\" href=\"http:\/\/www.eloriente.net\/home\/2014\/09\/10\/convenio-entre-poder-judicial-y-cortv\/\" rel=\"bookmark\">Convenio entre Poder Judicial y CORTV<\/a><\/p>\n<p><a href=\"http:\/\/www.eloriente.net\/home\/2014\/09\/10\/convenio-entre-poder-judicial-y-cortv\/\" rel=\"bookmark\"><img decoding=\"async\" title=\"Convenio entre Poder Judicial y CORTV\" src=\"http:\/\/www.eloriente.net\/home\/wp-content\/themes\/city-desk\/timthumb.php?src=http%3A%2F%2Fwww.eloriente.net%2Fhome%2Fwp-content%2Fuploads%2F2014%2F09%2FPoder-Judicial-del-Estado-formaliz%C3%B3-convenio-de-colaboraci%C3%B3n-con-CORTV.jpg&amp;q=90&amp;w=160&amp;h=106&amp;zc=1\" alt=\"Convenio entre Poder Judicial y CORTV\" \/><\/a><\/p>\n<p>eloriente.net \/ TSJ 10\/septiembre\/2014 \u00b7 El titular del Poder Judicial magistrado Alfredo Lagunas Rivera y el director de la CORTV, Emilio de Leo firmaron un convenio marco de colaboraci\u00f3n En los esfuerzos por establecer un v\u00ednculo m\u00e1s cercano con la sociedad y promover la cultura de la legalidad, el titular del Poder Judicial del Estado, [&#8230;]<\/p>\n<p>September 10, 2014<\/p>\n<\/div>\n<p>&nbsp;<\/p>\n\n\t\t\t  <div \n\t\t\t  \tclass = \"fb-comments\" \n\t\t\t  \tdata-href = \"http:\/\/www.eloriente.net\/home\/2014\/09\/17\/la-libertad-no-puede-someterse-a-plazos-excesivos\/\"\n\t\t\t  \tdata-numposts = \"10\"\n\t\t\t\tdata-colorscheme = \"dark\"\n\t\t\t\tdata-order-by = \"social\"\n\t\t\t\tdata-mobile=true>\n\t\t\t  <\/div>\n\t\t  <style>\n\t\t\t.fb_iframe_widget_fluid_desktop iframe {\n\t\t\t    width: 100% !important;\n\t\t\t}\n\t\t  <\/style>\n\t\t  ","protected":false},"excerpt":{"rendered":"<p>eloriente.net \/ Tribunal Superior de Justicia 17\/septiembre\/2014 En el marco de la conmemoraci\u00f3n del Inicio de la Independencia, presos ind\u00edgenas obtuvieron constancias de libertad bajo cauci\u00f3n, beneficios preliberacionales y reducciones de condena:\u00a0\u201cLa libertad no s\u00f3lo es un discurso pol\u00edtico o social emancipador, sino la base sobre la que se construye toda posibilidad de desarrollo, bienestar [&hellip;]<\/p>\n","protected":false},"author":1,"featured_media":32302,"comment_status":"open","ping_status":"open","sticky":false,"template":"","format":"standard","meta":{"_jetpack_memberships_contains_paid_content":false,"footnotes":""},"categories":[1588,91,32,10,464],"tags":[225],"class_list":["post-32301","post","type-post","status-publish","format-standard","has-post-thumbnail","hentry","category-comunicados-y-boletines","category-congreso-y-justicia","category-entradas","category-lo-mas-reciente","category-oaxaca-estados","tag-tsj"],"jetpack_featured_media_url":"http:\/\/www.eloriente.net\/home\/wp-content\/uploads\/2014\/09\/presos-ind\u00edgenas-beneficiados.jpg","jetpack_sharing_enabled":true,"_links":{"self":[{"href":"http:\/\/www.eloriente.net\/home\/wp-json\/wp\/v2\/posts\/32301"}],"collection":[{"href":"http:\/\/www.eloriente.net\/home\/wp-json\/wp\/v2\/posts"}],"about":[{"href":"http:\/\/www.eloriente.net\/home\/wp-json\/wp\/v2\/types\/post"}],"author":[{"embeddable":true,"href":"http:\/\/www.eloriente.net\/home\/wp-json\/wp\/v2\/users\/1"}],"replies":[{"embeddable":true,"href":"http:\/\/www.eloriente.net\/home\/wp-json\/wp\/v2\/comments?post=32301"}],"version-history":[{"count":1,"href":"http:\/\/www.eloriente.net\/home\/wp-json\/wp\/v2\/posts\/32301\/revisions"}],"predecessor-version":[{"id":32303,"href":"http:\/\/www.eloriente.net\/home\/wp-json\/wp\/v2\/posts\/32301\/revisions\/32303"}],"wp:featuredmedia":[{"embeddable":true,"href":"http:\/\/www.eloriente.net\/home\/wp-json\/wp\/v2\/media\/32302"}],"wp:attachment":[{"href":"http:\/\/www.eloriente.net\/home\/wp-json\/wp\/v2\/media?parent=32301"}],"wp:term":[{"taxonomy":"category","embeddable":true,"href":"http:\/\/www.eloriente.net\/home\/wp-json\/wp\/v2\/categories?post=32301"},{"taxonomy":"post_tag","embeddable":true,"href":"http:\/\/www.eloriente.net\/home\/wp-json\/wp\/v2\/tags?post=32301"}],"curies":[{"name":"wp","href":"https:\/\/api.w.org\/{rel}","templated":true}]}}