{"id":32304,"date":"2014-09-17T10:42:56","date_gmt":"2014-09-17T16:42:56","guid":{"rendered":"http:\/\/www.eloriente.net\/home\/?p=32304"},"modified":"2014-09-17T10:42:56","modified_gmt":"2014-09-17T16:42:56","slug":"la-escuela-de-economia-de-la-uabjo-tiene-nuevo-director","status":"publish","type":"post","link":"http:\/\/www.eloriente.net\/home\/2014\/09\/17\/la-escuela-de-economia-de-la-uabjo-tiene-nuevo-director\/","title":{"rendered":"La Escuela de Econom\u00eda de la UABJO tiene nuevo director"},"content":{"rendered":"<p>eloriente.net \/ <a href=\"http:\/\/www.uabjo.mx\/\" target=\"_blank\">UABJO<\/a><\/p>\n<p>17\/septiembre\/2014<\/p>\n<p>De acuerdo a lo establecido en el Cap\u00edtulo Sexto de la Ley Org\u00e1nica vigente en la Universidad Aut\u00f3noma \u201cBenito Ju\u00e1rez\u201d de Oaxaca (UABJO), la Escuela de Econom\u00eda eligi\u00f3 a su nuevo director, donde result\u00f3 electo el maestro Iv\u00e1n Porras Chaparro, quien ha asumido el cargo a partir del mes de septiembre.<\/p>\n<p>As\u00ed, con la participaci\u00f3n de estudiantes, docentes y trabajadores, en d\u00edas pasados se celebr\u00f3 la jornada electoral, ejemplo de civilidad, tranquilidad y armon\u00eda universitaria.<\/p>\n<p>El funcionario es maestro en Ciencias Econ\u00f3micas por la Universidad Aut\u00f3noma Metropolitana (UAM) y actualmente se encuentra por obtener el grado de Doctor en la misma Instituci\u00f3n, de tal modo que la comunidad universitaria ha depositado en \u00e9l su confianza para desarrollar las diferentes actividades que le conciernen.<\/p>\n<p>Dentro de estas se mencionan cuestiones cient\u00edficas, culturales, t\u00e9cnicas y docentes en virtud de procurar la elevaci\u00f3n acad\u00e9mica de los programas de estudios que se tienen en la instituci\u00f3n, los cuales corresponden a la Licenciatura en Econom\u00eda en su modalidad Escolarizada y Semiescolarizada.<\/p>\n<p>Cabe mencionar que esta es la primera vez que la comunidad estudiantil y docente elige a su director para dicha Escuela, pues anteriormente el cargo era conferido por la Administraci\u00f3n Central Universitaria, debido a que no se cumpl\u00eda con los requisitos para poder efectuar una elecci\u00f3n, dentro de ellos contar con el n\u00famero suficiente de alumnos.<\/p>\n<p>Luego de la elecci\u00f3n, y al dejar el cargo la maestra Aracely Escobar M\u00e9ndez, agradeci\u00f3 la confianza brindada durante tres a\u00f1os, al tiempo que inform\u00f3 sobre los grandes avances en materia acad\u00e9mica, como la acreditaci\u00f3n de la Licenciatura y el inicio de las gestiones ante la Secretar\u00eda de Educaci\u00f3n P\u00fablica (SEP) para lograr el reconocimiento de la Escuela en el rango de Dependencia de Educaci\u00f3n Superior (DES).<\/p>\n<p>En este sentido, y al tomar la palabra el nuevo director, extern\u00f3 su agradecimiento a quienes mediante su voto le han conferido este nuevo cargo y se comprometi\u00f3 a darle continuidad a los trabajos desarrollados en la administraci\u00f3n anterior para lograr la consolidaci\u00f3n acad\u00e9mica de la instituci\u00f3n que hoy dirige.<\/p>\n<p>Expres\u00f3 que se trata de una Escuela con programas educativos evaluados y acreditados ante los Comit\u00e9s Interinstitucionales para la Evaluaci\u00f3n de la Educaci\u00f3n Superior (CIEES), reconocida por la calidad acad\u00e9mica de sus egresados quienes ejercen su profesi\u00f3n con responsabilidad y sentido \u00e9tico.<\/p>\n<p>Coment\u00f3 que trabajar\u00e1 de forma comprometida en la generaci\u00f3n de investigaci\u00f3n y l\u00edneas de conocimiento, vinculados con diferentes instancias para contribuir en el desarrollo econ\u00f3mico y social de la entidad y el pa\u00eds.<\/p>\n<p><a href=\"http:\/\/www.eloriente.net\/home\/wp-content\/uploads\/2014\/09\/16.jpg\"><img loading=\"lazy\" decoding=\"async\" class=\"alignnone size-medium wp-image-32305\" title=\"16\" src=\"http:\/\/www.eloriente.net\/home\/wp-content\/uploads\/2014\/09\/16-300x221.jpg\" alt=\"\" width=\"300\" height=\"221\" srcset=\"http:\/\/www.eloriente.net\/home\/wp-content\/uploads\/2014\/09\/16-300x221.jpg 300w, http:\/\/www.eloriente.net\/home\/wp-content\/uploads\/2014\/09\/16-1024x755.jpg 1024w\" sizes=\"(max-width: 300px) 100vw, 300px\" \/><\/a><\/p>\n<p>Foto: UABJO<\/p>\n<p><strong>Entradas relacionadas:<\/strong><\/p>\n<p><a title=\"Permalink to Escucha a Jorge Guerrero, Juan Villegas, Ver\u00f3nica Quevedo y Karime Unda en Todo Oaxaca Radio 16\/Sep\/2014\" href=\"http:\/\/www.eloriente.net\/home\/2014\/09\/17\/escucha-a-jorge-guerrero-juan-villegas-veronica-quevedo-y-karime-unda-en-todo-oaxaca-radio-16sep2014\/\" rel=\"bookmark\">Escucha a Jorge Guerrero, Juan Villegas, Ver\u00f3nica Quevedo y Karime Unda en Todo Oaxaca Radio 16\/Sep\/2014<\/a><\/p>\n<p><a href=\"http:\/\/www.eloriente.net\/home\/2014\/09\/17\/escucha-a-jorge-guerrero-juan-villegas-veronica-quevedo-y-karime-unda-en-todo-oaxaca-radio-16sep2014\/\" rel=\"bookmark\"><img decoding=\"async\" title=\"Escucha a Jorge Guerrero, Juan Villegas, Ver\u00f3nica Quevedo y Karime Unda en Todo Oaxaca Radio 16\/Sep\/2014\" src=\"http:\/\/www.eloriente.net\/home\/wp-content\/themes\/city-desk\/timthumb.php?src=http%3A%2F%2Fwww.eloriente.net%2Fhome%2Fwp-content%2Fuploads%2F2014%2F03%2FVer%C3%B3nica-Quevedo.jpg&amp;q=90&amp;w=160&amp;h=106&amp;zc=1\" alt=\"Escucha a Jorge Guerrero, Juan Villegas, Ver\u00f3nica Quevedo y Karime Unda en Todo Oaxaca Radio 16\/Sep\/2014\" \/><\/a><\/p>\n<p>todooaxacaradio.com 17\/septiembre\/2014 Como cada martes, en punto de las 17:00 horas se transmiti\u00f3 el programa Todo Oaxaca Radio completamente desde la Ciudad de Oaxaca de Ju\u00e1rez, a trav\u00e9s de las frecuencias abiertas 570 AM, 94.9 FM y para todo el mundo a trav\u00e9s de www.todooaxacaradio.com. El programa es conducido por Rub\u00e9n Vasconcelos Beltr\u00e1n, cronista de [&#8230;]<\/p>\n<p>September 17, 2014<\/p>\n<div id=\"post-32209\">\n<p><a title=\"Permalink to Nuevo director de Servicios Editoriales de la UABJO\" href=\"http:\/\/www.eloriente.net\/home\/2014\/09\/12\/nuevo-director-de-servicio-editoriales-de-la-uabjo\/\" rel=\"bookmark\">Nuevo director de Servicios Editoriales de la UABJO<\/a><\/p>\n<p><a href=\"http:\/\/www.eloriente.net\/home\/2014\/09\/12\/nuevo-director-de-servicio-editoriales-de-la-uabjo\/\" rel=\"bookmark\"><img decoding=\"async\" title=\"Nuevo director de Servicios Editoriales de la UABJO\" src=\"http:\/\/www.eloriente.net\/home\/wp-content\/themes\/city-desk\/timthumb.php?src=http%3A%2F%2Fwww.eloriente.net%2Fhome%2Fwp-content%2Fuploads%2F2014%2F09%2F121.jpg&amp;q=90&amp;w=160&amp;h=106&amp;zc=1\" alt=\"Nuevo director de Servicios Editoriales de la UABJO\" \/><\/a><\/p>\n<p>eloriente.net \/ UABJO 12\/septiembre\/2014 \u2022 El equipo de trabajo reafirman su compromiso por cumplir con sus tareas primordiales El rector de la Universidad Aut\u00f3noma \u201cBenito Ju\u00e1rez\u201d de Oaxaca (UABJO), Eduardo Mart\u00ednez Helmes, celebr\u00f3 una reuni\u00f3n con los trabajadores de los Servicios Editoriales y tom\u00f3 protesta al nuevo director, N\u00e9stor Guti\u00e9rrez Jim\u00e9nez, as\u00ed como al subdirector, [&#8230;]<\/p>\n<p>September 12, 2014<\/p>\n<\/div>\n<div id=\"post-32135\">\n<p><a title=\"Permalink to Escucha a Gerardo P\u00e9rez, Gustavo Manzano Trovamala y Mar\u00eda del Refugio Caballero en Todo Oaxaca Radio 9\/SEP\/2014\" href=\"http:\/\/www.eloriente.net\/home\/2014\/09\/10\/escucha-a-gerardo-perez-gustavo-manzano-trovamala-y-maria-del-refugio-caballero-en-todo-oaxaca-radio-9sep2014\/\" rel=\"bookmark\">Escucha a Gerardo P\u00e9rez, Gustavo Manzano Trovamala y Mar\u00eda del Refugio Caballero en Todo Oaxaca Radio 9\/SEP\/2014<\/a><\/p>\n<p><a href=\"http:\/\/www.eloriente.net\/home\/2014\/09\/10\/escucha-a-gerardo-perez-gustavo-manzano-trovamala-y-maria-del-refugio-caballero-en-todo-oaxaca-radio-9sep2014\/\" rel=\"bookmark\"><img decoding=\"async\" title=\"Escucha a Gerardo P\u00e9rez, Gustavo Manzano Trovamala y Mar\u00eda del Refugio Caballero en Todo Oaxaca Radio 9\/SEP\/2014\" src=\"http:\/\/www.eloriente.net\/home\/wp-content\/themes\/city-desk\/timthumb.php?src=http%3A%2F%2Fwww.eloriente.net%2Fhome%2Fwp-content%2Fuploads%2F2014%2F09%2FIMG_5140.jpg&amp;q=90&amp;w=160&amp;h=106&amp;zc=1\" alt=\"Escucha a Gerardo P\u00e9rez, Gustavo Manzano Trovamala y Mar\u00eda del Refugio Caballero en Todo Oaxaca Radio 9\/SEP\/2014\" \/><\/a><\/p>\n<p>todooaxacaradio.com 10\/septiembre\/2014 Como cada martes, en punto de las 17:00 horas se transmiti\u00f3 el programa Todo Oaxaca Radio completamente en vivo desde la Ciudad de Oaxaca de Ju\u00e1rez, a trav\u00e9s de las frecuencias abiertas 570 AM, 94.9 FM y para todo el mundo a trav\u00e9s de www.todooaxacaradio.com. El programa es conducido por Rub\u00e9n Vasconcelos Beltr\u00e1n, [&#8230;]<\/p>\n<p>September 10, 2014<\/p>\n<\/div>\n\n\t\t\t  <div \n\t\t\t  \tclass = \"fb-comments\" \n\t\t\t  \tdata-href = \"http:\/\/www.eloriente.net\/home\/2014\/09\/17\/la-escuela-de-economia-de-la-uabjo-tiene-nuevo-director\/\"\n\t\t\t  \tdata-numposts = \"10\"\n\t\t\t\tdata-colorscheme = \"dark\"\n\t\t\t\tdata-order-by = \"social\"\n\t\t\t\tdata-mobile=true>\n\t\t\t  <\/div>\n\t\t  <style>\n\t\t\t.fb_iframe_widget_fluid_desktop iframe {\n\t\t\t    width: 100% !important;\n\t\t\t}\n\t\t  <\/style>\n\t\t  ","protected":false},"excerpt":{"rendered":"<p>eloriente.net \/ UABJO 17\/septiembre\/2014 De acuerdo a lo establecido en el Cap\u00edtulo Sexto de la Ley Org\u00e1nica vigente en la Universidad Aut\u00f3noma \u201cBenito Ju\u00e1rez\u201d de Oaxaca (UABJO), la Escuela de Econom\u00eda eligi\u00f3 a su nuevo director, donde result\u00f3 electo el maestro Iv\u00e1n Porras Chaparro, quien ha asumido el cargo a partir del mes de septiembre. [&hellip;]<\/p>\n","protected":false},"author":1,"featured_media":32305,"comment_status":"open","ping_status":"open","sticky":false,"template":"","format":"standard","meta":{"_jetpack_memberships_contains_paid_content":false,"footnotes":""},"categories":[1588,32,10,464,84],"tags":[182],"class_list":["post-32304","post","type-post","status-publish","format-standard","has-post-thumbnail","hentry","category-comunicados-y-boletines","category-entradas","category-lo-mas-reciente","category-oaxaca-estados","category-universidades","tag-uabjo"],"jetpack_featured_media_url":"http:\/\/www.eloriente.net\/home\/wp-content\/uploads\/2014\/09\/16.jpg","jetpack_sharing_enabled":true,"_links":{"self":[{"href":"http:\/\/www.eloriente.net\/home\/wp-json\/wp\/v2\/posts\/32304"}],"collection":[{"href":"http:\/\/www.eloriente.net\/home\/wp-json\/wp\/v2\/posts"}],"about":[{"href":"http:\/\/www.eloriente.net\/home\/wp-json\/wp\/v2\/types\/post"}],"author":[{"embeddable":true,"href":"http:\/\/www.eloriente.net\/home\/wp-json\/wp\/v2\/users\/1"}],"replies":[{"embeddable":true,"href":"http:\/\/www.eloriente.net\/home\/wp-json\/wp\/v2\/comments?post=32304"}],"version-history":[{"count":1,"href":"http:\/\/www.eloriente.net\/home\/wp-json\/wp\/v2\/posts\/32304\/revisions"}],"predecessor-version":[{"id":32306,"href":"http:\/\/www.eloriente.net\/home\/wp-json\/wp\/v2\/posts\/32304\/revisions\/32306"}],"wp:featuredmedia":[{"embeddable":true,"href":"http:\/\/www.eloriente.net\/home\/wp-json\/wp\/v2\/media\/32305"}],"wp:attachment":[{"href":"http:\/\/www.eloriente.net\/home\/wp-json\/wp\/v2\/media?parent=32304"}],"wp:term":[{"taxonomy":"category","embeddable":true,"href":"http:\/\/www.eloriente.net\/home\/wp-json\/wp\/v2\/categories?post=32304"},{"taxonomy":"post_tag","embeddable":true,"href":"http:\/\/www.eloriente.net\/home\/wp-json\/wp\/v2\/tags?post=32304"}],"curies":[{"name":"wp","href":"https:\/\/api.w.org\/{rel}","templated":true}]}}