{"id":32330,"date":"2014-09-16T16:00:24","date_gmt":"2014-09-16T22:00:24","guid":{"rendered":"http:\/\/www.eloriente.net\/home\/?p=32330"},"modified":"2014-09-17T16:08:04","modified_gmt":"2014-09-17T22:08:04","slug":"seminario-de-urbanismo-sobre-mercados-publicos-en-oaxaca","status":"publish","type":"post","link":"http:\/\/www.eloriente.net\/home\/2014\/09\/16\/seminario-de-urbanismo-sobre-mercados-publicos-en-oaxaca\/","title":{"rendered":"Seminario de Urbanismo sobre mercados p\u00fablicos en Oaxaca"},"content":{"rendered":"<p>eloriente.net \/ <a href=\"http:\/\/www.fahho.org\/home.php\" target=\"_blank\">Fundaci\u00f3n Alfredo Harp Hel\u00fa Oaxaca<\/a><\/p>\n<p>17\/septiembre\/2014<\/p>\n<ul>\n<li>De septiembre a diciembre se llevar\u00e1 a cabo en Casa de la Ciudad la cuarta edici\u00f3n del Seminario de Urbanismo dedicado a los mercados p\u00fablicos<\/li>\n<\/ul>\n<p>Con un programa que dura cuatro meses se llevar\u00e1 a cabo en la ciudad de Oaxaca el<em> <\/em>4\u00ba Seminario de Urbanismo, que cada a\u00f1o re\u00fane a diversos especialistas quienes, desde distintas disciplinas afines a la arquitectura y el urbanismo, reflexionan en torno a un tema de relevancia en la din\u00e1mica actual de las ciudades.<\/p>\n<p>Esta cuarta edici\u00f3n tendr\u00e1 como eje tem\u00e1tico los mercados p\u00fablicos y el objetivo ser\u00e1 generar reflexiones y propuestas que contribuyan a la revaloraci\u00f3n y revitalizaci\u00f3n de estos nodos de intercambio comercial, social y cultural de las urbes. Contar\u00e1 con un programa acad\u00e9mico integrado por talleres, dirigidos a estudiantes de la carrera de arquitectura de las universidades de Oaxaca, y un ciclo de conferencias a las cuales podr\u00e1 asistir todo el que lo desee.<\/p>\n<p>Del 23 al 26 de septiembre iniciar\u00e1n las actividades con el taller Retrovisor-Previsor. La imagen como herramienta de investigaci\u00f3n y dise\u00f1o, impartido por el arquitecto y fot\u00f3grafo alem\u00e1n Moritz Bernoully. A trav\u00e9s de tres derivas fotogr\u00e1ficas \u2014presente, pasado y futuro\u2014 se buscar\u00e1 la construcci\u00f3n de una visi\u00f3n venidera para los mercados de Oaxaca. Se explorar\u00e1n t\u00e9cnicas de investigaci\u00f3n y producci\u00f3n de im\u00e1genes para usarlas como herramienta para la construcci\u00f3n de una visi\u00f3n y postura propias. El viernes 26 de septiembre a las 19:00 horas se llevar\u00e1 a cabo la presentaci\u00f3n de los resultados y la inauguraci\u00f3n del trabajo fotogr\u00e1fico generado por los alumnos.<\/p>\n<p>El 4\u00ba Seminario de Urbanismo: Mercados P\u00fablicos es un proyecto organizado por la\u00a0 Casa de la Ciudad, instituci\u00f3n de la Fundaci\u00f3n Alfredo Harp Hel\u00fa Oaxaca (FAHHO) y la Facultad de Arquitectura CU de la Universidad Aut\u00f3noma Benito Ju\u00e1rez de Oaxaca (UABJO).<\/p>\n<p><strong>Extra<\/strong><\/p>\n<p>Sede: Casa de la Ciudad (Porfirio D\u00edaz 115\u00a0esq. Morelos,\u00a0Centro Hist\u00f3rico, Oaxaca).<\/p>\n<p>Informes e inscripciones: en el correo <a href=\"mailto:casadelaciudad@fahho.mx\">casadelaciudad@fahho.mx<\/a> o a los tel\u00e9fonos 516 9647 y 516 9648. Para consultar el programa visita la p\u00e1gina www.casadelaciudad.org.<\/p>\n<p><a href=\"http:\/\/www.eloriente.net\/home\/wp-content\/uploads\/2014\/09\/SEMINARIO-DE-URBANISMO.jpg\"><img loading=\"lazy\" decoding=\"async\" class=\"alignnone size-large wp-image-32331\" title=\"SEMINARIO DE URBANISMO\" src=\"http:\/\/www.eloriente.net\/home\/wp-content\/uploads\/2014\/09\/SEMINARIO-DE-URBANISMO-660x1024.jpg\" alt=\"\" width=\"660\" height=\"1024\" srcset=\"http:\/\/www.eloriente.net\/home\/wp-content\/uploads\/2014\/09\/SEMINARIO-DE-URBANISMO-660x1024.jpg 660w, http:\/\/www.eloriente.net\/home\/wp-content\/uploads\/2014\/09\/SEMINARIO-DE-URBANISMO-193x300.jpg 193w, http:\/\/www.eloriente.net\/home\/wp-content\/uploads\/2014\/09\/SEMINARIO-DE-URBANISMO.jpg 1647w\" sizes=\"(max-width: 660px) 100vw, 660px\" \/><\/a><\/p>\n<p><strong>Entradas relacionadas:<\/strong><\/p>\n<p><a title=\"Permalink to La libertad no puede someterse a plazos excesivos\" href=\"http:\/\/www.eloriente.net\/home\/2014\/09\/17\/la-libertad-no-puede-someterse-a-plazos-excesivos\/\" rel=\"bookmark\">La libertad no puede someterse a plazos excesivos<\/a><\/p>\n<p><a href=\"http:\/\/www.eloriente.net\/home\/2014\/09\/17\/la-libertad-no-puede-someterse-a-plazos-excesivos\/\" rel=\"bookmark\"><img decoding=\"async\" title=\"La libertad no puede someterse a plazos excesivos\" src=\"http:\/\/www.eloriente.net\/home\/wp-content\/themes\/city-desk\/timthumb.php?src=http%3A%2F%2Fwww.eloriente.net%2Fhome%2Fwp-content%2Fuploads%2F2014%2F09%2Fpresos-ind%C3%ADgenas-beneficiados.jpg&amp;q=90&amp;w=160&amp;h=106&amp;zc=1\" alt=\"La libertad no puede someterse a plazos excesivos\" \/><\/a><\/p>\n<p>eloriente.net \/ Tribunal Superior de Justicia 17\/septiembre\/2014 En el marco de la conmemoraci\u00f3n del Inicio de la Independencia, presos ind\u00edgenas obtuvieron constancias de libertad bajo cauci\u00f3n, beneficios preliberacionales y reducciones de condena:\u00a0\u201cLa libertad no s\u00f3lo es un discurso pol\u00edtico o social emancipador, sino la base sobre la que se construye toda posibilidad de desarrollo, bienestar [&#8230;]<\/p>\n<p>September 17, 2014<\/p>\n<div id=\"post-31927\">\n<p><a title=\"Permalink to Festivales y Eventos Culturales en octubre 2014\" href=\"http:\/\/www.eloriente.net\/home\/2014\/09\/07\/festivales-y-eventos-culturales-en-octubre-2014\/\" rel=\"bookmark\">Festivales y Eventos Culturales en octubre 2014<\/a><\/p>\n<p><a href=\"http:\/\/www.eloriente.net\/home\/2014\/09\/07\/festivales-y-eventos-culturales-en-octubre-2014\/\" rel=\"bookmark\"><img decoding=\"async\" title=\"Festivales y Eventos Culturales en octubre 2014\" src=\"http:\/\/www.eloriente.net\/home\/wp-content\/themes\/city-desk\/timthumb.php?src=http%3A%2F%2Fwww.eloriente.net%2Fhome%2Fwp-content%2Fuploads%2F2014%2F09%2FFIG-Martha-Silva.jpg&amp;q=90&amp;w=160&amp;h=106&amp;zc=1\" alt=\"Festivales y Eventos Culturales en octubre 2014\" \/><\/a><\/p>\n<p>eloriente.net 28\/julio\/2014 Entramos en la recta final del a\u00f1o, pero todav\u00eda importantes eventos y festivales culturales tendr\u00e1n lugar a lo largo de la Rep\u00fablica Mexicana durante el mes de octubre. ELORIENTE.NET te da a conocer algunas opciones diferentes con la finalidad de que los conozcas y si tienes la oportunidad, asistir a alguno: 1.\u00a0Festival Internacional [&#8230;]<\/p>\n<p>September 7, 2014<\/p>\n<\/div>\n<div id=\"post-31922\">\n<p><a title=\"Permalink to Proyecto Triling\u00fce: en busca de la empat\u00eda cultural\" href=\"http:\/\/www.eloriente.net\/home\/2014\/09\/06\/proyecto-trilingue-en-busca-de-la-empatia-cultural\/\" rel=\"bookmark\">Proyecto Triling\u00fce: en busca de la empat\u00eda cultural<\/a><\/p>\n<p><a href=\"http:\/\/www.eloriente.net\/home\/2014\/09\/06\/proyecto-trilingue-en-busca-de-la-empatia-cultural\/\" rel=\"bookmark\"><img decoding=\"async\" title=\"Proyecto Triling\u00fce: en busca de la empat\u00eda cultural\" src=\"http:\/\/www.eloriente.net\/home\/wp-content\/themes\/city-desk\/timthumb.php?src=http%3A%2F%2Fwww.eloriente.net%2Fhome%2Fwp-content%2Fuploads%2F2014%2F09%2FTriling%C3%BCe-HUB.jpg&amp;q=90&amp;w=160&amp;h=106&amp;zc=1\" alt=\"Proyecto Triling\u00fce: en busca de la empat\u00eda cultural\" \/><\/a><\/p>\n<p>eloriente.net \/ HUB Oaxaca 5\/septiembre\/2014 Por Jos\u00e9 Pablo Salas Aunque los j\u00f3venes de cada pa\u00eds y comunidad tienen caracter\u00edsticas que los hacen \u00fanicos, tambi\u00e9n es posible encontrar temas e intereses comunes entre ellos, y promover la colaboraci\u00f3n en proyectos que impacten sus vidas de manera positiva. Bajo esta filosof\u00eda, Richard Hanson inici\u00f3 el Proyecto Triling\u00fce, [&#8230;]<\/p>\n<p>September 6, 2014<\/p>\n<\/div>\n\n\t\t\t  <div \n\t\t\t  \tclass = \"fb-comments\" \n\t\t\t  \tdata-href = \"http:\/\/www.eloriente.net\/home\/2014\/09\/16\/seminario-de-urbanismo-sobre-mercados-publicos-en-oaxaca\/\"\n\t\t\t  \tdata-numposts = \"10\"\n\t\t\t\tdata-colorscheme = \"dark\"\n\t\t\t\tdata-order-by = \"social\"\n\t\t\t\tdata-mobile=true>\n\t\t\t  <\/div>\n\t\t  <style>\n\t\t\t.fb_iframe_widget_fluid_desktop iframe {\n\t\t\t    width: 100% !important;\n\t\t\t}\n\t\t  <\/style>\n\t\t  ","protected":false},"excerpt":{"rendered":"<p>eloriente.net \/ Fundaci\u00f3n Alfredo Harp Hel\u00fa Oaxaca 17\/septiembre\/2014 De septiembre a diciembre se llevar\u00e1 a cabo en Casa de la Ciudad la cuarta edici\u00f3n del Seminario de Urbanismo dedicado a los mercados p\u00fablicos Con un programa que dura cuatro meses se llevar\u00e1 a cabo en la ciudad de Oaxaca el 4\u00ba Seminario de Urbanismo, que [&hellip;]<\/p>\n","protected":false},"author":1,"featured_media":32331,"comment_status":"open","ping_status":"open","sticky":false,"template":"","format":"standard","meta":{"_jetpack_memberships_contains_paid_content":false,"footnotes":""},"categories":[8,1588,32,10],"tags":[],"class_list":["post-32330","post","type-post","status-publish","format-standard","has-post-thumbnail","hentry","category-agenda","category-comunicados-y-boletines","category-entradas","category-lo-mas-reciente"],"jetpack_featured_media_url":"http:\/\/www.eloriente.net\/home\/wp-content\/uploads\/2014\/09\/SEMINARIO-DE-URBANISMO.jpg","jetpack_sharing_enabled":true,"_links":{"self":[{"href":"http:\/\/www.eloriente.net\/home\/wp-json\/wp\/v2\/posts\/32330"}],"collection":[{"href":"http:\/\/www.eloriente.net\/home\/wp-json\/wp\/v2\/posts"}],"about":[{"href":"http:\/\/www.eloriente.net\/home\/wp-json\/wp\/v2\/types\/post"}],"author":[{"embeddable":true,"href":"http:\/\/www.eloriente.net\/home\/wp-json\/wp\/v2\/users\/1"}],"replies":[{"embeddable":true,"href":"http:\/\/www.eloriente.net\/home\/wp-json\/wp\/v2\/comments?post=32330"}],"version-history":[{"count":2,"href":"http:\/\/www.eloriente.net\/home\/wp-json\/wp\/v2\/posts\/32330\/revisions"}],"predecessor-version":[{"id":32333,"href":"http:\/\/www.eloriente.net\/home\/wp-json\/wp\/v2\/posts\/32330\/revisions\/32333"}],"wp:featuredmedia":[{"embeddable":true,"href":"http:\/\/www.eloriente.net\/home\/wp-json\/wp\/v2\/media\/32331"}],"wp:attachment":[{"href":"http:\/\/www.eloriente.net\/home\/wp-json\/wp\/v2\/media?parent=32330"}],"wp:term":[{"taxonomy":"category","embeddable":true,"href":"http:\/\/www.eloriente.net\/home\/wp-json\/wp\/v2\/categories?post=32330"},{"taxonomy":"post_tag","embeddable":true,"href":"http:\/\/www.eloriente.net\/home\/wp-json\/wp\/v2\/tags?post=32330"}],"curies":[{"name":"wp","href":"https:\/\/api.w.org\/{rel}","templated":true}]}}