{"id":32363,"date":"2014-09-18T13:09:04","date_gmt":"2014-09-18T19:09:04","guid":{"rendered":"http:\/\/www.eloriente.net\/home\/?p=32363"},"modified":"2014-10-10T16:30:07","modified_gmt":"2014-10-10T22:30:07","slug":"calendario-de-entrevistas-para-aspirantes-a-consejeros-electorales","status":"publish","type":"post","link":"http:\/\/www.eloriente.net\/home\/2014\/09\/18\/calendario-de-entrevistas-para-aspirantes-a-consejeros-electorales\/","title":{"rendered":"Calendario de entrevistas para aspirantes a consejeros electorales"},"content":{"rendered":"<p>eloriente.net \/ <a href=\"http:\/\/www.ine.mx\/es\/web\/portal\/inicio\" target=\"_blank\">INE<\/a><\/p>\n<p>18\/septiembre\/2014<\/p>\n<p>La Comisi\u00f3n de Vinculaci\u00f3n con Organismos P\u00fablicos Locales (OPLES) del Instituto Nacional Electoral (INE), aprob\u00f3 esta tarde la lista de aspirantes que ser\u00e1n entrevistados a partir de ma\u00f1ana por las Consejeras y Consejeros Electorales del INE, como parte del procedimiento para designar e integrar los Consejos locales de dichos \u00f3rganos.<\/p>\n<p>La Comisi\u00f3n presidida por el Consejero Marco Antonio Ba\u00f1os, e integrada por la Consejera Adriana Favela y por los Consejeros Arturo S\u00e1nchez y Ciro Murayama, entreg\u00f3 a las representaciones de los partidos pol\u00edticos la lista definitiva de aspirantes que participar\u00e1n en la etapa de entrevistas, a la que se sumaron 42 personas tras considerar una revisi\u00f3n de la valoraci\u00f3n curricular, as\u00ed como los criterios establecidos en las sentencias del Tribunal Electoral del Poder Judicial de la Federaci\u00f3n.<\/p>\n<p>Las entrevistas con las y los aspirantes a integrar los Consejos de los Organismos P\u00fablicos Locales en 18 entidades del pa\u00eds estar\u00e1n a cargo de los 11 integrantes del Consejo General del INE con derecho a voto,<br \/>\nincluyendo a su Presidente, Lorenzo C\u00f3rdova, quienes formar\u00e1n dos grupos de cuatro y uno de tres.<\/p>\n<p>Se realizar\u00e1n a partir de este jueves a las 9:00 horas, entrevistas de forma simult\u00e1nea en los grupos a cada aspirante durante 20 minutos.<\/p>\n<p>La lista de quienes acceden a esta etapa, as\u00ed como el calendario de entrevistas podr\u00e1 ser consultada a trav\u00e9s del sitio web del instituto (<a href=\"http:\/\/www.ine.mx\/es\/web\/portal\/inicio\" target=\"_blank\">www.ine.mx<\/a>).<\/p>\n<p>El INE reitera que cada una de las etapas del procedimiento se ha realizado con estricto apego a las reglas y criterios previamente definidos, los cuales son del conocimiento de cada aspirante.<\/p>\n<p>Para efectos de facilitar la b\u00fasqueda de horarios y entrevistas, ELORIENTE.NET pone a tus disposici\u00f3n el PDF completo, dando click <a href=\"http:\/\/www.ine.mx\/archivos2\/s\/OPL\/pdf\/ListadeAspirantesEntrevistas\/CalendarioEntrevistasOPLES.pdf\" target=\"_blank\">aqu\u00ed.<\/a><\/p>\n<p>&nbsp;<\/p>\n<p>&nbsp;<\/p>\n<p><a href=\"http:\/\/www.eloriente.net\/home\/wp-content\/uploads\/2014\/09\/FOT-1.jpg\"><img loading=\"lazy\" decoding=\"async\" class=\"alignnone size-medium wp-image-32364\" title=\"FOT 1\" src=\"http:\/\/www.eloriente.net\/home\/wp-content\/uploads\/2014\/09\/FOT-1-300x199.jpg\" alt=\"\" width=\"300\" height=\"199\" srcset=\"http:\/\/www.eloriente.net\/home\/wp-content\/uploads\/2014\/09\/FOT-1-300x199.jpg 300w, http:\/\/www.eloriente.net\/home\/wp-content\/uploads\/2014\/09\/FOT-1.jpg 673w\" sizes=\"(max-width: 300px) 100vw, 300px\" \/><\/a><\/p>\n<p>Imagen: INE<\/p>\n<p><strong>Entradas relacionadas:<\/strong><\/p>\n<p><a title=\"Permalink to Se confirma: NI\/DIEZ gana en PRD Oaxaca\" href=\"http:\/\/www.eloriente.net\/home\/2014\/09\/15\/se-confirma-nidiez-gana-en-prd-oaxaca\/\" rel=\"bookmark\">Se confirma: NI\/DIEZ gana en PRD Oaxaca<\/a><\/p>\n<p>eloriente.net 15 de septiembre de 2014 Esta ma\u00f1ana, se dieron a conocer los resultados de la votaci\u00f3n estatal para elegir consejer\u00edas nacionales y estatales del Partido de la Revoluci\u00f3n Democr\u00e1tica (PRD) en Oaxaca, confirmando en lo general las tendencias dadas a conocer preliminarmente desde la noche del domingo 7 de septiembre y en d\u00edas posteriores [&#8230;]<\/p>\n<p>September 15, 2014<\/p>\n<p><a title=\"Permalink to 8 mujeres y 11 hombres en recta final para Consejeros OPL\" href=\"http:\/\/www.eloriente.net\/home\/2014\/09\/09\/8-mujeres-y-11-hombres-en-recta-final-para-consejeros-ine\/\" rel=\"bookmark\">8 mujeres y 11 hombres en recta final para Consejeros OPL<\/a><\/p>\n<p><a href=\"http:\/\/www.eloriente.net\/home\/2014\/09\/09\/8-mujeres-y-11-hombres-en-recta-final-para-consejeros-ine\/\" rel=\"bookmark\"><img decoding=\"async\" title=\"8 mujeres y 11 hombres en recta final para Consejeros OPL\" src=\"http:\/\/www.eloriente.net\/home\/wp-content\/themes\/city-desk\/timthumb.php?src=http%3A%2F%2Fwww.eloriente.net%2Fhome%2Fwp-content%2Fuploads%2F2014%2F09%2FCaptura-de-pantalla-2014-09-09-a-las-19.09.01.png&amp;q=90&amp;w=160&amp;h=106&amp;zc=1\" alt=\"8 mujeres y 11 hombres en recta final para Consejeros OPL\" \/><\/a><\/p>\n<p>eloriente.net\/INE 9 de septiembre de 2014 El Instituto Nacional Electoral dio a conocer los nombres de 8 mujeres y 11 hombres que se encuentran en la recta final para la designaci\u00f3n de Consejero Presidente y Consejeros Electorales de los Organismos P\u00fablicos Locales (OPLS) en Oaxaca. Esta Lista es el resultado de la etapa denominada Valoraci\u00f3n [&#8230;]<\/p>\n<p>September 9, 2014<\/p>\n<p><a title=\"Permalink to Cerrada elecci\u00f3n interna en PRD-Oaxaca; gana DIEZ\" href=\"http:\/\/www.eloriente.net\/home\/2014\/09\/08\/cerrada-eleccion-interna-en-prd-oaxaca-gana-diez\/\" rel=\"bookmark\">Cerrada elecci\u00f3n interna en PRD-Oaxaca; gana DIEZ<\/a><\/p>\n<p><a href=\"http:\/\/www.eloriente.net\/home\/2014\/09\/08\/cerrada-eleccion-interna-en-prd-oaxaca-gana-diez\/\" rel=\"bookmark\"><img decoding=\"async\" title=\"Cerrada elecci\u00f3n interna en PRD-Oaxaca; gana DIEZ\" src=\"http:\/\/www.eloriente.net\/home\/wp-content\/themes\/city-desk\/timthumb.php?src=http%3A%2F%2Fwww.eloriente.net%2Fhome%2Fwp-content%2Fuploads%2F2014%2F09%2FCaptura-de-pantalla-2014-09-08-a-las-11.21.22.png&amp;q=90&amp;w=160&amp;h=106&amp;zc=1\" alt=\"Cerrada elecci\u00f3n interna en PRD-Oaxaca; gana DIEZ\" \/><\/a><\/p>\n<p>eloriente.net 8 de septiembre de 2014 eloriente.net (Oaxaca de Ju\u00e1rez, Oaxaca, a 8 de septiembre de 2014).- Con una notable pulverizaci\u00f3n de preferencias, ayer se efectuaron las elecciones de congresistas nacionales y consejeros estatales y municipales en el Partido de la Revoluci\u00f3n Democr\u00e1tica. Esta pulverizaci\u00f3n se evidenci\u00f3 tras darse a conocer por el Instituto Nacional [&#8230;]<\/p>\n<p>September 8, 2014<\/p>\n\n\t\t\t  <div \n\t\t\t  \tclass = \"fb-comments\" \n\t\t\t  \tdata-href = \"http:\/\/www.eloriente.net\/home\/2014\/09\/18\/calendario-de-entrevistas-para-aspirantes-a-consejeros-electorales\/\"\n\t\t\t  \tdata-numposts = \"10\"\n\t\t\t\tdata-colorscheme = \"dark\"\n\t\t\t\tdata-order-by = \"social\"\n\t\t\t\tdata-mobile=true>\n\t\t\t  <\/div>\n\t\t  <style>\n\t\t\t.fb_iframe_widget_fluid_desktop iframe {\n\t\t\t    width: 100% !important;\n\t\t\t}\n\t\t  <\/style>\n\t\t  ","protected":false},"excerpt":{"rendered":"<p>eloriente.net \/ INE 18\/septiembre\/2014 La Comisi\u00f3n de Vinculaci\u00f3n con Organismos P\u00fablicos Locales (OPLES) del Instituto Nacional Electoral (INE), aprob\u00f3 esta tarde la lista de aspirantes que ser\u00e1n entrevistados a partir de ma\u00f1ana por las Consejeras y Consejeros Electorales del INE, como parte del procedimiento para designar e integrar los Consejos locales de dichos \u00f3rganos. La [&hellip;]<\/p>\n","protected":false},"author":1,"featured_media":32364,"comment_status":"open","ping_status":"open","sticky":false,"template":"","format":"standard","meta":{"_jetpack_memberships_contains_paid_content":false,"footnotes":""},"categories":[1588,71,32,63,10,24,21],"tags":[279],"class_list":["post-32363","post","type-post","status-publish","format-standard","has-post-thumbnail","hentry","category-comunicados-y-boletines","category-elecciones","category-entradas","category-estados","category-lo-mas-reciente","category-mexico-y-el-mundo","category-politica-y-gobierno","tag-ine"],"jetpack_featured_media_url":"http:\/\/www.eloriente.net\/home\/wp-content\/uploads\/2014\/09\/FOT-1.jpg","jetpack_sharing_enabled":true,"_links":{"self":[{"href":"http:\/\/www.eloriente.net\/home\/wp-json\/wp\/v2\/posts\/32363"}],"collection":[{"href":"http:\/\/www.eloriente.net\/home\/wp-json\/wp\/v2\/posts"}],"about":[{"href":"http:\/\/www.eloriente.net\/home\/wp-json\/wp\/v2\/types\/post"}],"author":[{"embeddable":true,"href":"http:\/\/www.eloriente.net\/home\/wp-json\/wp\/v2\/users\/1"}],"replies":[{"embeddable":true,"href":"http:\/\/www.eloriente.net\/home\/wp-json\/wp\/v2\/comments?post=32363"}],"version-history":[{"count":6,"href":"http:\/\/www.eloriente.net\/home\/wp-json\/wp\/v2\/posts\/32363\/revisions"}],"predecessor-version":[{"id":32376,"href":"http:\/\/www.eloriente.net\/home\/wp-json\/wp\/v2\/posts\/32363\/revisions\/32376"}],"wp:featuredmedia":[{"embeddable":true,"href":"http:\/\/www.eloriente.net\/home\/wp-json\/wp\/v2\/media\/32364"}],"wp:attachment":[{"href":"http:\/\/www.eloriente.net\/home\/wp-json\/wp\/v2\/media?parent=32363"}],"wp:term":[{"taxonomy":"category","embeddable":true,"href":"http:\/\/www.eloriente.net\/home\/wp-json\/wp\/v2\/categories?post=32363"},{"taxonomy":"post_tag","embeddable":true,"href":"http:\/\/www.eloriente.net\/home\/wp-json\/wp\/v2\/tags?post=32363"}],"curies":[{"name":"wp","href":"https:\/\/api.w.org\/{rel}","templated":true}]}}