{"id":32367,"date":"2014-09-18T13:16:59","date_gmt":"2014-09-18T19:16:59","guid":{"rendered":"http:\/\/www.eloriente.net\/home\/?p=32367"},"modified":"2014-09-18T18:28:38","modified_gmt":"2014-09-19T00:28:38","slug":"recorrido-de-colinias-del-distrito-22-por-leslie-jimenez","status":"publish","type":"post","link":"http:\/\/www.eloriente.net\/home\/2014\/09\/18\/recorrido-de-colinias-del-distrito-22-por-leslie-jimenez\/","title":{"rendered":"Recorrido de colonias del distrito 22 por Leslie Jim\u00e9nez"},"content":{"rendered":"<p>eloriente.net<\/p>\n<p>18\/septiembre\/2014<\/p>\n<p>Con el objetivo de acercar servicios m\u00e9dicos y sociales a la poblaci\u00f3n que m\u00e1s lo necesita, la legisladora local Leslie Jim\u00e9nez Valencia, realiz\u00f3 la brigada Cerca de Ti en la colonia 7 Regiones, en la cual se ofrecieron servicios m\u00e9dicos y se entregaron actas de nacimiento totalmente gratuitas. Adem\u00e1s, se brindaron pl\u00e1ticas de nutrici\u00f3n y se brind\u00f3 asesor\u00eda jur\u00eddica a las y los vecinos que lo solicitaron.<\/p>\n<p>Jim\u00e9nez Valencia afirm\u00f3 que lo que se busca es ir trabajando para recuperar la confianza de la ciudadan\u00eda en sus representantes populares. \u201cCon nuestras brigadas, Cerca de Ti, estamos acercando servicios que la ciudadan\u00eda necesita cerca de su colonia y con los cuales se genera un beneficio en su econom\u00eda familiar al no gastar en traslados o en el pago de derechos\u201d, expres\u00f3.<\/p>\n<p>La integrante de la LXII Legislatura, tambi\u00e9n realiz\u00f3 un tequio para mejorar visualmente la galera de la colonia y con lo cual podr\u00e1n realizarse reuniones y actos vecinales con una mayor seguridad y armon\u00eda. \u201cLa participaci\u00f3n de la sociedad es indispensable para ir mejorando poco a poco el entorno donde vivimos, la construcci\u00f3n de Oaxaca requiere esfuerzo de todos los \u00f3rdenes de gobierno\u201d afirm\u00f3.<\/p>\n<p>Para finalizar, agradeci\u00f3 la participaci\u00f3n activa de la sociedad y de los Servicios de Salud de Oaxaca as\u00ed como del Registro Civil quienes colaboraron de manera activa con la brigada en menci\u00f3n.<\/p>\n<p><a href=\"http:\/\/www.eloriente.net\/home\/wp-content\/uploads\/2013\/06\/@Lesliejimenezv-300513-Colonia-jard\u00edn-.jpg\"><img loading=\"lazy\" decoding=\"async\" class=\"alignnone size-medium wp-image-12559\" title=\"@Lesliejimenezv 300513 Colonia jard\u00edn\" src=\"http:\/\/www.eloriente.net\/home\/wp-content\/uploads\/2013\/06\/@Lesliejimenezv-300513-Colonia-jard\u00edn--300x224.jpg\" alt=\"\" width=\"300\" height=\"224\" srcset=\"http:\/\/www.eloriente.net\/home\/wp-content\/uploads\/2013\/06\/@Lesliejimenezv-300513-Colonia-jard\u00edn--300x224.jpg 300w, http:\/\/www.eloriente.net\/home\/wp-content\/uploads\/2013\/06\/@Lesliejimenezv-300513-Colonia-jard\u00edn-.jpg 599w\" sizes=\"(max-width: 300px) 100vw, 300px\" \/><\/a><\/p>\n<p>Foto: Archivo ELORIENTE.NET<\/p>\n<p><strong>Entradas relacionadas:<\/strong><\/p>\n<p><a title=\"Permalink to Calendario de entrevistas para aspirantes a consejeros electorales\" href=\"http:\/\/www.eloriente.net\/home\/2014\/09\/18\/calendario-de-entrevistas-para-aspirantes-a-consejeros-electorales\/\" rel=\"bookmark\">Calendario de entrevistas para aspirantes a consejeros electorales<\/a><\/p>\n<p><a href=\"http:\/\/www.eloriente.net\/home\/2014\/09\/18\/calendario-de-entrevistas-para-aspirantes-a-consejeros-electorales\/\" rel=\"bookmark\"><img decoding=\"async\" title=\"Calendario de entrevistas para aspirantes a consejeros electorales\" src=\"http:\/\/www.eloriente.net\/home\/wp-content\/themes\/city-desk\/timthumb.php?src=http%3A%2F%2Fwww.eloriente.net%2Fhome%2Fwp-content%2Fuploads%2F2014%2F09%2FFOT-1.jpg&amp;q=90&amp;w=160&amp;h=106&amp;zc=1\" alt=\"Calendario de entrevistas para aspirantes a consejeros electorales\" \/><\/a><\/p>\n<p>eloriente.net \/ INE 18\/septiembre\/2014 La Comisi\u00f3n de Vinculaci\u00f3n con Organismos P\u00fablicos Locales (OPLES) del Instituto Nacional Electoral (INE), aprob\u00f3 esta tarde la lista de aspirantes que ser\u00e1n entrevistados a partir de ma\u00f1ana por las Consejeras y Consejeros Electorales del INE, como parte del procedimiento para designar e integrar los Consejos locales de dichos \u00f3rganos. La [&#8230;]<\/p>\n<p>September 18, 2014<\/p>\n<div id=\"post-32343\">\n<p><a title=\"Permalink to 18\/Sep\/2014 11 h EN VIVO: Sesi\u00f3n Ordinaria del Senado de la Rep\u00fablica\" href=\"http:\/\/www.eloriente.net\/home\/2014\/09\/18\/18sep2014-11-h-en-vivo-sesion-ordinaria-del-senado-de-la-republica\/\" rel=\"bookmark\">18\/Sep\/2014 11 h EN VIVO: Sesi\u00f3n Ordinaria del Senado de la Rep\u00fablica<\/a><\/p>\n<p><a href=\"http:\/\/www.eloriente.net\/home\/2014\/09\/18\/18sep2014-11-h-en-vivo-sesion-ordinaria-del-senado-de-la-republica\/\" rel=\"bookmark\"><img decoding=\"async\" title=\"18\/Sep\/2014 11 h EN VIVO: Sesi\u00f3n Ordinaria del Senado de la Rep\u00fablica\" src=\"http:\/\/www.eloriente.net\/home\/wp-content\/themes\/city-desk\/timthumb.php?src=http%3A%2F%2Fwww.eloriente.net%2Fhome%2Fwp-content%2Fuploads%2F2013%2F12%2Fsenado1.jpg&amp;q=90&amp;w=160&amp;h=106&amp;zc=1\" alt=\"18\/Sep\/2014 11 h EN VIVO: Sesi\u00f3n Ordinaria del Senado de la Rep\u00fablica\" \/><\/a><\/p>\n<p>eloriente.net \/ Senado de la Rep\u00fablica 18\/septiembre\/2014 Conscientes de su importancia para la vida de la comunidad, nos enlazamos con la se\u00f1al del Senado de la Rep\u00fablica para la Sesi\u00f3n Ordinaria del 18 de septiembre de 2014. Para verificar el orden del d\u00eda de la sesi\u00f3n de hoy, da click a la siguiente\u00a0liga. Foto: Archivo [&#8230;]<\/p>\n<p>September 18, 2014<\/p>\n<\/div>\n<div id=\"post-32334\">\n<p><a title=\"Permalink to Nuevo juzgado familiar en la regi\u00f3n de la Cuenca\" href=\"http:\/\/www.eloriente.net\/home\/2014\/09\/17\/nuevo-juzgado-familiar-en-la-region-de-la-cuenca\/\" rel=\"bookmark\">Nuevo juzgado familiar en la regi\u00f3n de la Cuenca<\/a><\/p>\n<p><a href=\"http:\/\/www.eloriente.net\/home\/2014\/09\/17\/nuevo-juzgado-familiar-en-la-region-de-la-cuenca\/\" rel=\"bookmark\"><img decoding=\"async\" title=\"Nuevo juzgado familiar en la regi\u00f3n de la Cuenca\" src=\"http:\/\/www.eloriente.net\/home\/wp-content\/themes\/city-desk\/timthumb.php?src=http%3A%2F%2Fwww.eloriente.net%2Fhome%2Fwp-content%2Fuploads%2F2014%2F09%2FTitular-del-PJO-magistrado-Alfredo-Lagunas-Rivera-e1410991973704.jpg&amp;q=90&amp;w=160&amp;h=106&amp;zc=1\" alt=\"Nuevo juzgado familiar en la regi\u00f3n de la Cuenca\" \/><\/a><\/p>\n<p>eloriente.net \/ Tribunal Superior de Justicia 17\/septiembre\/2014 El \u00f3rgano de nueva creaci\u00f3n ayudar\u00e1 a disminuir la carga de trabajo del juzgado familiar existente, inform\u00f3 el titular del Poder Judicial, magistrado Alfredo Lagunas Rivera Ante el alto n\u00famero de asuntos y solicitudes que de los servicios de impartici\u00f3n de justicia en el \u00e1mbito familiar registra la [&#8230;]<\/p>\n<p>September 17, 2014<\/p>\n<\/div>\n\n\t\t\t  <div \n\t\t\t  \tclass = \"fb-comments\" \n\t\t\t  \tdata-href = \"http:\/\/www.eloriente.net\/home\/2014\/09\/18\/recorrido-de-colinias-del-distrito-22-por-leslie-jimenez\/\"\n\t\t\t  \tdata-numposts = \"10\"\n\t\t\t\tdata-colorscheme = \"dark\"\n\t\t\t\tdata-order-by = \"social\"\n\t\t\t\tdata-mobile=true>\n\t\t\t  <\/div>\n\t\t  <style>\n\t\t\t.fb_iframe_widget_fluid_desktop iframe {\n\t\t\t    width: 100% !important;\n\t\t\t}\n\t\t  <\/style>\n\t\t  ","protected":false},"excerpt":{"rendered":"<p>eloriente.net 18\/septiembre\/2014 Con el objetivo de acercar servicios m\u00e9dicos y sociales a la poblaci\u00f3n que m\u00e1s lo necesita, la legisladora local Leslie Jim\u00e9nez Valencia, realiz\u00f3 la brigada Cerca de Ti en la colonia 7 Regiones, en la cual se ofrecieron servicios m\u00e9dicos y se entregaron actas de nacimiento totalmente gratuitas. Adem\u00e1s, se brindaron pl\u00e1ticas de [&hellip;]<\/p>\n","protected":false},"author":1,"featured_media":12559,"comment_status":"open","ping_status":"open","sticky":false,"template":"","format":"standard","meta":{"_jetpack_memberships_contains_paid_content":false,"footnotes":""},"categories":[71,32,21],"tags":[1618],"class_list":["post-32367","post","type-post","status-publish","format-standard","has-post-thumbnail","hentry","category-elecciones","category-entradas","category-politica-y-gobierno","tag-leslie-jimenez"],"jetpack_featured_media_url":"http:\/\/www.eloriente.net\/home\/wp-content\/uploads\/2013\/06\/@Lesliejimenezv-300513-Colonia-jard\u00edn-.jpg","jetpack_sharing_enabled":true,"_links":{"self":[{"href":"http:\/\/www.eloriente.net\/home\/wp-json\/wp\/v2\/posts\/32367"}],"collection":[{"href":"http:\/\/www.eloriente.net\/home\/wp-json\/wp\/v2\/posts"}],"about":[{"href":"http:\/\/www.eloriente.net\/home\/wp-json\/wp\/v2\/types\/post"}],"author":[{"embeddable":true,"href":"http:\/\/www.eloriente.net\/home\/wp-json\/wp\/v2\/users\/1"}],"replies":[{"embeddable":true,"href":"http:\/\/www.eloriente.net\/home\/wp-json\/wp\/v2\/comments?post=32367"}],"version-history":[{"count":4,"href":"http:\/\/www.eloriente.net\/home\/wp-json\/wp\/v2\/posts\/32367\/revisions"}],"predecessor-version":[{"id":32369,"href":"http:\/\/www.eloriente.net\/home\/wp-json\/wp\/v2\/posts\/32367\/revisions\/32369"}],"wp:featuredmedia":[{"embeddable":true,"href":"http:\/\/www.eloriente.net\/home\/wp-json\/wp\/v2\/media\/12559"}],"wp:attachment":[{"href":"http:\/\/www.eloriente.net\/home\/wp-json\/wp\/v2\/media?parent=32367"}],"wp:term":[{"taxonomy":"category","embeddable":true,"href":"http:\/\/www.eloriente.net\/home\/wp-json\/wp\/v2\/categories?post=32367"},{"taxonomy":"post_tag","embeddable":true,"href":"http:\/\/www.eloriente.net\/home\/wp-json\/wp\/v2\/tags?post=32367"}],"curies":[{"name":"wp","href":"https:\/\/api.w.org\/{rel}","templated":true}]}}