{"id":32378,"date":"2014-09-18T16:12:43","date_gmt":"2014-09-18T22:12:43","guid":{"rendered":"http:\/\/www.eloriente.net\/home\/?p=32378"},"modified":"2014-09-18T16:12:43","modified_gmt":"2014-09-18T22:12:43","slug":"propone-poder-judicial-nueva-reforma-al-codigo-civil-del-estado","status":"publish","type":"post","link":"http:\/\/www.eloriente.net\/home\/2014\/09\/18\/propone-poder-judicial-nueva-reforma-al-codigo-civil-del-estado\/","title":{"rendered":"Propone Poder Judicial nueva reforma al C\u00f3digo Civil del Estado"},"content":{"rendered":"<p>eloriente.net \/ <a href=\"http:\/\/www.tribunaloax.gob.mx\/\" target=\"_blank\">Tribunal Superior de Justicia<\/a><\/p>\n<p>\u2022 El proyecto contempla el uso de nuevas tecnolog\u00edas para agilizar los procedimientos judiciales en materia civil, familiar y mercantil<\/p>\n<p>El titular del Poder Judicial, magistrado Alfredo Rodrigo Lagunas Rivera entreg\u00f3 a la Sexag\u00e9sima Segunda Legislatura del Congreso del Estado, una iniciativa con proyecto de decreto por la que se reforman y adicionan diversas disposiciones del C\u00f3digo de Procedimientos Civiles para el Estado Libre y Soberano de Oaxaca, con la finalidad de adecuarlo al uso de nuevas tecnolog\u00edas que permitan agilizar los procedimientos judiciales en materia civil, familiar y mercantil.<\/p>\n<p>En la sede del Congreso local, el presidente de la Mesa Directiva, diputado Jes\u00fas L\u00f3pez Rodr\u00edguez recibi\u00f3 de manos del magistrado Lagunas Rivera, el documento que promueve la emisi\u00f3n de notificaciones v\u00eda correo electr\u00f3nico y a trav\u00e9s de la p\u00e1gina web de la instituci\u00f3n, con el aval de un sistema de seguridad que valide su correcta entrega y recepci\u00f3n; adem\u00e1s de la elaboraci\u00f3n de listas de informes en juzgados para dar a conocer a los abogados el curso de los procesos.<\/p>\n<p>Ante el presidente de la Junta de Coordinaci\u00f3n Pol\u00edtica, diputado Alejandro Avil\u00e9s \u00c1lvarez; el presidente de la Comisi\u00f3n de Administraci\u00f3n de Justicia, diputado Gerardo Garc\u00eda Henestroza y el presidente de la Comisi\u00f3n de Administraci\u00f3n P\u00fablica, diputado Ericel G\u00f3mez Nucamendi, explic\u00f3 que la iniciativa encuentra su fundamento en la exigencia social de garantizar el acceso a un sistema de justicia m\u00e1s cercano, eficiente, moderno y apegado a la realidad, optimizando tiempos y reduciendo la tramitolog\u00eda.<\/p>\n<p>\u201cEsta reforma legislativa simboliza un eslab\u00f3n m\u00e1s de la cadena de propuestas que venimos impulsando desde el 2011 con las diferentes instituciones estatales y sociedad civil, encaminadas a consolidar un Poder Judicial garante de los derechos fundamentales, en donde las decisiones judiciales, las formalidades de los procedimientos y sus notificaciones, est\u00e9n al servicio de las personas\u201d, afirm\u00f3.<\/p>\n<p>Por su parte, el diputado L\u00f3pez Rodr\u00edguez extern\u00f3 su compromiso con el \u00f3rgano de impartici\u00f3n de justicia, para agilizar en las comisiones respectivas el proceso de an\u00e1lisis y revisi\u00f3n de la iniciativa que traer\u00e1 beneficios para quienes enfrentan procesos judiciales, al descongestionar la comunicaci\u00f3n de las actuaciones judiciales, trasparentar su ejercicio y ponerlo al alcance de las y los oaxaque\u00f1os.<\/p>\n<p>En el acto, tambi\u00e9n estuvieron presentes, el presidente de la Comisi\u00f3n de Auditor\u00eda Adolfo Toledo Infanz\u00f3n, el presidente de la Comisi\u00f3n de Estudios Constitucional Jaime Bola\u00f1os Cacho y el Oficial Mayor, Juan Enrique Lira V\u00e1squez.<\/p>\n<p><a href=\"http:\/\/www.eloriente.net\/home\/wp-content\/uploads\/2014\/09\/Diputados-recibieron-del-titular-del-PJO-iniciativa-con-proyecto-de-decreto-T.jpg\"><img loading=\"lazy\" decoding=\"async\" class=\"alignnone size-medium wp-image-32379\" title=\"Diputados recibieron del titular del PJO iniciativa con proyecto de decreto (T)\" src=\"http:\/\/www.eloriente.net\/home\/wp-content\/uploads\/2014\/09\/Diputados-recibieron-del-titular-del-PJO-iniciativa-con-proyecto-de-decreto-T-300x159.jpg\" alt=\"\" width=\"300\" height=\"159\" srcset=\"http:\/\/www.eloriente.net\/home\/wp-content\/uploads\/2014\/09\/Diputados-recibieron-del-titular-del-PJO-iniciativa-con-proyecto-de-decreto-T-300x159.jpg 300w, http:\/\/www.eloriente.net\/home\/wp-content\/uploads\/2014\/09\/Diputados-recibieron-del-titular-del-PJO-iniciativa-con-proyecto-de-decreto-T.jpg 1024w\" sizes=\"(max-width: 300px) 100vw, 300px\" \/><\/a><\/p>\n<p>Foto: TSJ<\/p>\n<p><strong>Entradas relacionadas:<\/strong><\/p>\n<p><a title=\"Permalink to Nuevo juzgado familiar en la regi\u00f3n de la Cuenca\" href=\"http:\/\/www.eloriente.net\/home\/2014\/09\/17\/nuevo-juzgado-familiar-en-la-region-de-la-cuenca\/\" rel=\"bookmark\">Nuevo juzgado familiar en la regi\u00f3n de la Cuenca<\/a><\/p>\n<p><a href=\"http:\/\/www.eloriente.net\/home\/2014\/09\/17\/nuevo-juzgado-familiar-en-la-region-de-la-cuenca\/\" rel=\"bookmark\"><img decoding=\"async\" title=\"Nuevo juzgado familiar en la regi\u00f3n de la Cuenca\" src=\"http:\/\/www.eloriente.net\/home\/wp-content\/themes\/city-desk\/timthumb.php?src=http%3A%2F%2Fwww.eloriente.net%2Fhome%2Fwp-content%2Fuploads%2F2014%2F09%2FTitular-del-PJO-magistrado-Alfredo-Lagunas-Rivera-e1410991973704.jpg&amp;q=90&amp;w=160&amp;h=106&amp;zc=1\" alt=\"Nuevo juzgado familiar en la regi\u00f3n de la Cuenca\" \/><\/a><\/p>\n<p>elorient.ente \/ Tribunal Superior de Justicia 17\/septiembre\/2014 El \u00f3rgano de nueva creaci\u00f3n ayudar\u00e1 a disminuir la carga de trabajo del juzgado familiar existente, inform\u00f3 el titular del Poder Judicial, magistrado Alfredo Lagunas Rivera Ante el alto n\u00famero de asuntos y solicitudes que de los servicios de impartici\u00f3n de justicia en el \u00e1mbito familiar registra la [&#8230;]<\/p>\n<p>September 17, 2014<\/p>\n<div id=\"post-32301\">\n<p><a title=\"Permalink to La libertad no puede someterse a plazos excesivos\" href=\"http:\/\/www.eloriente.net\/home\/2014\/09\/17\/la-libertad-no-puede-someterse-a-plazos-excesivos\/\" rel=\"bookmark\">La libertad no puede someterse a plazos excesivos<\/a><\/p>\n<p><a href=\"http:\/\/www.eloriente.net\/home\/2014\/09\/17\/la-libertad-no-puede-someterse-a-plazos-excesivos\/\" rel=\"bookmark\"><img decoding=\"async\" title=\"La libertad no puede someterse a plazos excesivos\" src=\"http:\/\/www.eloriente.net\/home\/wp-content\/themes\/city-desk\/timthumb.php?src=http%3A%2F%2Fwww.eloriente.net%2Fhome%2Fwp-content%2Fuploads%2F2014%2F09%2Fpresos-ind%C3%ADgenas-beneficiados.jpg&amp;q=90&amp;w=160&amp;h=106&amp;zc=1\" alt=\"La libertad no puede someterse a plazos excesivos\" \/><\/a><\/p>\n<p>eloriente.net \/ Tribunal Superior de Justicia 17\/septiembre\/2014 En el marco de la conmemoraci\u00f3n del Inicio de la Independencia, presos ind\u00edgenas obtuvieron constancias de libertad bajo cauci\u00f3n, beneficios preliberacionales y reducciones de condena:\u00a0\u201cLa libertad no s\u00f3lo es un discurso pol\u00edtico o social emancipador, sino la base sobre la que se construye toda posibilidad de desarrollo, bienestar [&#8230;]<\/p>\n<p>September 17, 2014<\/p>\n<\/div>\n<div id=\"post-32216\">\n<p><a title=\"Permalink to Fomenta PJO la cultura de protecci\u00f3n civil\" href=\"http:\/\/www.eloriente.net\/home\/2014\/09\/12\/fomenta-pjo-la-cultura-de-proteccion-civil\/\" rel=\"bookmark\">Fomenta PJO la cultura de protecci\u00f3n civil<\/a><\/p>\n<p><a href=\"http:\/\/www.eloriente.net\/home\/2014\/09\/12\/fomenta-pjo-la-cultura-de-proteccion-civil\/\" rel=\"bookmark\"><img decoding=\"async\" title=\"Fomenta PJO la cultura de protecci\u00f3n civil\" src=\"http:\/\/www.eloriente.net\/home\/wp-content\/themes\/city-desk\/timthumb.php?src=http%3A%2F%2Fwww.eloriente.net%2Fhome%2Fwp-content%2Fuploads%2F2014%2F09%2FEl-magistrado-Alfredo-Rodrigo-Lagunas-Rivera-e1410559025609.jpg&amp;q=90&amp;w=160&amp;h=106&amp;zc=1\" alt=\"Fomenta PJO la cultura de protecci\u00f3n civil\" \/><\/a><\/p>\n<p>eloriente.net \/ Poder Judicial de Oaxaca 12\/septiembre\/2014 \u00b7 El titular del Poder Judicial, magistrado Alfredo Lagunas Rivera asisti\u00f3 a la Sesi\u00f3n Extraordinaria del Consejo Estatal de Protecci\u00f3n Civil En respuesta a las acciones del Gobierno del Estado para impulsar estrategias de monitoreo, concientizaci\u00f3n, prevenci\u00f3n y disposici\u00f3n de servicios b\u00e1sicos en situaciones de emergencia, el titular [&#8230;]<\/p>\n<p>September 12, 2014<\/p>\n<\/div>\n<p>&nbsp;<\/p>\n\n\t\t\t  <div \n\t\t\t  \tclass = \"fb-comments\" \n\t\t\t  \tdata-href = \"http:\/\/www.eloriente.net\/home\/2014\/09\/18\/propone-poder-judicial-nueva-reforma-al-codigo-civil-del-estado\/\"\n\t\t\t  \tdata-numposts = \"10\"\n\t\t\t\tdata-colorscheme = \"dark\"\n\t\t\t\tdata-order-by = \"social\"\n\t\t\t\tdata-mobile=true>\n\t\t\t  <\/div>\n\t\t  <style>\n\t\t\t.fb_iframe_widget_fluid_desktop iframe {\n\t\t\t    width: 100% !important;\n\t\t\t}\n\t\t  <\/style>\n\t\t  ","protected":false},"excerpt":{"rendered":"<p>eloriente.net \/ Tribunal Superior de Justicia \u2022 El proyecto contempla el uso de nuevas tecnolog\u00edas para agilizar los procedimientos judiciales en materia civil, familiar y mercantil El titular del Poder Judicial, magistrado Alfredo Rodrigo Lagunas Rivera entreg\u00f3 a la Sexag\u00e9sima Segunda Legislatura del Congreso del Estado, una iniciativa con proyecto de decreto por la que [&hellip;]<\/p>\n","protected":false},"author":1,"featured_media":32379,"comment_status":"open","ping_status":"open","sticky":false,"template":"","format":"standard","meta":{"_jetpack_memberships_contains_paid_content":false,"footnotes":""},"categories":[91,32,10],"tags":[225],"class_list":["post-32378","post","type-post","status-publish","format-standard","has-post-thumbnail","hentry","category-congreso-y-justicia","category-entradas","category-lo-mas-reciente","tag-tsj"],"jetpack_featured_media_url":"http:\/\/www.eloriente.net\/home\/wp-content\/uploads\/2014\/09\/Diputados-recibieron-del-titular-del-PJO-iniciativa-con-proyecto-de-decreto-T.jpg","jetpack_sharing_enabled":true,"_links":{"self":[{"href":"http:\/\/www.eloriente.net\/home\/wp-json\/wp\/v2\/posts\/32378"}],"collection":[{"href":"http:\/\/www.eloriente.net\/home\/wp-json\/wp\/v2\/posts"}],"about":[{"href":"http:\/\/www.eloriente.net\/home\/wp-json\/wp\/v2\/types\/post"}],"author":[{"embeddable":true,"href":"http:\/\/www.eloriente.net\/home\/wp-json\/wp\/v2\/users\/1"}],"replies":[{"embeddable":true,"href":"http:\/\/www.eloriente.net\/home\/wp-json\/wp\/v2\/comments?post=32378"}],"version-history":[{"count":2,"href":"http:\/\/www.eloriente.net\/home\/wp-json\/wp\/v2\/posts\/32378\/revisions"}],"predecessor-version":[{"id":32381,"href":"http:\/\/www.eloriente.net\/home\/wp-json\/wp\/v2\/posts\/32378\/revisions\/32381"}],"wp:featuredmedia":[{"embeddable":true,"href":"http:\/\/www.eloriente.net\/home\/wp-json\/wp\/v2\/media\/32379"}],"wp:attachment":[{"href":"http:\/\/www.eloriente.net\/home\/wp-json\/wp\/v2\/media?parent=32378"}],"wp:term":[{"taxonomy":"category","embeddable":true,"href":"http:\/\/www.eloriente.net\/home\/wp-json\/wp\/v2\/categories?post=32378"},{"taxonomy":"post_tag","embeddable":true,"href":"http:\/\/www.eloriente.net\/home\/wp-json\/wp\/v2\/tags?post=32378"}],"curies":[{"name":"wp","href":"https:\/\/api.w.org\/{rel}","templated":true}]}}