{"id":32409,"date":"2014-09-19T12:22:28","date_gmt":"2014-09-19T18:22:28","guid":{"rendered":"http:\/\/www.eloriente.net\/home\/?p=32409"},"modified":"2014-09-20T10:19:25","modified_gmt":"2014-09-20T16:19:25","slug":"oaxaquenos-seleccionados-por-la-onu-para-el-desarrollo-de-politicas-publicas","status":"publish","type":"post","link":"http:\/\/www.eloriente.net\/home\/2014\/09\/19\/oaxaquenos-seleccionados-por-la-onu-para-el-desarrollo-de-politicas-publicas\/","title":{"rendered":"Oaxaque\u00f1os seleccionados por ONU para desarrollo de pol\u00edticas p\u00fablicas"},"content":{"rendered":"<p>eloriente.net \/\u00a0<a href=\"http:\/\/emprendedoressociale.wix.com\/inicio\">Emprendedores Sociales<\/a><\/p>\n<p>19\/septiembre\/2014<\/p>\n<p>El Programa de las Naciones Unidas para el Desarrollo (PNUD) en M\u00e9xico y el Instituto Nacional Electoral (INE) Seleccionaron 25 propuestas de todo M\u00e9xico de las cuales dos j\u00f3venes de la M\u00e1xima Casa de Estudios de fueron seleccionados para el Diplomado \u201cLiderazgos Juveniles para la Incidencia en Pol\u00edticas P\u00fablicas: Conceptos e Instrumentos\u201d que se llev\u00f3 a cabo del 1 al 5 de septiembre de 2014 en la Ciudad de M\u00e9xico para instrumentar un modelo de intervenci\u00f3n juvenil.<\/p>\n<p>Esta iniciativa es implementada por el INE y el PNUD, tiene como objetivo que los y las 50 j\u00f3venes que participan adquieran conocimientos y fortalezcan sus capacidades para estructurar un plan para la incidencia en pol\u00edticas p\u00fablicas.<\/p>\n<p>En la actualidad 1 de cada 4 personas en todo el mundo es joven, seg\u00fan estimaciones de la ONU en el a\u00f1o 2025 habr\u00e1 alrededor de 72 millones de j\u00f3venes m\u00e1s que en la actualidad, por lo que sus oportunidades para actuar, comunicar e influenciar son totalmente sin precedentes.<\/p>\n<p>En este nuevo contexto el PNUD ha ido estableciendo estrategias que respondan al desaf\u00edo de promover la participaci\u00f3n de las y los j\u00f3venes, fortaleciendo su compromiso con y para la juventud, estableciendo la primera estrategia de juventudes a nivel global, la cual se enfoca en incrementar su empoderamiento econ\u00f3mico, mejorar su participaci\u00f3n c\u00edvica en incidencia en pol\u00edtica p\u00fablica y fortalecer su compromiso como agentes positivos de cambio.<\/p>\n<p>Dentro de los Seleccionados se encuentra el Equipo de la UABJO, conformado por Ana Lissete Castillo Hern\u00e1ndez Relacionista internacional y Ex Alumna de Idiomas as\u00ed como Juan Carlos Villegas Cuevas Estudiante de Ciencias Sociales y Desarrollo Regional por el Instituto de Investigaciones Sociol\u00f3gicas y simult\u00e1neamente Gesti\u00f3n Cultural y Desarrollo sustentable por la Escuela de Bellas Artes.<\/p>\n<p>Los Estudiantes mediante el Colectivo Emprendedores Sociales M\u00e9xico presentaron \u201cAgencia Ciudadana J\u00f3venes Mundi\u201d, la cual busca Incrementar la participaci\u00f3n ciudadana de los j\u00f3venes a trav\u00e9s de una plataforma de capacitaci\u00f3n a J\u00f3venes Universitarios generando una vinculaci\u00f3n con los J\u00f3venes de Preparatorias para la movilizaci\u00f3n y generaci\u00f3n de propuestas a problemas p\u00fablicos.<\/p>\n<p>Resaltamos que la convocatoria #JuventudAct\u00faa recibi\u00f3 260 propuestas de 520 j\u00f3venes de toda la Rep\u00fablica Mexicana y tras un proceso meticuloso de selecci\u00f3n se definieron las mejores 25 propuestas. Cada iniciativa seleccionada est\u00e1 representada por dos j\u00f3venes dando un total de 21 mujeres y 29 hombres, provenientes de 16 estados del pa\u00eds: Baja California, Chiapas, Chihuahua, Distrito Federal, Estado de M\u00e9xico, Guanajuato, Guerrero, Jalisco, Oaxaca, Puebla, Quer\u00e9taro, Quintana Roo, San Luis Potos\u00ed, Sinaloa, Veracruz y Yucat\u00e1n.<\/p>\n<p>El PNUD dar\u00e1 seguimiento a las iniciativas, por su parte el equipo de la UABJO buscar\u00e1 implementar su estrategia de incidencia en campo durante dos meses, tiempo en el cual generar\u00e1 un piloto dentro del municipio de Oaxaca de Ju\u00e1rez teniendo como meta impactar a 100 j\u00f3venes de Universidades y e incidir en preparatorias del Municipio y Conurbados.<\/p>\n<p>El compromiso del proyecto oaxaque\u00f1o es volver a la ciudad de Ciudad de M\u00e9xico para participar en un taller de lecciones aprendidas y evaluaci\u00f3n de resultados. Durante este taller un grupo de expertos y expertas en participaci\u00f3n ciudadana les dar\u00e1n una retroalimentaci\u00f3n con base a sus resultados. Esta acci\u00f3n tendr\u00e1 como objetivo buscar un aprendizaje conjunto que fortalecer\u00e1 las capacidades de agencia e incidencia en pol\u00edtica p\u00fablica de las y los j\u00f3venes, posicion\u00e1ndolos como agentes de cambio en sus propias comunidades.<\/p>\n<p>Es as\u00ed como j\u00f3venes Estudiantes de Oaxaca comprometidos con el desarrollo local comunitario trabajan para generar propuestas a problemas p\u00fablicos, involucrando a la universidad y a los j\u00f3venes como aliados estrat\u00e9gicos y fomentando el \u00e1nimo de que los j\u00f3venes son activos dentro de la sociedad y pueden transformar realidades.<\/p>\n<p><a href=\"http:\/\/www.eloriente.net\/home\/wp-content\/uploads\/2014\/09\/PNUD-JCVC-ESMX.jpg\"><img loading=\"lazy\" decoding=\"async\" class=\"alignnone size-medium wp-image-32410\" title=\"PNUD- JCVC-ESMX\" src=\"http:\/\/www.eloriente.net\/home\/wp-content\/uploads\/2014\/09\/PNUD-JCVC-ESMX-300x275.jpg\" alt=\"\" width=\"300\" height=\"275\" srcset=\"http:\/\/www.eloriente.net\/home\/wp-content\/uploads\/2014\/09\/PNUD-JCVC-ESMX-300x275.jpg 300w, http:\/\/www.eloriente.net\/home\/wp-content\/uploads\/2014\/09\/PNUD-JCVC-ESMX-1024x940.jpg 1024w\" sizes=\"(max-width: 300px) 100vw, 300px\" \/><\/a><\/p>\n<p>Foto: Juan Carlos Villegas<\/p>\n<p><strong>Entradas relacionadas:<\/strong><\/p>\n<p><a title=\"Permalink to UABJO: Feria de la Vivienda en Ciudad Universitaria\" href=\"http:\/\/www.eloriente.net\/home\/2014\/09\/17\/uabjo-feria-de-la-vivienda-en-ciudad-universitaria\/\" rel=\"bookmark\">UABJO: Feria de la Vivienda en Ciudad Universitaria<\/a><\/p>\n<p><a href=\"http:\/\/www.eloriente.net\/home\/2014\/09\/17\/uabjo-feria-de-la-vivienda-en-ciudad-universitaria\/\" rel=\"bookmark\"><img decoding=\"async\" title=\"UABJO: Feria de la Vivienda en Ciudad Universitaria\" src=\"http:\/\/www.eloriente.net\/home\/wp-content\/themes\/city-desk\/timthumb.php?src=http%3A%2F%2Fwww.eloriente.net%2Fhome%2Fwp-content%2Fuploads%2F2014%2F09%2F173.jpg&amp;q=90&amp;w=160&amp;h=106&amp;zc=1\" alt=\"UABJO: Feria de la Vivienda en Ciudad Universitaria\" \/><\/a><\/p>\n<p>eloriente.net \/ UABJO 18\/septiembre\/2014 A fin de que las y los trabajadores de la Universidad Aut\u00f3noma \u201cBenito Ju\u00e1rez\u201d de Oaxaca (UABJO) conozcan las diversas opciones existentes en el mercado para la adquisici\u00f3n de una casa, la administraci\u00f3n central, a trav\u00e9s de la Subdirecci\u00f3n de Prestaciones Sociales, organiz\u00f3 la primera Feria de la Vivienda en la [&#8230;]<\/p>\n<p>September 17, 2014<\/p>\n<div id=\"post-32304\">\n<p><a title=\"Permalink to La Escuela de Econom\u00eda de la UABJO tiene nuevo director\" href=\"http:\/\/www.eloriente.net\/home\/2014\/09\/17\/la-escuela-de-economia-de-la-uabjo-tiene-nuevo-director\/\" rel=\"bookmark\">La Escuela de Econom\u00eda de la UABJO tiene nuevo director<\/a><\/p>\n<p><a href=\"http:\/\/www.eloriente.net\/home\/2014\/09\/17\/la-escuela-de-economia-de-la-uabjo-tiene-nuevo-director\/\" rel=\"bookmark\"><img decoding=\"async\" title=\"La Escuela de Econom\u00eda de la UABJO tiene nuevo director\" src=\"http:\/\/www.eloriente.net\/home\/wp-content\/themes\/city-desk\/timthumb.php?src=http%3A%2F%2Fwww.eloriente.net%2Fhome%2Fwp-content%2Fuploads%2F2014%2F09%2F16.jpg&amp;q=90&amp;w=160&amp;h=106&amp;zc=1\" alt=\"La Escuela de Econom\u00eda de la UABJO tiene nuevo director\" \/><\/a><\/p>\n<p>eloriente.net \/ UABJO 17\/septiembre\/2014 De acuerdo a lo establecido en el Cap\u00edtulo Sexto de la Ley Org\u00e1nica vigente en la Universidad Aut\u00f3noma \u201cBenito Ju\u00e1rez\u201d de Oaxaca (UABJO), la Escuela de Econom\u00eda eligi\u00f3 a su nuevo director, donde result\u00f3 electo el maestro Iv\u00e1n Porras Chaparro, quien ha asumido el cargo a partir del mes de septiembre. [&#8230;]<\/p>\n<p>September 17, 2014<\/p>\n<\/div>\n<div id=\"post-32281\">\n<p><a title=\"Permalink to Escucha a Jorge Guerrero, Juan Villegas, Ver\u00f3nica Quevedo y Karime Unda en Todo Oaxaca Radio 16\/Sep\/2014\" href=\"http:\/\/www.eloriente.net\/home\/2014\/09\/17\/escucha-a-jorge-guerrero-juan-villegas-veronica-quevedo-y-karime-unda-en-todo-oaxaca-radio-16sep2014\/\" rel=\"bookmark\">Escucha a Jorge Guerrero, Juan Villegas, Ver\u00f3nica Quevedo y Karime Unda en Todo Oaxaca Radio 16\/Sep\/2014<\/a><\/p>\n<p><a href=\"http:\/\/www.eloriente.net\/home\/2014\/09\/17\/escucha-a-jorge-guerrero-juan-villegas-veronica-quevedo-y-karime-unda-en-todo-oaxaca-radio-16sep2014\/\" rel=\"bookmark\"><img decoding=\"async\" title=\"Escucha a Jorge Guerrero, Juan Villegas, Ver\u00f3nica Quevedo y Karime Unda en Todo Oaxaca Radio 16\/Sep\/2014\" src=\"http:\/\/www.eloriente.net\/home\/wp-content\/themes\/city-desk\/timthumb.php?src=http%3A%2F%2Fwww.eloriente.net%2Fhome%2Fwp-content%2Fuploads%2F2014%2F03%2FVer%C3%B3nica-Quevedo.jpg&amp;q=90&amp;w=160&amp;h=106&amp;zc=1\" alt=\"Escucha a Jorge Guerrero, Juan Villegas, Ver\u00f3nica Quevedo y Karime Unda en Todo Oaxaca Radio 16\/Sep\/2014\" \/><\/a><\/p>\n<p>todooaxacaradio.com 17\/septiembre\/2014 Como cada martes, en punto de las 17:00 horas se transmiti\u00f3 el programa Todo Oaxaca Radio completamente desde la Ciudad de Oaxaca de Ju\u00e1rez, a trav\u00e9s de las frecuencias abiertas 570 AM, 94.9 FM y para todo el mundo a trav\u00e9s de www.todooaxacaradio.com. El programa es conducido por Rub\u00e9n Vasconcelos Beltr\u00e1n, cronista de [&#8230;]<\/p>\n<p>September 17, 2014<\/p>\n<\/div>\n\n\t\t\t  <div \n\t\t\t  \tclass = \"fb-comments\" \n\t\t\t  \tdata-href = \"http:\/\/www.eloriente.net\/home\/2014\/09\/19\/oaxaquenos-seleccionados-por-la-onu-para-el-desarrollo-de-politicas-publicas\/\"\n\t\t\t  \tdata-numposts = \"10\"\n\t\t\t\tdata-colorscheme = \"dark\"\n\t\t\t\tdata-order-by = \"social\"\n\t\t\t\tdata-mobile=true>\n\t\t\t  <\/div>\n\t\t  <style>\n\t\t\t.fb_iframe_widget_fluid_desktop iframe {\n\t\t\t    width: 100% !important;\n\t\t\t}\n\t\t  <\/style>\n\t\t  ","protected":false},"excerpt":{"rendered":"<p>eloriente.net \/\u00a0Emprendedores Sociales 19\/septiembre\/2014 El Programa de las Naciones Unidas para el Desarrollo (PNUD) en M\u00e9xico y el Instituto Nacional Electoral (INE) Seleccionaron 25 propuestas de todo M\u00e9xico de las cuales dos j\u00f3venes de la M\u00e1xima Casa de Estudios de fueron seleccionados para el Diplomado \u201cLiderazgos Juveniles para la Incidencia en Pol\u00edticas P\u00fablicas: Conceptos e [&hellip;]<\/p>\n","protected":false},"author":1,"featured_media":32410,"comment_status":"open","ping_status":"open","sticky":false,"template":"","format":"standard","meta":{"_jetpack_memberships_contains_paid_content":false,"footnotes":""},"categories":[29,18,32,63,10,464,31,84],"tags":[190],"class_list":["post-32409","post","type-post","status-publish","format-standard","has-post-thumbnail","hentry","category-capital","category-educacion-y-cultura","category-entradas","category-estados","category-lo-mas-reciente","category-oaxaca-estados","category-principal","category-universidades","tag-jovenes"],"jetpack_featured_media_url":"http:\/\/www.eloriente.net\/home\/wp-content\/uploads\/2014\/09\/PNUD-JCVC-ESMX.jpg","jetpack_sharing_enabled":true,"_links":{"self":[{"href":"http:\/\/www.eloriente.net\/home\/wp-json\/wp\/v2\/posts\/32409"}],"collection":[{"href":"http:\/\/www.eloriente.net\/home\/wp-json\/wp\/v2\/posts"}],"about":[{"href":"http:\/\/www.eloriente.net\/home\/wp-json\/wp\/v2\/types\/post"}],"author":[{"embeddable":true,"href":"http:\/\/www.eloriente.net\/home\/wp-json\/wp\/v2\/users\/1"}],"replies":[{"embeddable":true,"href":"http:\/\/www.eloriente.net\/home\/wp-json\/wp\/v2\/comments?post=32409"}],"version-history":[{"count":4,"href":"http:\/\/www.eloriente.net\/home\/wp-json\/wp\/v2\/posts\/32409\/revisions"}],"predecessor-version":[{"id":32415,"href":"http:\/\/www.eloriente.net\/home\/wp-json\/wp\/v2\/posts\/32409\/revisions\/32415"}],"wp:featuredmedia":[{"embeddable":true,"href":"http:\/\/www.eloriente.net\/home\/wp-json\/wp\/v2\/media\/32410"}],"wp:attachment":[{"href":"http:\/\/www.eloriente.net\/home\/wp-json\/wp\/v2\/media?parent=32409"}],"wp:term":[{"taxonomy":"category","embeddable":true,"href":"http:\/\/www.eloriente.net\/home\/wp-json\/wp\/v2\/categories?post=32409"},{"taxonomy":"post_tag","embeddable":true,"href":"http:\/\/www.eloriente.net\/home\/wp-json\/wp\/v2\/tags?post=32409"}],"curies":[{"name":"wp","href":"https:\/\/api.w.org\/{rel}","templated":true}]}}