{"id":32412,"date":"2014-09-19T12:26:55","date_gmt":"2014-09-19T18:26:55","guid":{"rendered":"http:\/\/www.eloriente.net\/home\/?p=32412"},"modified":"2014-09-19T12:26:55","modified_gmt":"2014-09-19T18:26:55","slug":"permacultura-universitaria-curso-de-huertos-urbanos","status":"publish","type":"post","link":"http:\/\/www.eloriente.net\/home\/2014\/09\/19\/permacultura-universitaria-curso-de-huertos-urbanos\/","title":{"rendered":"Permacultura Universitaria: Curso de Huertos Urbanos"},"content":{"rendered":"<p>eloriente.net \/ <a href=\"http:\/\/emprendedoressociale.wix.com\/inicio\">Emprendedores Sociales<\/a><\/p>\n<p>Permacultura Universitaria busca fomentar y desarrollar una cultura ambiental preponderante dentro de la Universidad Aut\u00f3noma \u201cBenito Ju\u00e1rez\u201d de Oaxaca, fomentar el desarrollo de la responsabilidad con el medio ambiente as\u00ed como el planteamiento de proyectos con responsabilidad ecol\u00f3gico-social que contribuyan al bienestar com\u00fan.<\/p>\n<p>El proyecto busca articular e involucrar al sector educativo, a la sociedad civil y que sensibilice a los j\u00f3venes universitarios y que pongan en pr\u00e1ctica sus conocimientos para solucionar problemas locales en materia de medio ambiente.<\/p>\n<p>El desarrollo del proyecto se enfoca en generar una Cultura Ambiental con el enfoque de la participaci\u00f3n de los j\u00f3venes de la Universidad Aut\u00f3noma \u00abBenito Ju\u00e1rez\u00bb de Oaxaca, en la cual mediante actividades te\u00f3ricas pr\u00e1cticas se gener\u00e9 una din\u00e1mica de apropiaci\u00f3n del proyecto por lo cual se brindar\u00e1 el primer taller de cultivo bio-intensivo.<\/p>\n<p>El objetivo del primer taller es lograr la capacitaci\u00f3n en el m\u00e9todo de cultivo bio-intesivo para trabajar, instalar y mantener un huerto universitario en la UABJO. A trav\u00e9s de 4 sesiones te\u00f3rico-pr\u00e1cticas las\/los participantes aprender\u00e1n las t\u00e9cnicas para preparar la tierra, elaborar distintos tipos de compostas, crear alm\u00e1cigos, sembrar, atacar plagas de manera natural y otras, con el fin de crear y preservar un huerto de y para las\/los estudiantes.<\/p>\n<p>A partir de esta experiencia quienes formen parte de este proceso tendr\u00e1n los conocimientos para replicar la creaci\u00f3n de otros huertos (caseros, comunitarios, escolares, etc.) y reflexionar sobre las posibilidades de la producci\u00f3n y el auto-consumo por dicho motivo invitamos a ser parte del huerto universitario.<\/p>\n<p>Requisitos:<br \/>\nSer estudiante regular de una de las licenciaturas de la UABJO;<br \/>\nComprometerse a asistir a las 4 sesiones en las fechas y horarios;<br \/>\nPuntualidad, tener actitud para el trabajo en equipo y ganas de aprender;<br \/>\nLlevar el material solicitado para cada sesi\u00f3n de trabajo.<\/p>\n<p>Lugar: Huerto Universitario (Atr\u00e1s del CEVIE)<br \/>\nFechas: S\u00e1bados 13, 20, 27 de septiembre y 11 de Octubre, 2014<br \/>\nHorario: de 9am a 4pm<br \/>\nEl taller ser\u00e1 gratuito a un grupo limitado de 25 personas.<\/p>\n<p>Con estas acciones j\u00f3venes universitarios buscamos mejorar temas en la soberan\u00eda alimentaria de nuestra localidad compartiendo la filosof\u00eda del autoconsumo as\u00ed como desarrollar una responsabilidad con el medio ambiente y tomar acciones en favor de nuestra comunidad.<\/p>\n<p>M\u00e1s informaci\u00f3n e inscripciones:<br \/>\nCharlynne Curiel: curiel.iis.uabjo@gmail.com<br \/>\nProfesora-Investigadora del IIS-UABJO<br \/>\nFacebook: Permacultura Universitaria<\/p>\n<p><a href=\"http:\/\/www.eloriente.net\/home\/wp-content\/uploads\/2014\/09\/Permacultura-Universitario.jpg\"><img loading=\"lazy\" decoding=\"async\" class=\"alignnone size-medium wp-image-32413\" title=\"Permacultura Universitario\" src=\"http:\/\/www.eloriente.net\/home\/wp-content\/uploads\/2014\/09\/Permacultura-Universitario-194x300.jpg\" alt=\"\" width=\"194\" height=\"300\" srcset=\"http:\/\/www.eloriente.net\/home\/wp-content\/uploads\/2014\/09\/Permacultura-Universitario-194x300.jpg 194w, http:\/\/www.eloriente.net\/home\/wp-content\/uploads\/2014\/09\/Permacultura-Universitario.jpg 582w\" sizes=\"(max-width: 194px) 100vw, 194px\" \/><\/a><\/p>\n<p><strong>Entradas relacionadas:\u00a0<\/strong><\/p>\n<p><a title=\"Permalink to Oaxaque\u00f1os seleccionados por la ONU para el desarrollo de pol\u00edticas p\u00fablicas\" href=\"http:\/\/www.eloriente.net\/home\/2014\/09\/19\/oaxaquenos-seleccionados-por-la-onu-para-el-desarrollo-de-politicas-publicas\/\" rel=\"bookmark\">Oaxaque\u00f1os seleccionados por la ONU para el desarrollo de pol\u00edticas p\u00fablicas<\/a><\/p>\n<p><a href=\"http:\/\/www.eloriente.net\/home\/2014\/09\/19\/oaxaquenos-seleccionados-por-la-onu-para-el-desarrollo-de-politicas-publicas\/\" rel=\"bookmark\"><img decoding=\"async\" title=\"Oaxaque\u00f1os seleccionados por la ONU para el desarrollo de pol\u00edticas p\u00fablicas\" src=\"http:\/\/www.eloriente.net\/home\/wp-content\/themes\/city-desk\/timthumb.php?src=http%3A%2F%2Fwww.eloriente.net%2Fhome%2Fwp-content%2Fuploads%2F2014%2F09%2FPNUD-JCVC-ESMX.jpg&amp;q=90&amp;w=160&amp;h=106&amp;zc=1\" alt=\"Oaxaque\u00f1os seleccionados por la ONU para el desarrollo de pol\u00edticas p\u00fablicas\" \/><\/a><\/p>\n<p>eloriente.net 19\/septiembre\/2014 El Programa de las Naciones Unidas para el Desarrollo (PNUD) en M\u00e9xico y el Instituto Nacional Electoral (INE) Seleccionaron 25 propuestas de todo M\u00e9xico de las cuales dos j\u00f3venes de la M\u00e1xima Casa de Estudios de fueron seleccionados para el Diplomado \u201cLiderazgos Juveniles para la Incidencia en Pol\u00edticas P\u00fablicas: Conceptos e Instrumentos\u201d que [&#8230;]<\/p>\n<p>September 19, 2014<\/p>\n<p><a title=\"Permalink to La nueva era: J\u00f3venes emprendedores ambiciosos\" href=\"http:\/\/www.eloriente.net\/home\/2014\/09\/14\/la-nueva-era-jovenes-emprendedores-ambiciosos\/\" rel=\"bookmark\">La nueva era: J\u00f3venes emprendedores ambiciosos<\/a><\/p>\n<p><a href=\"http:\/\/www.eloriente.net\/home\/2014\/09\/14\/la-nueva-era-jovenes-emprendedores-ambiciosos\/\" rel=\"bookmark\"><img decoding=\"async\" title=\"La nueva era: J\u00f3venes emprendedores ambiciosos\" src=\"http:\/\/www.eloriente.net\/home\/wp-content\/themes\/city-desk\/timthumb.php?src=http%3A%2F%2Fwww.eloriente.net%2Fhome%2Fwp-content%2Fuploads%2F2014%2F09%2Fn_20082014171318.jpg&amp;q=90&amp;w=160&amp;h=106&amp;zc=1\" alt=\"La nueva era: J\u00f3venes emprendedores ambiciosos\" \/><\/a><\/p>\n<p>eloriente.net 14\/septiembre\/2014 Por\u00a0Viridiana Mart\u00ednez M\u00e9ndez Mientras que muchos due\u00f1os de empresas se sienten orgullosos de definirse como emprendedores, el 90% de la gente cree que la palabra emprendedor tiene poco que ver con tomar una iniciativa empresarial y m\u00e1s con una\u00a0actitud mental. Esta idea de que \u201ct\u00fa eres lo que dices que eres\u201d est\u00e1 pegando [&#8230;]<\/p>\n<p>September 14, 2014<\/p>\n<p><a title=\"Permalink to \u00bfC\u00f3mo crear una empresa?\" href=\"http:\/\/www.eloriente.net\/home\/2014\/08\/31\/como-crear-una-empresa\/\" rel=\"bookmark\">\u00bfC\u00f3mo crear una empresa?<\/a><\/p>\n<p><a href=\"http:\/\/www.eloriente.net\/home\/2014\/08\/31\/como-crear-una-empresa\/\" rel=\"bookmark\"><img decoding=\"async\" title=\"\u00bfC\u00f3mo crear una empresa?\" src=\"http:\/\/www.eloriente.net\/home\/wp-content\/themes\/city-desk\/timthumb.php?src=http%3A%2F%2Fwww.eloriente.net%2Fhome%2Fwp-content%2Fuploads%2F2014%2F08%2FEmpresa.jpg&amp;q=90&amp;w=160&amp;h=106&amp;zc=1\" alt=\"\u00bfC\u00f3mo crear una empresa?\" \/><\/a><\/p>\n<p>eloriente.net 31\/agosto\/2014 Por:\u00a0Viridiana Mart\u00ednez M\u00e9ndez Todo emprendedor busca crear una empresa, ya sea por querer ser su propio jefe, imposibilidad de encontrar trabajo, tener una idea para poner en marcha, haber detectado una oportunidad, para mejorar la situaci\u00f3n econ\u00f3mica personal o simplemente por tradici\u00f3n familiar. Curiosamente se tiene el deseo o las ganas, pero en [&#8230;]<\/p>\n<p>August 31, 2014<\/p>\n\n\t\t\t  <div \n\t\t\t  \tclass = \"fb-comments\" \n\t\t\t  \tdata-href = \"http:\/\/www.eloriente.net\/home\/2014\/09\/19\/permacultura-universitaria-curso-de-huertos-urbanos\/\"\n\t\t\t  \tdata-numposts = \"10\"\n\t\t\t\tdata-colorscheme = \"dark\"\n\t\t\t\tdata-order-by = \"social\"\n\t\t\t\tdata-mobile=true>\n\t\t\t  <\/div>\n\t\t  <style>\n\t\t\t.fb_iframe_widget_fluid_desktop iframe {\n\t\t\t    width: 100% !important;\n\t\t\t}\n\t\t  <\/style>\n\t\t  ","protected":false},"excerpt":{"rendered":"<p>eloriente.net \/ Emprendedores Sociales Permacultura Universitaria busca fomentar y desarrollar una cultura ambiental preponderante dentro de la Universidad Aut\u00f3noma \u201cBenito Ju\u00e1rez\u201d de Oaxaca, fomentar el desarrollo de la responsabilidad con el medio ambiente as\u00ed como el planteamiento de proyectos con responsabilidad ecol\u00f3gico-social que contribuyan al bienestar com\u00fan. El proyecto busca articular e involucrar al sector [&hellip;]<\/p>\n","protected":false},"author":1,"featured_media":32413,"comment_status":"open","ping_status":"open","sticky":false,"template":"","format":"standard","meta":{"_jetpack_memberships_contains_paid_content":false,"footnotes":""},"categories":[32,10],"tags":[182],"class_list":["post-32412","post","type-post","status-publish","format-standard","has-post-thumbnail","hentry","category-entradas","category-lo-mas-reciente","tag-uabjo"],"jetpack_featured_media_url":"http:\/\/www.eloriente.net\/home\/wp-content\/uploads\/2014\/09\/Permacultura-Universitario.jpg","jetpack_sharing_enabled":true,"_links":{"self":[{"href":"http:\/\/www.eloriente.net\/home\/wp-json\/wp\/v2\/posts\/32412"}],"collection":[{"href":"http:\/\/www.eloriente.net\/home\/wp-json\/wp\/v2\/posts"}],"about":[{"href":"http:\/\/www.eloriente.net\/home\/wp-json\/wp\/v2\/types\/post"}],"author":[{"embeddable":true,"href":"http:\/\/www.eloriente.net\/home\/wp-json\/wp\/v2\/users\/1"}],"replies":[{"embeddable":true,"href":"http:\/\/www.eloriente.net\/home\/wp-json\/wp\/v2\/comments?post=32412"}],"version-history":[{"count":1,"href":"http:\/\/www.eloriente.net\/home\/wp-json\/wp\/v2\/posts\/32412\/revisions"}],"predecessor-version":[{"id":32414,"href":"http:\/\/www.eloriente.net\/home\/wp-json\/wp\/v2\/posts\/32412\/revisions\/32414"}],"wp:featuredmedia":[{"embeddable":true,"href":"http:\/\/www.eloriente.net\/home\/wp-json\/wp\/v2\/media\/32413"}],"wp:attachment":[{"href":"http:\/\/www.eloriente.net\/home\/wp-json\/wp\/v2\/media?parent=32412"}],"wp:term":[{"taxonomy":"category","embeddable":true,"href":"http:\/\/www.eloriente.net\/home\/wp-json\/wp\/v2\/categories?post=32412"},{"taxonomy":"post_tag","embeddable":true,"href":"http:\/\/www.eloriente.net\/home\/wp-json\/wp\/v2\/tags?post=32412"}],"curies":[{"name":"wp","href":"https:\/\/api.w.org\/{rel}","templated":true}]}}