{"id":32420,"date":"2014-09-19T15:21:38","date_gmt":"2014-09-19T21:21:38","guid":{"rendered":"http:\/\/www.eloriente.net\/home\/?p=32420"},"modified":"2014-09-19T15:21:38","modified_gmt":"2014-09-19T21:21:38","slug":"saldo-de-megasimulacro-en-el-poder-judicial","status":"publish","type":"post","link":"http:\/\/www.eloriente.net\/home\/2014\/09\/19\/saldo-de-megasimulacro-en-el-poder-judicial\/","title":{"rendered":"Saldo de megasimulacro en el  Poder Judicial"},"content":{"rendered":"<p>eloriente.net \/ <a href=\"http:\/\/www.tribunaloax.gob.mx\/\" target=\"_blank\">Tribunal Superior de Justicia<\/a><\/p>\n<p>\u00b7 M\u00e1s de 80 brigadistas activaron protocolos de seguridad para garantizar la seguridad de los trabajadores de TSJ, Consejo de la Judicatura y Cendi<\/p>\n<p>Para fortalecer las acciones de prevenci\u00f3n y protecci\u00f3n civil que permitan reducir el n\u00famero de accidentes y fallecimientos en caso de sismo, el Poder Judicial del Estado se sum\u00f3 este viernes al megasimulacro organizado en todo el pa\u00eds en el marco del D\u00eda Nacional de Protecci\u00f3n Civil y con motivo del 29 aniversario del terremoto ocurrido el 19 de septiembre de 1985 en la ciudad de M\u00e9xico.<\/p>\n<p>M\u00e1s de 80 brigadistas judiciales coordinaron las acciones de evacuaci\u00f3n, resguardo en puntos de seguridad, as\u00ed como la valoraci\u00f3n de da\u00f1os y p\u00e9rdidas en los edificios del Tribunal Superior de Justicia, el Consejo de la Judicatura y el Centro de Desarrollo Infantil (CENDI) adscrito a la instituci\u00f3n, que fueron desalojados en un tiempo de tres minutos.<\/p>\n<p>Con la activaci\u00f3n de la alarma, los trabajadores salieron de sus \u00e1reas de trabajo y se concentraron en los puntos de reuni\u00f3n ubicados en \u00e1reas estrat\u00e9gicas de seguridad, mientras personal capacitado en materia de protecci\u00f3n civil, evacuaci\u00f3n, primeros auxilios, b\u00fasqueda y rescate, infraestructura, combate de incendios y jefes de piso activaron los protocolos para garantizar tambi\u00e9n la integridad f\u00edsica de los menores de edad, personas de la tercera edad y con alguna discapacidad.<\/p>\n<p>Al dar a conocer el saldo del temblor hipot\u00e9tico, la Unidad de Protecci\u00f3n Civil de la Direcci\u00f3n de Infraestructura Judicial inform\u00f3 que en total fueron desalojados de los edificios 534 personas y otras 70 m\u00e1s del Centro de Desarrollo Infantil entre ni\u00f1os y personal educativo, adem\u00e1s de que se registraron tres fallecidos, cuatro trabajadores con crisis nerviosa y tres heridos.<\/p>\n<p>Para el Poder Judicial es fundamental llevar a cabo este tipo de pr\u00e1cticas ya que de esta forma se fortalece la cultura de la prevenci\u00f3n y es posible evaluar la preparaci\u00f3n y reacci\u00f3n de las personas ante contingencias como los sismo de gran magnitud.<\/p>\n<p><a href=\"http:\/\/www.eloriente.net\/home\/wp-content\/uploads\/2014\/09\/Brigadistas-del-Poder-Judicial-del-Estado.jpg\"><img loading=\"lazy\" decoding=\"async\" class=\"alignnone size-medium wp-image-32421\" title=\"Brigadistas del Poder Judicial del Estado\" src=\"http:\/\/www.eloriente.net\/home\/wp-content\/uploads\/2014\/09\/Brigadistas-del-Poder-Judicial-del-Estado-300x215.jpg\" alt=\"\" width=\"300\" height=\"215\" srcset=\"http:\/\/www.eloriente.net\/home\/wp-content\/uploads\/2014\/09\/Brigadistas-del-Poder-Judicial-del-Estado-300x215.jpg 300w, http:\/\/www.eloriente.net\/home\/wp-content\/uploads\/2014\/09\/Brigadistas-del-Poder-Judicial-del-Estado.jpg 1024w\" sizes=\"(max-width: 300px) 100vw, 300px\" \/><\/a><\/p>\n<p>Foto: TSJ<\/p>\n<p><strong>M\u00e1s entradas:<\/strong><\/p>\n<p><a title=\"Permalink to Permacultura Universitaria: Curso de Huertos Urbanos\" href=\"http:\/\/www.eloriente.net\/home\/2014\/09\/19\/permacultura-universitaria-curso-de-huertos-urbanos\/\" rel=\"bookmark\">Permacultura Universitaria: Curso de Huertos Urbanos<\/a><\/p>\n<p><a href=\"http:\/\/www.eloriente.net\/home\/2014\/09\/19\/permacultura-universitaria-curso-de-huertos-urbanos\/\" rel=\"bookmark\"><img decoding=\"async\" title=\"Permacultura Universitaria: Curso de Huertos Urbanos\" src=\"http:\/\/www.eloriente.net\/home\/wp-content\/themes\/city-desk\/timthumb.php?src=http%3A%2F%2Fwww.eloriente.net%2Fhome%2Fwp-content%2Fuploads%2F2014%2F09%2FPermacultura-Universitario.jpg&amp;q=90&amp;w=160&amp;h=106&amp;zc=1\" alt=\"Permacultura Universitaria: Curso de Huertos Urbanos\" \/><\/a><\/p>\n<p>eloriente.net \/ Emprendedores Sociales Permacultura Universitaria busca fomentar y desarrollar una cultura ambiental preponderante dentro de la Universidad Aut\u00f3noma \u201cBenito Ju\u00e1rez\u201d de Oaxaca, fomentar el desarrollo de la responsabilidad con el medio ambiente as\u00ed como el planteamiento de proyectos con responsabilidad ecol\u00f3gico-social que contribuyan al bienestar com\u00fan. El proyecto busca articular e involucrar al sector [&#8230;]<\/p>\n<p>September 19, 2014<\/p>\n<div id=\"post-32409\">\n<p><a title=\"Permalink to Oaxaque\u00f1os seleccionados por la ONU para el desarrollo de pol\u00edticas p\u00fablicas\" href=\"http:\/\/www.eloriente.net\/home\/2014\/09\/19\/oaxaquenos-seleccionados-por-la-onu-para-el-desarrollo-de-politicas-publicas\/\" rel=\"bookmark\">Oaxaque\u00f1os seleccionados por la ONU para el desarrollo de pol\u00edticas p\u00fablicas<\/a><\/p>\n<p><a href=\"http:\/\/www.eloriente.net\/home\/2014\/09\/19\/oaxaquenos-seleccionados-por-la-onu-para-el-desarrollo-de-politicas-publicas\/\" rel=\"bookmark\"><img decoding=\"async\" title=\"Oaxaque\u00f1os seleccionados por la ONU para el desarrollo de pol\u00edticas p\u00fablicas\" src=\"http:\/\/www.eloriente.net\/home\/wp-content\/themes\/city-desk\/timthumb.php?src=http%3A%2F%2Fwww.eloriente.net%2Fhome%2Fwp-content%2Fuploads%2F2014%2F09%2FPNUD-JCVC-ESMX.jpg&amp;q=90&amp;w=160&amp;h=106&amp;zc=1\" alt=\"Oaxaque\u00f1os seleccionados por la ONU para el desarrollo de pol\u00edticas p\u00fablicas\" \/><\/a><\/p>\n<p>eloriente.net \/\u00a0Emprendedores Sociales 19\/septiembre\/2014 El Programa de las Naciones Unidas para el Desarrollo (PNUD) en M\u00e9xico y el Instituto Nacional Electoral (INE) Seleccionaron 25 propuestas de todo M\u00e9xico de las cuales dos j\u00f3venes de la M\u00e1xima Casa de Estudios de fueron seleccionados para el Diplomado \u201cLiderazgos Juveniles para la Incidencia en Pol\u00edticas P\u00fablicas: Conceptos e [&#8230;]<\/p>\n<p>September 19, 2014<\/p>\n<\/div>\n<div id=\"post-32407\">\n<p><a title=\"Permalink to CORTV: directivos hacen indeseable a TV oficial\" href=\"http:\/\/www.eloriente.net\/home\/2014\/09\/19\/cortv-directivos-hacen-indeseable-a-tv-oficial\/\" rel=\"bookmark\">CORTV: directivos hacen indeseable a TV oficial<\/a><\/p>\n<p><a href=\"http:\/\/www.eloriente.net\/home\/2014\/09\/19\/cortv-directivos-hacen-indeseable-a-tv-oficial\/\" rel=\"bookmark\"><img decoding=\"async\" title=\"CORTV: directivos hacen indeseable a TV oficial\" src=\"http:\/\/www.eloriente.net\/home\/wp-content\/themes\/city-desk\/timthumb.php?src=http%3A%2F%2Fwww.eloriente.net%2Fhome%2Fwp-content%2Fuploads%2F2014%2F04%2FIntersecciones-Por-CORTV.jpg&amp;q=90&amp;w=160&amp;h=106&amp;zc=1\" alt=\"CORTV: directivos hacen indeseable a TV oficial\" \/><\/a><\/p>\n<p>eloriente.net 19\/septiembre\/2014 Por\u00a0Adri\u00e1n Ortiz Romero Demuestran su sometimiento e inconsciencia Durante el Desfile C\u00edvico-Militar del 16 de septiembre en Oaxaca, la Corporaci\u00f3n Oaxaque\u00f1a de Radio y Televisi\u00f3n (CORTV) decidi\u00f3 interrumpir la transmisi\u00f3n para evitar que aparecieran, en las pantallas de sus televidentes, im\u00e1genes de las protestas que realizan empleados y elementos de la Secretar\u00eda de [&#8230;]<\/p>\n<p>September 19, 2014<\/p>\n<\/div>\n<p>&nbsp;<\/p>\n\n\t\t\t  <div \n\t\t\t  \tclass = \"fb-comments\" \n\t\t\t  \tdata-href = \"http:\/\/www.eloriente.net\/home\/2014\/09\/19\/saldo-de-megasimulacro-en-el-poder-judicial\/\"\n\t\t\t  \tdata-numposts = \"10\"\n\t\t\t\tdata-colorscheme = \"dark\"\n\t\t\t\tdata-order-by = \"social\"\n\t\t\t\tdata-mobile=true>\n\t\t\t  <\/div>\n\t\t  <style>\n\t\t\t.fb_iframe_widget_fluid_desktop iframe {\n\t\t\t    width: 100% !important;\n\t\t\t}\n\t\t  <\/style>\n\t\t  ","protected":false},"excerpt":{"rendered":"<p>eloriente.net \/ Tribunal Superior de Justicia \u00b7 M\u00e1s de 80 brigadistas activaron protocolos de seguridad para garantizar la seguridad de los trabajadores de TSJ, Consejo de la Judicatura y Cendi Para fortalecer las acciones de prevenci\u00f3n y protecci\u00f3n civil que permitan reducir el n\u00famero de accidentes y fallecimientos en caso de sismo, el Poder Judicial [&hellip;]<\/p>\n","protected":false},"author":1,"featured_media":32422,"comment_status":"open","ping_status":"open","sticky":false,"template":"","format":"standard","meta":{"_jetpack_memberships_contains_paid_content":false,"footnotes":""},"categories":[1588,32,10],"tags":[225],"class_list":["post-32420","post","type-post","status-publish","format-standard","has-post-thumbnail","hentry","category-comunicados-y-boletines","category-entradas","category-lo-mas-reciente","tag-tsj"],"jetpack_featured_media_url":"http:\/\/www.eloriente.net\/home\/wp-content\/uploads\/2014\/09\/Brigadistas-del-Poder-Judicial-del-Estado1.jpg","jetpack_sharing_enabled":true,"_links":{"self":[{"href":"http:\/\/www.eloriente.net\/home\/wp-json\/wp\/v2\/posts\/32420"}],"collection":[{"href":"http:\/\/www.eloriente.net\/home\/wp-json\/wp\/v2\/posts"}],"about":[{"href":"http:\/\/www.eloriente.net\/home\/wp-json\/wp\/v2\/types\/post"}],"author":[{"embeddable":true,"href":"http:\/\/www.eloriente.net\/home\/wp-json\/wp\/v2\/users\/1"}],"replies":[{"embeddable":true,"href":"http:\/\/www.eloriente.net\/home\/wp-json\/wp\/v2\/comments?post=32420"}],"version-history":[{"count":2,"href":"http:\/\/www.eloriente.net\/home\/wp-json\/wp\/v2\/posts\/32420\/revisions"}],"predecessor-version":[{"id":32424,"href":"http:\/\/www.eloriente.net\/home\/wp-json\/wp\/v2\/posts\/32420\/revisions\/32424"}],"wp:featuredmedia":[{"embeddable":true,"href":"http:\/\/www.eloriente.net\/home\/wp-json\/wp\/v2\/media\/32422"}],"wp:attachment":[{"href":"http:\/\/www.eloriente.net\/home\/wp-json\/wp\/v2\/media?parent=32420"}],"wp:term":[{"taxonomy":"category","embeddable":true,"href":"http:\/\/www.eloriente.net\/home\/wp-json\/wp\/v2\/categories?post=32420"},{"taxonomy":"post_tag","embeddable":true,"href":"http:\/\/www.eloriente.net\/home\/wp-json\/wp\/v2\/tags?post=32420"}],"curies":[{"name":"wp","href":"https:\/\/api.w.org\/{rel}","templated":true}]}}