{"id":32465,"date":"2014-09-22T09:58:32","date_gmt":"2014-09-22T15:58:32","guid":{"rendered":"http:\/\/www.eloriente.net\/home\/?p=32465"},"modified":"2014-09-22T12:51:15","modified_gmt":"2014-09-22T18:51:15","slug":"guia-de-apoyo-a-personas-con-discapacidad","status":"publish","type":"post","link":"http:\/\/www.eloriente.net\/home\/2014\/09\/22\/guia-de-apoyo-a-personas-con-discapacidad\/","title":{"rendered":"Gu\u00eda de apoyo a personas con discapacidad"},"content":{"rendered":"<p>eloriente.net \/ <a href=\"www.tribunaloax.gob.mx\" target=\"_blank\">Tribunal Superior de Justicia<\/a><\/p>\n<p>22\/septiembre\/2014<\/p>\n<p>\u2022 Es necesario un cambio en la cultura jur\u00eddica que garantice a este sector de la poblaci\u00f3n una mejor atenci\u00f3n, afirm\u00f3 el magistrado Alfredo Lagunas Rivera<\/p>\n<p>En Oaxaca las personas con discapacidad deben tener el reconocimiento como sujetos plenos ante la ley, lo que hace necesario un cambio en la cultura jur\u00eddica que garantice a este sector de la poblaci\u00f3n el respeto a sus derechos humanos y desaparezca cualquier tipo de discriminaci\u00f3n, afirm\u00f3 el titular del Poder Judicial del Estado, magistrado Alfredo Rodrigo Lagunas Rivera.<\/p>\n<p>Al dar a conocer que el Consejo de la Judicatura integr\u00f3 una \u201cGu\u00eda de acciones para apoyar a personas con discapacidad\u201d, puntualiz\u00f3 que a trav\u00e9s de esta herramienta se pretende que los servidores p\u00fablicos de los \u00f3rganos jurisdiccionales en toda la entidad adopten medidas que mejoren la atenci\u00f3n a este sector de la poblaci\u00f3n y se sensibilicen en el tema.<\/p>\n<p>Mencion\u00f3 que entre los aspectos que se establecen en el documento, se encuentran el trato tolerante y paciente que deben recibir las personas que caminan despacio, utilizan muletas o se trasladan en sillas de ruedas; sufren de alguna debilidad visual o auditiva; presentan limitaciones de comprensi\u00f3n o dificultades para hablar y el respeto a su individualidad y autonom\u00eda.<\/p>\n<p>Agreg\u00f3 que las instituciones de impartici\u00f3n de justicia en M\u00e9xico, tienen la obligaci\u00f3n de garantizar el pleno ejercicio y sin discriminaci\u00f3n de los derechos y libertades fundamentales, adem\u00e1s de hacer efectivo el principio de igualdad, tal como lo establecen los art\u00edculos 1, 4 y 133 de la Constituci\u00f3n Pol\u00edtica de los Estados Unidos Mexicanos y las convenciones internacionales relativas a la materia.<\/p>\n<p>Cabe se\u00f1alar que la gu\u00eda, aprobada por el Pleno del Consejo de la Judicatura a propuesta de la Comisi\u00f3n de Implementaci\u00f3n de Reformas Judiciales que preside la consejera Elsa Ang\u00e9lica Alejo Torres, plantea principios y pr\u00e1cticas b\u00e1sicas para que los servidores p\u00fablicos judiciales sepan qu\u00e9 hacer y c\u00f3mo atender a las personas con discapacidad f\u00edsica o motriz, sensorial, intelectual y mental, para lograr la efectividad de los procesos judiciales en los que est\u00e1n implicados.<\/p>\n<p>Asimismo, dentro de su marco normativo contempla principios de instrumentos regionales e internacionales como la Convenci\u00f3n sobre los Derechos de las Personas con Discapacidad, el Protocolo Facultativo sobre los Derechos de las Personas con Discapacidad y de la Convenci\u00f3n Interamericana para la Eliminaci\u00f3n de Todas las Formas de Discriminaci\u00f3n contra las Personas con Discapacidad.<\/p>\n<p>De la misma forma considera aspectos de ordenamientos como la Ley Federal para Prevenir y Eliminar la Discriminaci\u00f3n, la Ley General para la Inclusi\u00f3n y Desarrollo de las Personas con Discapacidad, la Ley para Atender, Prevenir y Eliminar la Discriminaci\u00f3n en el Estado de Oaxaca y la Ley de Atenci\u00f3n a Personas con Discapacidad del Estado de Oaxaca.<\/p>\n<p><a href=\"http:\/\/www.eloriente.net\/home\/wp-content\/uploads\/2014\/09\/Magistrado-Alfredo-Rodrigo-Lagunas-Rivera1.jpg\"><img loading=\"lazy\" decoding=\"async\" class=\"alignnone size-medium wp-image-32466\" src=\"http:\/\/www.eloriente.net\/home\/wp-content\/uploads\/2014\/09\/Magistrado-Alfredo-Rodrigo-Lagunas-Rivera1-200x300.jpg\" alt=\"\" width=\"200\" height=\"300\" srcset=\"http:\/\/www.eloriente.net\/home\/wp-content\/uploads\/2014\/09\/Magistrado-Alfredo-Rodrigo-Lagunas-Rivera1-200x300.jpg 200w, http:\/\/www.eloriente.net\/home\/wp-content\/uploads\/2014\/09\/Magistrado-Alfredo-Rodrigo-Lagunas-Rivera1-682x1024.jpg 682w, http:\/\/www.eloriente.net\/home\/wp-content\/uploads\/2014\/09\/Magistrado-Alfredo-Rodrigo-Lagunas-Rivera1-1024x1536.jpg 1024w\" sizes=\"(max-width: 200px) 100vw, 200px\" \/><\/a><\/p>\n<p>Foto: TSJ<\/p>\n<p><strong>Entradas relacionadas:<\/strong><\/p>\n<p><a title=\"Permalink to Saldo de megasimulacro en el  Poder Judicial\" href=\"http:\/\/www.eloriente.net\/home\/2014\/09\/19\/saldo-de-megasimulacro-en-el-poder-judicial\/\" rel=\"bookmark\">Saldo de megasimulacro en el Poder Judicial<\/a><\/p>\n<p><a href=\"http:\/\/www.eloriente.net\/home\/2014\/09\/19\/saldo-de-megasimulacro-en-el-poder-judicial\/\" rel=\"bookmark\"><img decoding=\"async\" src=\"http:\/\/www.eloriente.net\/home\/wp-content\/themes\/city-desk\/timthumb.php?src=http%3A%2F%2Fwww.eloriente.net%2Fhome%2Fwp-content%2Fuploads%2F2014%2F09%2FBrigadistas-del-Poder-Judicial-del-Estado1.jpg&amp;q=90&amp;w=160&amp;h=106&amp;zc=1\" alt=\"Saldo de megasimulacro en el  Poder Judicial\" \/><\/a><\/p>\n<p>eloriente.net \/ Tribunal Superior de Justicia \u00b7 M\u00e1s de 80 brigadistas activaron protocolos de seguridad para garantizar la seguridad de los trabajadores de TSJ, Consejo de la Judicatura y Cendi Para fortalecer las acciones de prevenci\u00f3n y protecci\u00f3n civil que permitan reducir el n\u00famero de accidentes y fallecimientos en caso de sismo, el Poder Judicial [&#8230;]<\/p>\n<p>September 19, 2014<\/p>\n<div>\n<p><a title=\"Permalink to Propone Poder Judicial nueva reforma al C\u00f3digo Civil del Estado\" href=\"http:\/\/www.eloriente.net\/home\/2014\/09\/18\/propone-poder-judicial-nueva-reforma-al-codigo-civil-del-estado\/\" rel=\"bookmark\">Propone Poder Judicial nueva reforma al C\u00f3digo Civil del Estado<\/a><\/p>\n<p><a href=\"http:\/\/www.eloriente.net\/home\/2014\/09\/18\/propone-poder-judicial-nueva-reforma-al-codigo-civil-del-estado\/\" rel=\"bookmark\"><img decoding=\"async\" src=\"http:\/\/www.eloriente.net\/home\/wp-content\/themes\/city-desk\/timthumb.php?src=http%3A%2F%2Fwww.eloriente.net%2Fhome%2Fwp-content%2Fuploads%2F2014%2F09%2FDiputados-recibieron-del-titular-del-PJO-iniciativa-con-proyecto-de-decreto-T.jpg&amp;q=90&amp;w=160&amp;h=106&amp;zc=1\" alt=\"Propone Poder Judicial nueva reforma al C\u00f3digo Civil del Estado\" \/><\/a><\/p>\n<p>eloriente.net \/ Tribunal Superior de Justicia \u2022 El proyecto contempla el uso de nuevas tecnolog\u00edas para agilizar los procedimientos judiciales en materia civil, familiar y mercantil El titular del Poder Judicial, magistrado Alfredo Rodrigo Lagunas Rivera entreg\u00f3 a la Sexag\u00e9sima Segunda Legislatura del Congreso del Estado, una iniciativa con proyecto de decreto por la que [&#8230;]<\/p>\n<p>September 18, 2014<\/p>\n<\/div>\n<div>\n<p><a title=\"Permalink to Nuevo juzgado familiar en la regi\u00f3n de la Cuenca\" href=\"http:\/\/www.eloriente.net\/home\/2014\/09\/17\/nuevo-juzgado-familiar-en-la-region-de-la-cuenca\/\" rel=\"bookmark\">Nuevo juzgado familiar en la regi\u00f3n de la Cuenca<\/a><\/p>\n<p><a href=\"http:\/\/www.eloriente.net\/home\/2014\/09\/17\/nuevo-juzgado-familiar-en-la-region-de-la-cuenca\/\" rel=\"bookmark\"><img decoding=\"async\" src=\"http:\/\/www.eloriente.net\/home\/wp-content\/themes\/city-desk\/timthumb.php?src=http%3A%2F%2Fwww.eloriente.net%2Fhome%2Fwp-content%2Fuploads%2F2014%2F09%2FTitular-del-PJO-magistrado-Alfredo-Lagunas-Rivera-e1410991973704.jpg&amp;q=90&amp;w=160&amp;h=106&amp;zc=1\" alt=\"Nuevo juzgado familiar en la regi\u00f3n de la Cuenca\" \/><\/a><\/p>\n<p>elorient.ente \/ Tribunal Superior de Justicia 17\/septiembre\/2014 El \u00f3rgano de nueva creaci\u00f3n ayudar\u00e1 a disminuir la carga de trabajo del juzgado familiar existente, inform\u00f3 el titular del Poder Judicial, magistrado Alfredo Lagunas Rivera Ante el alto n\u00famero de asuntos y solicitudes que de los servicios de impartici\u00f3n de justicia en el \u00e1mbito familiar registra la [&#8230;]<\/p>\n<p>September 17, 2014<\/p>\n<\/div>\n\n\t\t\t  <div \n\t\t\t  \tclass = \"fb-comments\" \n\t\t\t  \tdata-href = \"http:\/\/www.eloriente.net\/home\/2014\/09\/22\/guia-de-apoyo-a-personas-con-discapacidad\/\"\n\t\t\t  \tdata-numposts = \"10\"\n\t\t\t\tdata-colorscheme = \"dark\"\n\t\t\t\tdata-order-by = \"social\"\n\t\t\t\tdata-mobile=true>\n\t\t\t  <\/div>\n\t\t  <style>\n\t\t\t.fb_iframe_widget_fluid_desktop iframe {\n\t\t\t    width: 100% !important;\n\t\t\t}\n\t\t  <\/style>\n\t\t  ","protected":false},"excerpt":{"rendered":"<p>eloriente.net \/ Tribunal Superior de Justicia 22\/septiembre\/2014 \u2022 Es necesario un cambio en la cultura jur\u00eddica que garantice a este sector de la poblaci\u00f3n una mejor atenci\u00f3n, afirm\u00f3 el magistrado Alfredo Lagunas Rivera En Oaxaca las personas con discapacidad deben tener el reconocimiento como sujetos plenos ante la ley, lo que hace necesario un cambio [&hellip;]<\/p>\n","protected":false},"author":1,"featured_media":32466,"comment_status":"open","ping_status":"open","sticky":false,"template":"","format":"standard","meta":{"_jetpack_memberships_contains_paid_content":false,"footnotes":""},"categories":[91,32,10],"tags":[225],"class_list":["post-32465","post","type-post","status-publish","format-standard","has-post-thumbnail","hentry","category-congreso-y-justicia","category-entradas","category-lo-mas-reciente","tag-tsj"],"jetpack_featured_media_url":"http:\/\/www.eloriente.net\/home\/wp-content\/uploads\/2014\/09\/Magistrado-Alfredo-Rodrigo-Lagunas-Rivera1.jpg","jetpack_sharing_enabled":true,"_links":{"self":[{"href":"http:\/\/www.eloriente.net\/home\/wp-json\/wp\/v2\/posts\/32465"}],"collection":[{"href":"http:\/\/www.eloriente.net\/home\/wp-json\/wp\/v2\/posts"}],"about":[{"href":"http:\/\/www.eloriente.net\/home\/wp-json\/wp\/v2\/types\/post"}],"author":[{"embeddable":true,"href":"http:\/\/www.eloriente.net\/home\/wp-json\/wp\/v2\/users\/1"}],"replies":[{"embeddable":true,"href":"http:\/\/www.eloriente.net\/home\/wp-json\/wp\/v2\/comments?post=32465"}],"version-history":[{"count":3,"href":"http:\/\/www.eloriente.net\/home\/wp-json\/wp\/v2\/posts\/32465\/revisions"}],"predecessor-version":[{"id":32475,"href":"http:\/\/www.eloriente.net\/home\/wp-json\/wp\/v2\/posts\/32465\/revisions\/32475"}],"wp:featuredmedia":[{"embeddable":true,"href":"http:\/\/www.eloriente.net\/home\/wp-json\/wp\/v2\/media\/32466"}],"wp:attachment":[{"href":"http:\/\/www.eloriente.net\/home\/wp-json\/wp\/v2\/media?parent=32465"}],"wp:term":[{"taxonomy":"category","embeddable":true,"href":"http:\/\/www.eloriente.net\/home\/wp-json\/wp\/v2\/categories?post=32465"},{"taxonomy":"post_tag","embeddable":true,"href":"http:\/\/www.eloriente.net\/home\/wp-json\/wp\/v2\/tags?post=32465"}],"curies":[{"name":"wp","href":"https:\/\/api.w.org\/{rel}","templated":true}]}}