{"id":32493,"date":"2014-09-22T15:43:14","date_gmt":"2014-09-22T21:43:14","guid":{"rendered":"http:\/\/www.eloriente.net\/home\/?p=32493"},"modified":"2014-09-22T15:43:14","modified_gmt":"2014-09-22T21:43:14","slug":"francisco-cespedes-en-la-uabjo","status":"publish","type":"post","link":"http:\/\/www.eloriente.net\/home\/2014\/09\/22\/francisco-cespedes-en-la-uabjo\/","title":{"rendered":"Francisco C\u00e9spedes en la UABJO"},"content":{"rendered":"<p>eloriente.net \/ <a href=\"http:\/\/www.uabjo.mx\/\" target=\"_blank\">UABJO<\/a><\/p>\n<p>22\/septiembre\/2014<\/p>\n<p>\u2022 Con este evento, la Fundaci\u00f3n UABJO fortalece su programa de becas alimentarias.<\/p>\n<p>Con el prop\u00f3sito de incrementar el n\u00famero de becas alimentarias destinadas a estudiantes que se encuentran en situaci\u00f3n econ\u00f3mica vulnerable e inscritos en las diferentes licenciaturas de la nuestra M\u00e1xima Casa de Estudios, la Fundaci\u00f3n UABJO anuncia la presentaci\u00f3n del cantautor cubano Francisco C\u00e9spedes, con su exitosa gira \u201cTodav\u00eda\u201d.<\/p>\n<p>Este evento forma parte del Programa \u201cBuena m\u00fasica, buena vibra en la UABJO\u201d de la Fundaci\u00f3n cuyo prop\u00f3sito es realizar actos art\u00edstico-culturales para acercar a la comunidad universitaria a estas expresiones, como fomento a la cultura general.<\/p>\n<p>En este sentido, la directora ejecutiva de la Fundaci\u00f3n, Mayra Mendoza Solano dio a conocer que por medio de este programa se han otorgado becas alimentarias a decenas de estudiantes, con el firme prop\u00f3sito de coadyuvar de manera positiva en su formaci\u00f3n acad\u00e9mica y de cierto modo abatir los problemas de rezago educativo en la entidad.<\/p>\n<p>Al respecto, Mendoza Solano indic\u00f3 que la autosuficiencia y sustentabilidad de la Fundaci\u00f3n permitieron realizar esta inversi\u00f3n de la cual esperan obtener recursos suficientes para aumentar el n\u00famero de becas otorgadas, por lo que la administraci\u00f3n universitaria encabezada por el rector Eduardo Mart\u00ednez Helmes, no aport\u00f3 un solo centavo para la realizaci\u00f3n de este evento.<\/p>\n<p>El concierto se llevar\u00e1 a cabo el pr\u00f3ximo jueves 16 de octubre en la explanada principal de rector\u00eda, a las 19:00 horas, donde se espera se d\u00e9 cita la comunidad universitaria, as\u00ed como el p\u00fablico en general.<br \/>\nAs\u00ed que en la Universidad se vestir\u00e1 de gala en los pr\u00f3ximos d\u00edas con la presencia del compositor y cantante Francisco C\u00e9spedes, quien compartir\u00e1 su m\u00fasica en los diversos estilos en los que destaca el bolero, jazz, baladas y hasta un toque de pop. Cabe mencionar que se contar\u00e1 con la participaci\u00f3n de la cantante oaxaque\u00f1a Vanessa, orgullosamente egresada de nuestra universidad, como artista invitada para abrir el concierto.<\/p>\n<p>As\u00ed pues la Fundaci\u00f3n UABJO, hace extensiva la invitaci\u00f3n a la sociedad en general, empresarios, instituciones, asociaciones y fundaciones, a que apoyen este evento y adquieran sus boletos para asistir al concierto en apoyo al rendimiento escolar de los j\u00f3venes universitarios.<\/p>\n<p>Los puntos de venta de boletos ser\u00e1n: oficinas de la fundaci\u00f3n, ubicadas en el edificio B de rector\u00eda planta alta, en un horario de 9:00 a 16:00 horas de lunes a viernes. As\u00ed tambi\u00e9n en el Edificio Central de la Facultad de Derecho, ubicado en Independencia esquina con el andador tur\u00edstico Macedonio Alcal\u00e1, en un horario de 16:30 a 19:30 horas de lunes a viernes. Otros puntos de venta se ubicar\u00e1n solo en s\u00e1bados y domingos en un horario de 11:00 a 18:00 horas en las principales plazas comerciales de la ciudad.<\/p>\n<p><a href=\"http:\/\/www.eloriente.net\/home\/wp-content\/uploads\/2014\/09\/221.jpg\"><img loading=\"lazy\" decoding=\"async\" class=\"alignnone size-medium wp-image-32494\" title=\"22(1)\" src=\"http:\/\/www.eloriente.net\/home\/wp-content\/uploads\/2014\/09\/221-300x200.jpg\" alt=\"\" width=\"300\" height=\"200\" srcset=\"http:\/\/www.eloriente.net\/home\/wp-content\/uploads\/2014\/09\/221-300x200.jpg 300w, http:\/\/www.eloriente.net\/home\/wp-content\/uploads\/2014\/09\/221-1024x682.jpg 1024w\" sizes=\"(max-width: 300px) 100vw, 300px\" \/><\/a><\/p>\n<p>Foto: UABJO<\/p>\n<p><strong>Entradas relacionadas:<\/strong><\/p>\n<p><a title=\"Permalink to Permacultura Universitaria: Curso de Huertos Urbanos\" href=\"http:\/\/www.eloriente.net\/home\/2014\/09\/19\/permacultura-universitaria-curso-de-huertos-urbanos\/\" rel=\"bookmark\">Permacultura Universitaria: Curso de Huertos Urbanos<\/a><\/p>\n<p><a href=\"http:\/\/www.eloriente.net\/home\/2014\/09\/19\/permacultura-universitaria-curso-de-huertos-urbanos\/\" rel=\"bookmark\"><img decoding=\"async\" title=\"Permacultura Universitaria: Curso de Huertos Urbanos\" src=\"http:\/\/www.eloriente.net\/home\/wp-content\/themes\/city-desk\/timthumb.php?src=http%3A%2F%2Fwww.eloriente.net%2Fhome%2Fwp-content%2Fuploads%2F2014%2F09%2FPermacultura-Universitario.jpg&amp;q=90&amp;w=160&amp;h=106&amp;zc=1\" alt=\"Permacultura Universitaria: Curso de Huertos Urbanos\" \/><\/a><\/p>\n<p>eloriente.net \/ Emprendedores Sociales Permacultura Universitaria busca fomentar y desarrollar una cultura ambiental preponderante dentro de la Universidad Aut\u00f3noma \u201cBenito Ju\u00e1rez\u201d de Oaxaca, fomentar el desarrollo de la responsabilidad con el medio ambiente as\u00ed como el planteamiento de proyectos con responsabilidad ecol\u00f3gico-social que contribuyan al bienestar com\u00fan. El proyecto busca articular e involucrar al sector [&#8230;]<\/p>\n<p>September 19, 2014<\/p>\n<div id=\"post-32409\">\n<p><a title=\"Permalink to Oaxaque\u00f1os seleccionados por ONU para desarrollo de pol\u00edticas p\u00fablicas\" href=\"http:\/\/www.eloriente.net\/home\/2014\/09\/19\/oaxaquenos-seleccionados-por-la-onu-para-el-desarrollo-de-politicas-publicas\/\" rel=\"bookmark\">Oaxaque\u00f1os seleccionados por ONU para desarrollo de pol\u00edticas p\u00fablicas<\/a><\/p>\n<p><a href=\"http:\/\/www.eloriente.net\/home\/2014\/09\/19\/oaxaquenos-seleccionados-por-la-onu-para-el-desarrollo-de-politicas-publicas\/\" rel=\"bookmark\"><img decoding=\"async\" title=\"Oaxaque\u00f1os seleccionados por ONU para desarrollo de pol\u00edticas p\u00fablicas\" src=\"http:\/\/www.eloriente.net\/home\/wp-content\/themes\/city-desk\/timthumb.php?src=http%3A%2F%2Fwww.eloriente.net%2Fhome%2Fwp-content%2Fuploads%2F2014%2F09%2FPNUD-JCVC-ESMX.jpg&amp;q=90&amp;w=160&amp;h=106&amp;zc=1\" alt=\"Oaxaque\u00f1os seleccionados por ONU para desarrollo de pol\u00edticas p\u00fablicas\" \/><\/a><\/p>\n<p>eloriente.net \/\u00a0Emprendedores Sociales 19\/septiembre\/2014 El Programa de las Naciones Unidas para el Desarrollo (PNUD) en M\u00e9xico y el Instituto Nacional Electoral (INE) Seleccionaron 25 propuestas de todo M\u00e9xico de las cuales dos j\u00f3venes de la M\u00e1xima Casa de Estudios de fueron seleccionados para el Diplomado \u201cLiderazgos Juveniles para la Incidencia en Pol\u00edticas P\u00fablicas: Conceptos e [&#8230;]<\/p>\n<p>September 19, 2014<\/p>\n<\/div>\n<div id=\"post-32327\">\n<p><a title=\"Permalink to UABJO: Feria de la Vivienda en Ciudad Universitaria\" href=\"http:\/\/www.eloriente.net\/home\/2014\/09\/17\/uabjo-feria-de-la-vivienda-en-ciudad-universitaria\/\" rel=\"bookmark\">UABJO: Feria de la Vivienda en Ciudad Universitaria<\/a><\/p>\n<p><a href=\"http:\/\/www.eloriente.net\/home\/2014\/09\/17\/uabjo-feria-de-la-vivienda-en-ciudad-universitaria\/\" rel=\"bookmark\"><img decoding=\"async\" title=\"UABJO: Feria de la Vivienda en Ciudad Universitaria\" src=\"http:\/\/www.eloriente.net\/home\/wp-content\/themes\/city-desk\/timthumb.php?src=http%3A%2F%2Fwww.eloriente.net%2Fhome%2Fwp-content%2Fuploads%2F2014%2F09%2F173.jpg&amp;q=90&amp;w=160&amp;h=106&amp;zc=1\" alt=\"UABJO: Feria de la Vivienda en Ciudad Universitaria\" \/><\/a><\/p>\n<p>eloriente.net \/ UABJO 18\/septiembre\/2014 A fin de que las y los trabajadores de la Universidad Aut\u00f3noma \u201cBenito Ju\u00e1rez\u201d de Oaxaca (UABJO) conozcan las diversas opciones existentes en el mercado para la adquisici\u00f3n de una casa, la administraci\u00f3n central, a trav\u00e9s de la Subdirecci\u00f3n de Prestaciones Sociales, organiz\u00f3 la primera Feria de la Vivienda en la [&#8230;]<\/p>\n<p>September 17, 2014<\/p>\n<\/div>\n\n\t\t\t  <div \n\t\t\t  \tclass = \"fb-comments\" \n\t\t\t  \tdata-href = \"http:\/\/www.eloriente.net\/home\/2014\/09\/22\/francisco-cespedes-en-la-uabjo\/\"\n\t\t\t  \tdata-numposts = \"10\"\n\t\t\t\tdata-colorscheme = \"dark\"\n\t\t\t\tdata-order-by = \"social\"\n\t\t\t\tdata-mobile=true>\n\t\t\t  <\/div>\n\t\t  <style>\n\t\t\t.fb_iframe_widget_fluid_desktop iframe {\n\t\t\t    width: 100% !important;\n\t\t\t}\n\t\t  <\/style>\n\t\t  ","protected":false},"excerpt":{"rendered":"<p>eloriente.net \/ UABJO 22\/septiembre\/2014 \u2022 Con este evento, la Fundaci\u00f3n UABJO fortalece su programa de becas alimentarias. Con el prop\u00f3sito de incrementar el n\u00famero de becas alimentarias destinadas a estudiantes que se encuentran en situaci\u00f3n econ\u00f3mica vulnerable e inscritos en las diferentes licenciaturas de la nuestra M\u00e1xima Casa de Estudios, la Fundaci\u00f3n UABJO anuncia la [&hellip;]<\/p>\n","protected":false},"author":1,"featured_media":32494,"comment_status":"open","ping_status":"open","sticky":false,"template":"","format":"standard","meta":{"_jetpack_memberships_contains_paid_content":false,"footnotes":""},"categories":[29,1588,32,10,84],"tags":[2633,182],"class_list":["post-32493","post","type-post","status-publish","format-standard","has-post-thumbnail","hentry","category-capital","category-comunicados-y-boletines","category-entradas","category-lo-mas-reciente","category-universidades","tag-francisco-cespedes","tag-uabjo"],"jetpack_featured_media_url":"http:\/\/www.eloriente.net\/home\/wp-content\/uploads\/2014\/09\/221.jpg","jetpack_sharing_enabled":true,"_links":{"self":[{"href":"http:\/\/www.eloriente.net\/home\/wp-json\/wp\/v2\/posts\/32493"}],"collection":[{"href":"http:\/\/www.eloriente.net\/home\/wp-json\/wp\/v2\/posts"}],"about":[{"href":"http:\/\/www.eloriente.net\/home\/wp-json\/wp\/v2\/types\/post"}],"author":[{"embeddable":true,"href":"http:\/\/www.eloriente.net\/home\/wp-json\/wp\/v2\/users\/1"}],"replies":[{"embeddable":true,"href":"http:\/\/www.eloriente.net\/home\/wp-json\/wp\/v2\/comments?post=32493"}],"version-history":[{"count":1,"href":"http:\/\/www.eloriente.net\/home\/wp-json\/wp\/v2\/posts\/32493\/revisions"}],"predecessor-version":[{"id":32495,"href":"http:\/\/www.eloriente.net\/home\/wp-json\/wp\/v2\/posts\/32493\/revisions\/32495"}],"wp:featuredmedia":[{"embeddable":true,"href":"http:\/\/www.eloriente.net\/home\/wp-json\/wp\/v2\/media\/32494"}],"wp:attachment":[{"href":"http:\/\/www.eloriente.net\/home\/wp-json\/wp\/v2\/media?parent=32493"}],"wp:term":[{"taxonomy":"category","embeddable":true,"href":"http:\/\/www.eloriente.net\/home\/wp-json\/wp\/v2\/categories?post=32493"},{"taxonomy":"post_tag","embeddable":true,"href":"http:\/\/www.eloriente.net\/home\/wp-json\/wp\/v2\/tags?post=32493"}],"curies":[{"name":"wp","href":"https:\/\/api.w.org\/{rel}","templated":true}]}}