{"id":32496,"date":"2014-09-22T15:47:25","date_gmt":"2014-09-22T21:47:25","guid":{"rendered":"http:\/\/www.eloriente.net\/home\/?p=32496"},"modified":"2014-09-22T15:47:25","modified_gmt":"2014-09-22T21:47:25","slug":"tuxtepec-cuenta-con-nuevo-juzgado-en-materia-familiar","status":"publish","type":"post","link":"http:\/\/www.eloriente.net\/home\/2014\/09\/22\/tuxtepec-cuenta-con-nuevo-juzgado-en-materia-familiar\/","title":{"rendered":"Tuxtepec cuenta con nuevo juzgado en materia familiar"},"content":{"rendered":"<p>eloriente.net \/ <a href=\"http:\/\/www.tribunaloax.gob.mx\/\" target=\"_blank\">Tribunal Superior de Justicia<\/a><\/p>\n<p>22\/septiembre\/2014<\/p>\n<ul>\n<li>Inici\u00f3 funciones este lunes para agilizar y mejorar los servicios de impartici\u00f3n de justicia en la zona<\/li>\n<\/ul>\n<p>Este lunes entr\u00f3 en funciones el Juzgado Segundo Familiar del Distrito Judicial de San Juan Bautista Tuxtepec, el cual permitir\u00e1 agilizar y mejorar los servicios de impartici\u00f3n de justicia en la regi\u00f3n de la Cuenca del Papaloapan y zonas de la Sierra Norte y Cuicatl\u00e1n.<\/p>\n<p>El secretario ejecutivo del Consejo de la Judicatura del Poder Judicial del Estado, Jos\u00e9 Luis R\u00edos Cruz, fue el encargado de cortar el list\u00f3n inaugural del nuevo \u00f3rgano jurisdiccional a cargo de la Juez Aurora Primavera Cruz Garc\u00eda y ubicado en la Avenida Jes\u00fas Carranza 1395.<\/p>\n<p>De esta manera, se dar\u00e1 seguimiento a las controversias jur\u00eddicas en materia de divorcios voluntarios y necesarios, pensiones alimenticias, guardia y custodia de menores, as\u00ed como juicios intestamentarios, casos que representan el mayor porcentaje de promociones judiciales de las 15 comunidades de competencia de dicho distrito judicial.<\/p>\n<p>En entrevista, el secretario ejecutivo del Consejo de la Judicatura resalt\u00f3 que la apertura del Juzgado Segundo Familiar en Tuxtepec adem\u00e1s de que da respuesta a una demanda de la sociedad de esta zona, permitir\u00e1 desahogar la carga de trabajo que registra el Juzgado Primero, el cual este a\u00f1o acumul\u00f3 poco m\u00e1s de mil expedientes.<\/p>\n<p>En el acto de inauguraci\u00f3n estuvieron presentes el juez municipal, Rafael Hern\u00e1ndez Espinosa, en representaci\u00f3n del Ayuntamiento de Tuxtepec; el subprocurador de la regi\u00f3n de la Cuenca, Jos\u00e9 Mathus Cruz, y representantes de colegios, asociaciones y barras de abogados que brindan sus servicios en ese lugar.<\/p>\n<p>El nuevo Juzgado atender\u00e1 casos provenientes de municipios como: Ayotzintepec, Santa Mar\u00eda Jacatepec, Loma Bonita, San Lucas Ojitl\u00e1n, Valle Nacional, San Felipe Jalapa de D\u00edaz y San Felipe Usila, en la Cuenca; La Josefina, La Palma y la Esperanza de Ixtl\u00e1n de Ju\u00e1rez, adem\u00e1s de San Juan Tlacoatzintepec y sus agencias municipales, en Cuicatl\u00e1n.<\/p>\n<p><a href=\"http:\/\/www.eloriente.net\/home\/wp-content\/uploads\/2014\/09\/Inicio-funciones-Juzgado-de-Tuxtepec.jpg\"><img loading=\"lazy\" decoding=\"async\" class=\"alignnone size-medium wp-image-32497\" title=\"Inicio funciones Juzgado de Tuxtepec\" src=\"http:\/\/www.eloriente.net\/home\/wp-content\/uploads\/2014\/09\/Inicio-funciones-Juzgado-de-Tuxtepec-300x179.jpg\" alt=\"\" width=\"300\" height=\"179\" srcset=\"http:\/\/www.eloriente.net\/home\/wp-content\/uploads\/2014\/09\/Inicio-funciones-Juzgado-de-Tuxtepec-300x179.jpg 300w, http:\/\/www.eloriente.net\/home\/wp-content\/uploads\/2014\/09\/Inicio-funciones-Juzgado-de-Tuxtepec-1024x611.jpg 1024w, http:\/\/www.eloriente.net\/home\/wp-content\/uploads\/2014\/09\/Inicio-funciones-Juzgado-de-Tuxtepec.jpg 1280w\" sizes=\"(max-width: 300px) 100vw, 300px\" \/><\/a><\/p>\n<p>Foto: TSJ<\/p>\n<p><strong>Entradas relacionadas:<\/strong><\/p>\n<p><a title=\"Permalink to Gu\u00eda de apoyo a personas con discapacidad\" href=\"http:\/\/www.eloriente.net\/home\/2014\/09\/22\/guia-de-apoyo-a-personas-con-discapacidad\/\" rel=\"bookmark\">Gu\u00eda de apoyo a personas con discapacidad<\/a><\/p>\n<p><a href=\"http:\/\/www.eloriente.net\/home\/2014\/09\/22\/guia-de-apoyo-a-personas-con-discapacidad\/\" rel=\"bookmark\"><img decoding=\"async\" title=\"Gu\u00eda de apoyo a personas con discapacidad\" src=\"http:\/\/www.eloriente.net\/home\/wp-content\/themes\/city-desk\/timthumb.php?src=http%3A%2F%2Fwww.eloriente.net%2Fhome%2Fwp-content%2Fuploads%2F2014%2F09%2FMagistrado-Alfredo-Rodrigo-Lagunas-Rivera1.jpg&amp;q=90&amp;w=160&amp;h=106&amp;zc=1\" alt=\"Gu\u00eda de apoyo a personas con discapacidad\" \/><\/a><\/p>\n<p>eloriente.net \/ Tribunal Superior de Justicia 22\/septiembre\/2014 \u2022 Es necesario un cambio en la cultura jur\u00eddica que garantice a este sector de la poblaci\u00f3n una mejor atenci\u00f3n, afirm\u00f3 el magistrado Alfredo Lagunas Rivera En Oaxaca las personas con discapacidad deben tener el reconocimiento como sujetos plenos ante la ley, lo que hace necesario un cambio [&#8230;]<\/p>\n<p>September 22, 2014<\/p>\n<div id=\"post-32420\">\n<p><a title=\"Permalink to Saldo de megasimulacro en el  Poder Judicial\" href=\"http:\/\/www.eloriente.net\/home\/2014\/09\/19\/saldo-de-megasimulacro-en-el-poder-judicial\/\" rel=\"bookmark\">Saldo de megasimulacro en el Poder Judicial<\/a><\/p>\n<p><a href=\"http:\/\/www.eloriente.net\/home\/2014\/09\/19\/saldo-de-megasimulacro-en-el-poder-judicial\/\" rel=\"bookmark\"><img decoding=\"async\" title=\"Saldo de megasimulacro en el  Poder Judicial\" src=\"http:\/\/www.eloriente.net\/home\/wp-content\/themes\/city-desk\/timthumb.php?src=http%3A%2F%2Fwww.eloriente.net%2Fhome%2Fwp-content%2Fuploads%2F2014%2F09%2FBrigadistas-del-Poder-Judicial-del-Estado1.jpg&amp;q=90&amp;w=160&amp;h=106&amp;zc=1\" alt=\"Saldo de megasimulacro en el  Poder Judicial\" \/><\/a><\/p>\n<p>eloriente.net \/ Tribunal Superior de Justicia \u00b7 M\u00e1s de 80 brigadistas activaron protocolos de seguridad para garantizar la seguridad de los trabajadores de TSJ, Consejo de la Judicatura y Cendi Para fortalecer las acciones de prevenci\u00f3n y protecci\u00f3n civil que permitan reducir el n\u00famero de accidentes y fallecimientos en caso de sismo, el Poder Judicial [&#8230;]<\/p>\n<p>September 19, 2014<\/p>\n<\/div>\n<div id=\"post-32378\">\n<p><a title=\"Permalink to Propone Poder Judicial nueva reforma al C\u00f3digo Civil del Estado\" href=\"http:\/\/www.eloriente.net\/home\/2014\/09\/18\/propone-poder-judicial-nueva-reforma-al-codigo-civil-del-estado\/\" rel=\"bookmark\">Propone Poder Judicial nueva reforma al C\u00f3digo Civil del Estado<\/a><\/p>\n<p><a href=\"http:\/\/www.eloriente.net\/home\/2014\/09\/18\/propone-poder-judicial-nueva-reforma-al-codigo-civil-del-estado\/\" rel=\"bookmark\"><img decoding=\"async\" title=\"Propone Poder Judicial nueva reforma al C\u00f3digo Civil del Estado\" src=\"http:\/\/www.eloriente.net\/home\/wp-content\/themes\/city-desk\/timthumb.php?src=http%3A%2F%2Fwww.eloriente.net%2Fhome%2Fwp-content%2Fuploads%2F2014%2F09%2FDiputados-recibieron-del-titular-del-PJO-iniciativa-con-proyecto-de-decreto-T.jpg&amp;q=90&amp;w=160&amp;h=106&amp;zc=1\" alt=\"Propone Poder Judicial nueva reforma al C\u00f3digo Civil del Estado\" \/><\/a><\/p>\n<p>eloriente.net \/ Tribunal Superior de Justicia \u2022 El proyecto contempla el uso de nuevas tecnolog\u00edas para agilizar los procedimientos judiciales en materia civil, familiar y mercantil El titular del Poder Judicial, magistrado Alfredo Rodrigo Lagunas Rivera entreg\u00f3 a la Sexag\u00e9sima Segunda Legislatura del Congreso del Estado, una iniciativa con proyecto de decreto por la que [&#8230;]<\/p>\n<p>September 18, 2014<\/p>\n<\/div>\n\n\t\t\t  <div \n\t\t\t  \tclass = \"fb-comments\" \n\t\t\t  \tdata-href = \"http:\/\/www.eloriente.net\/home\/2014\/09\/22\/tuxtepec-cuenta-con-nuevo-juzgado-en-materia-familiar\/\"\n\t\t\t  \tdata-numposts = \"10\"\n\t\t\t\tdata-colorscheme = \"dark\"\n\t\t\t\tdata-order-by = \"social\"\n\t\t\t\tdata-mobile=true>\n\t\t\t  <\/div>\n\t\t  <style>\n\t\t\t.fb_iframe_widget_fluid_desktop iframe {\n\t\t\t    width: 100% !important;\n\t\t\t}\n\t\t  <\/style>\n\t\t  ","protected":false},"excerpt":{"rendered":"<p>eloriente.net \/ Tribunal Superior de Justicia 22\/septiembre\/2014 Inici\u00f3 funciones este lunes para agilizar y mejorar los servicios de impartici\u00f3n de justicia en la zona Este lunes entr\u00f3 en funciones el Juzgado Segundo Familiar del Distrito Judicial de San Juan Bautista Tuxtepec, el cual permitir\u00e1 agilizar y mejorar los servicios de impartici\u00f3n de justicia en la [&hellip;]<\/p>\n","protected":false},"author":1,"featured_media":32497,"comment_status":"open","ping_status":"open","sticky":false,"template":"","format":"standard","meta":{"_jetpack_memberships_contains_paid_content":false,"footnotes":""},"categories":[1588,91,32,10,464],"tags":[225],"class_list":["post-32496","post","type-post","status-publish","format-standard","has-post-thumbnail","hentry","category-comunicados-y-boletines","category-congreso-y-justicia","category-entradas","category-lo-mas-reciente","category-oaxaca-estados","tag-tsj"],"jetpack_featured_media_url":"http:\/\/www.eloriente.net\/home\/wp-content\/uploads\/2014\/09\/Inicio-funciones-Juzgado-de-Tuxtepec.jpg","jetpack_sharing_enabled":true,"_links":{"self":[{"href":"http:\/\/www.eloriente.net\/home\/wp-json\/wp\/v2\/posts\/32496"}],"collection":[{"href":"http:\/\/www.eloriente.net\/home\/wp-json\/wp\/v2\/posts"}],"about":[{"href":"http:\/\/www.eloriente.net\/home\/wp-json\/wp\/v2\/types\/post"}],"author":[{"embeddable":true,"href":"http:\/\/www.eloriente.net\/home\/wp-json\/wp\/v2\/users\/1"}],"replies":[{"embeddable":true,"href":"http:\/\/www.eloriente.net\/home\/wp-json\/wp\/v2\/comments?post=32496"}],"version-history":[{"count":1,"href":"http:\/\/www.eloriente.net\/home\/wp-json\/wp\/v2\/posts\/32496\/revisions"}],"predecessor-version":[{"id":32498,"href":"http:\/\/www.eloriente.net\/home\/wp-json\/wp\/v2\/posts\/32496\/revisions\/32498"}],"wp:featuredmedia":[{"embeddable":true,"href":"http:\/\/www.eloriente.net\/home\/wp-json\/wp\/v2\/media\/32497"}],"wp:attachment":[{"href":"http:\/\/www.eloriente.net\/home\/wp-json\/wp\/v2\/media?parent=32496"}],"wp:term":[{"taxonomy":"category","embeddable":true,"href":"http:\/\/www.eloriente.net\/home\/wp-json\/wp\/v2\/categories?post=32496"},{"taxonomy":"post_tag","embeddable":true,"href":"http:\/\/www.eloriente.net\/home\/wp-json\/wp\/v2\/tags?post=32496"}],"curies":[{"name":"wp","href":"https:\/\/api.w.org\/{rel}","templated":true}]}}