{"id":32510,"date":"2014-09-23T10:29:28","date_gmt":"2014-09-23T16:29:28","guid":{"rendered":"http:\/\/www.eloriente.net\/home\/?p=32510"},"modified":"2014-09-23T10:56:59","modified_gmt":"2014-09-23T16:56:59","slug":"municipio-banobras-y-uag-en-el-del-desarrollo-sostenible-de-oaxaca","status":"publish","type":"post","link":"http:\/\/www.eloriente.net\/home\/2014\/09\/23\/municipio-banobras-y-uag-en-el-del-desarrollo-sostenible-de-oaxaca\/","title":{"rendered":"Municipio, Banobras y UAG planean el desarrollo sostenible de Oaxaca"},"content":{"rendered":"<p>eloriente.net \/ <a href=\"http:\/\/municipiodeoaxaca.gob.mx\/\" target=\"_blank\">Municipio de Oaxaca de Ju\u00e1rez<\/a><\/p>\n<p>El Municipio de Oaxaca de Ju\u00e1rez recibi\u00f3 un Diagn\u00f3stico de Proyectos de Infraestructura B\u00e1sica realizado por la Universidad Aut\u00f3noma de Guadalajara (UAG) y personal del Banco Nacional de Obras y Servicios P\u00fablicos (Banobras), el cual permitir\u00e1 gestionar ante dependencias del orden estatal y federal recursos para impulsar el desarrollo de la capital.<\/p>\n<p>En entrevista, el presidente municipal de Oaxaca de Ju\u00e1rez, Javier Villaca\u00f1a Jim\u00e9nez asegur\u00f3 que los proyectos realizados por acad\u00e9micos de la UAG, en conjunto con personal de Banobras, facilitan a la autoridad municipal gestionar los recursos para el financiamiento y construcci\u00f3n de las obras necesarias para mejorar la calidad de vida de los ciudadanos.<\/p>\n<p>El edil de la capital explic\u00f3 que la falta de proyectos ejecutivos representa una de las principales causas por las que los municipios no pueden gestionar recursos en beneficio de sus habitantes, por lo que un apoyo de esta naturaleza resulta fundamental para el Ayuntamiento.<\/p>\n<p>El diagn\u00f3stico \u2013agreg\u00f3- se realiz\u00f3 con base en un estudio sobre las necesidades de infraestructura b\u00e1sica urbana realizado en las agencias y colonias de la capital del estado.<\/p>\n<p>Villaca\u00f1a Jim\u00e9nez afirm\u00f3 que los proyectos se desarrollan en tres grandes vertientes: agua potable, alcantarillado y saneamiento; vialidades urbanas y rurales y disposici\u00f3n final de residuos s\u00f3lidos; las cuales representan \u00e1reas de suma importancia para detonar el desarrollo social de la entidad y sus habitantes, pues inciden de manera importante en los indicadores de pobreza y desigualdad.<\/p>\n<p>Agradeci\u00f3 el respaldo de Banobras y la UAG, al tiempo que reconoci\u00f3 que el diagn\u00f3stico representa un gran apoyo para el municipio, ya que contiene los proyectos ejecutivos para la construcci\u00f3n de m\u00e1s de 30 obras cuyo impacto, beneficio y factibilidad han sido evaluados y aprobados.<\/p>\n<p>Algunas de las edificaciones planteadas en el compendio son la ampliaci\u00f3n de calles y pavimentaciones, as\u00ed como la rehabilitaci\u00f3n y mantenimiento de pozos profundos, construcci\u00f3n de represas y reposici\u00f3n de bombas de extracci\u00f3n.<\/p>\n<p>Finalmente, el Presidente Municipal destac\u00f3 que el diagn\u00f3stico est\u00e1 en poder de la Secretar\u00eda de Desarrollo Urbano, Ecolog\u00eda y Obras P\u00fablicas, dependencia encargada de evaluar los proyectos para dar inicio a la gesti\u00f3n de recursos que impulsar\u00e1n el desarrollo comunitario de los oaxaque\u00f1os.<\/p>\n<p><a href=\"http:\/\/www.eloriente.net\/home\/wp-content\/uploads\/2014\/09\/entrevista-villaca\u00f1a.jpg\"><img loading=\"lazy\" decoding=\"async\" class=\"alignnone size-medium wp-image-32511\" title=\"entrevista-villaca\u00f1a\" src=\"http:\/\/www.eloriente.net\/home\/wp-content\/uploads\/2014\/09\/entrevista-villaca\u00f1a-300x242.jpg\" alt=\"\" width=\"300\" height=\"242\" srcset=\"http:\/\/www.eloriente.net\/home\/wp-content\/uploads\/2014\/09\/entrevista-villaca\u00f1a-300x242.jpg 300w, http:\/\/www.eloriente.net\/home\/wp-content\/uploads\/2014\/09\/entrevista-villaca\u00f1a-1024x826.jpg 1024w, http:\/\/www.eloriente.net\/home\/wp-content\/uploads\/2014\/09\/entrevista-villaca\u00f1a.jpg 1280w\" sizes=\"(max-width: 300px) 100vw, 300px\" \/><\/a><\/p>\n<p>Foto: Municipio de Oaxaca de Ju\u00e1rez<\/p>\n<p><strong>Entradas relacionadas:<\/strong><\/p>\n<p><a title=\"Permalink to Cinco vacantes en mercadotecnia y relaciones p\u00fablicas #MartesdeVacantes\" href=\"http:\/\/www.eloriente.net\/home\/2014\/09\/23\/cinco-vacantes-en-mercadotecnia-y-relaciones-publicas-martesdevacantes\/\" rel=\"bookmark\">Cinco vacantes en mercadotecnia y relaciones p\u00fablicas #MartesdeVacantes<\/a><\/p>\n<p><a href=\"http:\/\/www.eloriente.net\/home\/2014\/09\/23\/cinco-vacantes-en-mercadotecnia-y-relaciones-publicas-martesdevacantes\/\" rel=\"bookmark\"><img decoding=\"async\" title=\"Cinco vacantes en mercadotecnia y relaciones p\u00fablicas #MartesdeVacantes\" src=\"http:\/\/www.eloriente.net\/home\/wp-content\/themes\/city-desk\/timthumb.php?src=http%3A%2F%2Fwww.eloriente.net%2Fhome%2Fwp-content%2Fuploads%2F2013%2F05%2FAlgunos-derechos-reservados-por-Victor1558-junta-de-negocios.jpg&amp;q=90&amp;w=160&amp;h=106&amp;zc=1\" alt=\"Cinco vacantes en mercadotecnia y relaciones p\u00fablicas #MartesdeVacantes\" \/><\/a><\/p>\n<p>eloriente.net 23\/septiembre\/2014 Conscientes de la importancia para la ciudadan\u00eda en general de la b\u00fasqueda de nuevas oportunidades de crecimiento profesional, ponemos a tu disposici\u00f3n semanalmente ofertas de empleo disponibles en la ciudad de Oaxaca de Ju\u00e1rez, municipios conurbados y en regiones al interior del estado. En esta ocasi\u00f3n, ELORIENTE.NET comparte cinco vacantes en mercadotecnia y [&#8230;]<\/p>\n<p>September 23, 2014<\/p>\n<div id=\"post-32496\">\n<p><a title=\"Permalink to Tuxtepec cuenta con nuevo juzgado en materia familiar\" href=\"http:\/\/www.eloriente.net\/home\/2014\/09\/22\/tuxtepec-cuenta-con-nuevo-juzgado-en-materia-familiar\/\" rel=\"bookmark\">Tuxtepec cuenta con nuevo juzgado en materia familiar<\/a><\/p>\n<p><a href=\"http:\/\/www.eloriente.net\/home\/2014\/09\/22\/tuxtepec-cuenta-con-nuevo-juzgado-en-materia-familiar\/\" rel=\"bookmark\"><img decoding=\"async\" title=\"Tuxtepec cuenta con nuevo juzgado en materia familiar\" src=\"http:\/\/www.eloriente.net\/home\/wp-content\/themes\/city-desk\/timthumb.php?src=http%3A%2F%2Fwww.eloriente.net%2Fhome%2Fwp-content%2Fuploads%2F2014%2F09%2FInicio-funciones-Juzgado-de-Tuxtepec.jpg&amp;q=90&amp;w=160&amp;h=106&amp;zc=1\" alt=\"Tuxtepec cuenta con nuevo juzgado en materia familiar\" \/><\/a><\/p>\n<p>eloriente.net \/ Tribunal Superior de Justicia 22\/septiembre\/2014 Inici\u00f3 funciones este lunes para agilizar y mejorar los servicios de impartici\u00f3n de justicia en la zona Este lunes entr\u00f3 en funciones el Juzgado Segundo Familiar del Distrito Judicial de San Juan Bautista Tuxtepec, el cual permitir\u00e1 agilizar y mejorar los servicios de impartici\u00f3n de justicia en la [&#8230;]<\/p>\n<p>September 22, 2014<\/p>\n<\/div>\n<div id=\"post-32490\">\n<p><a title=\"Permalink to Aprueba Congreso convocatoria para medalla \u201c\u00c1lvaro Carrillo\u201d\" href=\"http:\/\/www.eloriente.net\/home\/2014\/09\/22\/aprueba-congreso-convocatoria-para-medalla-alvaro-carrillo\/\" rel=\"bookmark\">Aprueba Congreso convocatoria para medalla \u201c\u00c1lvaro Carrillo\u201d<\/a><\/p>\n<p><a href=\"http:\/\/www.eloriente.net\/home\/2014\/09\/22\/aprueba-congreso-convocatoria-para-medalla-alvaro-carrillo\/\" rel=\"bookmark\"><img decoding=\"async\" title=\"Aprueba Congreso convocatoria para medalla \u201c\u00c1lvaro Carrillo\u201d\" src=\"http:\/\/www.eloriente.net\/home\/wp-content\/themes\/city-desk\/timthumb.php?src=http%3A%2F%2Fwww.eloriente.net%2Fhome%2Fwp-content%2Fuploads%2F2014%2F09%2FDip.-Rafael-Armando-Arellanes-Caballero.jpg&amp;q=90&amp;w=160&amp;h=106&amp;zc=1\" alt=\"Aprueba Congreso convocatoria para medalla \u201c\u00c1lvaro Carrillo\u201d\" \/><\/a><\/p>\n<p>eloriente.net \/ Congreso del Estado de Oaxaca 23\/septiembre\/2014 La finalidad del premio es honrar la memoria del ilustre Oaxaque\u00f1o y preservar la cultura de la entidad. El Pleno de la LXII Legislatura Estatal aprob\u00f3 el dictamen de la Comisi\u00f3n Permanente de Cultura, para emitir la convocatoria por la cual se otorgar\u00e1 la medalla \u201c\u00c1lvaro Carrillo\u201d. [&#8230;]<\/p>\n<p>September 22, 2014<\/p>\n<\/div>\n\n\t\t\t  <div \n\t\t\t  \tclass = \"fb-comments\" \n\t\t\t  \tdata-href = \"http:\/\/www.eloriente.net\/home\/2014\/09\/23\/municipio-banobras-y-uag-en-el-del-desarrollo-sostenible-de-oaxaca\/\"\n\t\t\t  \tdata-numposts = \"10\"\n\t\t\t\tdata-colorscheme = \"dark\"\n\t\t\t\tdata-order-by = \"social\"\n\t\t\t\tdata-mobile=true>\n\t\t\t  <\/div>\n\t\t  <style>\n\t\t\t.fb_iframe_widget_fluid_desktop iframe {\n\t\t\t    width: 100% !important;\n\t\t\t}\n\t\t  <\/style>\n\t\t  ","protected":false},"excerpt":{"rendered":"<p>eloriente.net \/ Municipio de Oaxaca de Ju\u00e1rez El Municipio de Oaxaca de Ju\u00e1rez recibi\u00f3 un Diagn\u00f3stico de Proyectos de Infraestructura B\u00e1sica realizado por la Universidad Aut\u00f3noma de Guadalajara (UAG) y personal del Banco Nacional de Obras y Servicios P\u00fablicos (Banobras), el cual permitir\u00e1 gestionar ante dependencias del orden estatal y federal recursos para impulsar el [&hellip;]<\/p>\n","protected":false},"author":1,"featured_media":32511,"comment_status":"open","ping_status":"open","sticky":false,"template":"","format":"standard","meta":{"_jetpack_memberships_contains_paid_content":false,"footnotes":""},"categories":[29,1588,32,10,21],"tags":[367],"class_list":["post-32510","post","type-post","status-publish","format-standard","has-post-thumbnail","hentry","category-capital","category-comunicados-y-boletines","category-entradas","category-lo-mas-reciente","category-politica-y-gobierno","tag-municipio"],"jetpack_featured_media_url":"http:\/\/www.eloriente.net\/home\/wp-content\/uploads\/2014\/09\/entrevista-villaca\u00f1a.jpg","jetpack_sharing_enabled":true,"_links":{"self":[{"href":"http:\/\/www.eloriente.net\/home\/wp-json\/wp\/v2\/posts\/32510"}],"collection":[{"href":"http:\/\/www.eloriente.net\/home\/wp-json\/wp\/v2\/posts"}],"about":[{"href":"http:\/\/www.eloriente.net\/home\/wp-json\/wp\/v2\/types\/post"}],"author":[{"embeddable":true,"href":"http:\/\/www.eloriente.net\/home\/wp-json\/wp\/v2\/users\/1"}],"replies":[{"embeddable":true,"href":"http:\/\/www.eloriente.net\/home\/wp-json\/wp\/v2\/comments?post=32510"}],"version-history":[{"count":2,"href":"http:\/\/www.eloriente.net\/home\/wp-json\/wp\/v2\/posts\/32510\/revisions"}],"predecessor-version":[{"id":32513,"href":"http:\/\/www.eloriente.net\/home\/wp-json\/wp\/v2\/posts\/32510\/revisions\/32513"}],"wp:featuredmedia":[{"embeddable":true,"href":"http:\/\/www.eloriente.net\/home\/wp-json\/wp\/v2\/media\/32511"}],"wp:attachment":[{"href":"http:\/\/www.eloriente.net\/home\/wp-json\/wp\/v2\/media?parent=32510"}],"wp:term":[{"taxonomy":"category","embeddable":true,"href":"http:\/\/www.eloriente.net\/home\/wp-json\/wp\/v2\/categories?post=32510"},{"taxonomy":"post_tag","embeddable":true,"href":"http:\/\/www.eloriente.net\/home\/wp-json\/wp\/v2\/tags?post=32510"}],"curies":[{"name":"wp","href":"https:\/\/api.w.org\/{rel}","templated":true}]}}