{"id":32514,"date":"2014-09-23T11:34:50","date_gmt":"2014-09-23T17:34:50","guid":{"rendered":"http:\/\/www.eloriente.net\/home\/?p=32514"},"modified":"2014-09-23T22:23:26","modified_gmt":"2014-09-24T04:23:26","slug":"encuentro-gabino-ulises-explicaciones","status":"publish","type":"post","link":"http:\/\/www.eloriente.net\/home\/2014\/09\/23\/encuentro-gabino-ulises-explicaciones\/","title":{"rendered":"Encuentro Gabino-Ulises: Explicaciones"},"content":{"rendered":"<p>eloriente.net<\/p>\n<p>23 de septiembre de 2014<\/p>\n<p><a href=\"http:\/\/www.eloriente.net\/home\/wp-content\/uploads\/2014\/09\/Captura-de-pantalla-2014-09-23-a-las-12.01.33.png\"><img loading=\"lazy\" decoding=\"async\" class=\"alignnone size-medium wp-image-32515 aligncenter\" title=\"Captura de pantalla 2014-09-23 a la(s) 12.01.33\" src=\"http:\/\/www.eloriente.net\/home\/wp-content\/uploads\/2014\/09\/Captura-de-pantalla-2014-09-23-a-las-12.01.33-300x262.png\" alt=\"\" width=\"300\" height=\"262\" srcset=\"http:\/\/www.eloriente.net\/home\/wp-content\/uploads\/2014\/09\/Captura-de-pantalla-2014-09-23-a-las-12.01.33-300x262.png 300w, http:\/\/www.eloriente.net\/home\/wp-content\/uploads\/2014\/09\/Captura-de-pantalla-2014-09-23-a-las-12.01.33.png 545w\" sizes=\"(max-width: 300px) 100vw, 300px\" \/><\/a><\/p>\n<p>As\u00ed comparti\u00f3 en su columna de hoy el periodista de La Jornada,<a href=\"http:\/\/www.jornada.unam.mx\/2014\/09\/23\/opinion\/004o1pol\" target=\"_blank\"> Julio Hern\u00e1ndez<\/a>, una foto en la cual aparecen los gobernadores de Oaxaca, Gabino Cu\u00e9 (2012-2016) y Ulises Ruiz (2004-2012). Sin mayores referencias temporales (a no ser por la anotaci\u00f3n de que la foto corresponde a un encuentro del pasado 13 de septiembre), la imagen no revela nada m\u00e1s que un encuentro en el aeropuerto local, sin fecha precisa ni motivo aparente.<\/p>\n<p>Tambi\u00e9n es verdad que la pregunta \u00bfDi\u00e1logo sucesorio?, editorializa la fotograf\u00eda y de manera magistral direcciona la atenci\u00f3n de quienes la observan, ya sea en la edici\u00f3n impresa del prestigiado diario o en alguna p\u00e1gina de internet local.<\/p>\n<p>Sea como fuere, incluyendo las numerosas dudas y vac\u00edos que la sola imagen no revela (pues tambi\u00e9n es cierto que pudo tratarse de un encuentro casual y fortuito), es cierto que mirar frente a frente a ambos personajes mueve a lecturas e interpretaciones m\u00faltiples. Desde las referidas a la pr\u00f3xima sucesi\u00f3n hasta las relacionadas con el actual conflicto policial que, por cierto, es el m\u00e1s largo de que se tenga memoria en Oaxaca.<\/p>\n<p>La seriedad con que el ex gobernador Ruiz mira al tercer interlocutor, hace suponer que alg\u00fan asunto de mediano o largo alcance se conversa. Su cabeza, seguramente antes apoyada en su mano izquierda, voltea tras alguna revelaci\u00f3n interesante de aquel, mismo que tambi\u00e9n llama poderosamente la atenci\u00f3n del gobernador Cu\u00e9 y del cuarto personaje del fondo. Concluyendo esto, se trata seguramente de un asunto de estado o de seguridad nacional&#8230;<\/p>\n<p>Lecturas as\u00ed, explicaciones excesivas como la anterior, se pueden desprender de una simple imagen publicada en el momento preciso.<\/p>\n<p>Luego leemos esto:<\/p>\n<p>&nbsp;<\/p>\n<blockquote class=\"twitter-tweet\" lang=\"es\"><p>La foto que muestran en redes de <a href=\"https:\/\/twitter.com\/GabinoCue\">@GabinoCue<\/a> con el asesino d <a href=\"https:\/\/twitter.com\/ulisesruiz_\">@ulisesruiz_<\/a> fue durante contingencia en Tlahuitoltepec 2010 <a href=\"https:\/\/twitter.com\/julioastillero\">@julioastillero<\/a><\/p>\n<p>\u2014 FridaGuerrera (@Fridaguerrera) <a href=\"https:\/\/twitter.com\/Fridaguerrera\/status\/514459368495255552\">septiembre 23, 2014<\/a><\/p><\/blockquote>\n<p>Y nos damos cuenta que ninguna conjetura, an\u00e1lisis pol\u00edtico o interpretaci\u00f3n puede sostenerse m\u00e1s all\u00e1 de 24 horas, pues todas son suposiciones, lecturas, opiniones. La dictadura del rumor y la mala fe dominan el espacio p\u00fablico oaxaque\u00f1o.<\/p>\n<p>La sola aparici\u00f3n de la imagen, por lo dem\u00e1s, no hace sino revelar muchos de los caracteres de una sociedad como la nuestra y del momento que hoy vivimos: donde la ficci\u00f3n supera la realidad, donde ya todo es posible (incluyendo que la polic\u00eda se revele contra el Estado), y donde ya nadie puede darse el lujo de prever nada ni de entender nada.<\/p>\n<p>C\u00f3mo nos hace falta un ideario, una \u00e9tica, un rumbo.<\/p>\n<p>direcciongeneral@eloriente.net<\/p>\n<p>Actualizaci\u00f3n 23:22 horas:<\/p>\n<p>&nbsp;<\/p>\n<blockquote class=\"twitter-tweet\" lang=\"es\">\n<p>(1) <a href=\"https:\/\/twitter.com\/ElCorreodeOaxac\">@ElCorreodeOaxac<\/a> En su edici\u00f3n 378 utiliza foto de mi autor\u00eda, sin cr\u00e9dito  que retoma <a href=\"https:\/\/twitter.com\/julioastillero\">@julioastillero<\/a> en columna <a href=\"http:\/\/t.co\/ofI2FebrUP\">pic.twitter.com\/ofI2FebrUP<\/a><\/p>\n<p>&mdash; \uf8ff Roberto Flores (@Roalflo) <a href=\"https:\/\/twitter.com\/Roalflo\/status\/514622817716158464\">septiembre 24, 2014<\/a><\/p><\/blockquote>\n<p><script async src=\"\/\/platform.twitter.com\/widgets.js\" charset=\"utf-8\"><\/script><\/p>\n<blockquote class=\"twitter-tweet\" lang=\"es\">\n<p>(2) <a href=\"https:\/\/twitter.com\/ElCorreodeOaxac\">@ElCorreodeOaxac<\/a> La foto la tom\u00e9 en el hangar de <a href=\"https:\/\/twitter.com\/GobOax\">@GobOax<\/a>, entre el 28 y 29 de Octubre de 2010 <a href=\"https:\/\/twitter.com\/julioastillero\">@julioastillero<\/a><\/p>\n<p>&mdash; \uf8ff Roberto Flores (@Roalflo) <a href=\"https:\/\/twitter.com\/Roalflo\/status\/514623985649479681\">septiembre 24, 2014<\/a><\/p><\/blockquote>\n<p><script async src=\"\/\/platform.twitter.com\/widgets.js\" charset=\"utf-8\"><\/script><br \/>\n&nbsp;<\/p>\n<p>&nbsp;<\/p>\n<div id=\"post-32277\">\n<h2><a title=\"Permalink to Conflicto pol\u00edtico de Seguridad en Oaxaca\" href=\"http:\/\/www.eloriente.net\/home\/2014\/09\/15\/conflicto-politico-de-seguridad-en-oaxaca\/\" rel=\"bookmark\">Conflicto pol\u00edtico de Seguridad en Oaxaca<\/a><\/h2>\n<p><a href=\"http:\/\/www.eloriente.net\/home\/2014\/09\/15\/conflicto-politico-de-seguridad-en-oaxaca\/\" rel=\"bookmark\"><img decoding=\"async\" title=\"Conflicto pol\u00edtico de Seguridad en Oaxaca\" src=\"http:\/\/www.eloriente.net\/home\/wp-content\/themes\/city-desk\/timthumb.php?src=http%3A%2F%2Fwww.eloriente.net%2Fhome%2Fwp-content%2Fuploads%2F2013%2F10%2FPARED-DE-OAXACA-Atribucio%CC%81nCompartir-bajo-la-misma-licencia-Algunos-derechos-reservados-por-Mal-de-Ojo-Inseguridad.jpg&amp;q=90&amp;w=160&amp;h=106&amp;zc=1\" alt=\"Conflicto pol\u00edtico de Seguridad en Oaxaca\" \/><\/a>eloriente.net 15 de septiembre de 2014 Ninguna fecha pudo ser mejor seleccionada por los organizadores del paro de la polic\u00eda local como este 15 de septiembre. Al cuarto para las doce, cuando los esfuerzos de negociaci\u00f3n gubernamentales y la atenci\u00f3n de los medios de comunicaci\u00f3n se enfocaban en los profesores de la Secci\u00f3n 22 y [&#8230;]<\/p>\n<p>September 15, 2014<\/p>\n<\/div>\n<h2><a title=\"Permalink to \u00bfPara qu\u00e9 las \u2018otras\u2019 marchas?\" href=\"http:\/\/www.eloriente.net\/home\/2014\/08\/14\/para-que-las-otras-marchas\/\" rel=\"bookmark\">\u00bfPara qu\u00e9 las \u2018otras\u2019 marchas?<\/a><\/h2>\n<p><a href=\"http:\/\/www.eloriente.net\/home\/2014\/08\/14\/para-que-las-otras-marchas\/\" rel=\"bookmark\"><img decoding=\"async\" title=\"\u00bfPara qu\u00e9 las \u2018otras\u2019 marchas?\" src=\"http:\/\/www.eloriente.net\/home\/wp-content\/themes\/city-desk\/timthumb.php?src=http%3A%2F%2Fwww.eloriente.net%2Fhome%2Fwp-content%2Fuploads%2F2013%2F12%2Fbandera_blanca.jpg&amp;q=90&amp;w=160&amp;h=106&amp;zc=1\" alt=\"\u00bfPara qu\u00e9 las \u2018otras\u2019 marchas?\" \/><\/a><\/p>\n<p>eloriente.net 14 de agosto de 2014 Dos marchas \u2018no\u2019 magisteriales se avecinan este fin de semana. Una el s\u00e1bado (19:30), convocada por el arzobispo de Oaxaca, Jos\u00e9 Luis Ch\u00e1vez Botello, y denominada Procesi\u00f3n por la Reconciliaci\u00f3n y la Paz Social; y una segunda para el domingo 17, en el Parque El Llano (11:00), convocada por [&#8230;]<\/p>\n<p>August 14, 2014<\/p>\n<p>&nbsp;<\/p>\n<p>&nbsp;<\/p>\n<p>&nbsp;<\/p>\n<p>&nbsp;<\/p>\n\n\t\t\t  <div \n\t\t\t  \tclass = \"fb-comments\" \n\t\t\t  \tdata-href = \"http:\/\/www.eloriente.net\/home\/2014\/09\/23\/encuentro-gabino-ulises-explicaciones\/\"\n\t\t\t  \tdata-numposts = \"10\"\n\t\t\t\tdata-colorscheme = \"dark\"\n\t\t\t\tdata-order-by = \"social\"\n\t\t\t\tdata-mobile=true>\n\t\t\t  <\/div>\n\t\t  <style>\n\t\t\t.fb_iframe_widget_fluid_desktop iframe {\n\t\t\t    width: 100% !important;\n\t\t\t}\n\t\t  <\/style>\n\t\t  ","protected":false},"excerpt":{"rendered":"<p>eloriente.net 23 de septiembre de 2014 As\u00ed comparti\u00f3 en su columna de hoy el periodista de La Jornada, Julio Hern\u00e1ndez, una foto en la cual aparecen los gobernadores de Oaxaca, Gabino Cu\u00e9 (2012-2016) y Ulises Ruiz (2004-2012). Sin mayores referencias temporales (a no ser por la anotaci\u00f3n de que la foto corresponde a un encuentro [&hellip;]<\/p>\n","protected":false},"author":1,"featured_media":32515,"comment_status":"open","ping_status":"open","sticky":false,"template":"","format":"standard","meta":{"_jetpack_memberships_contains_paid_content":false,"footnotes":""},"categories":[29,9,21],"tags":[],"class_list":["post-32514","post","type-post","status-publish","format-standard","has-post-thumbnail","hentry","category-capital","category-editorial","category-politica-y-gobierno"],"jetpack_featured_media_url":"http:\/\/www.eloriente.net\/home\/wp-content\/uploads\/2014\/09\/Captura-de-pantalla-2014-09-23-a-las-12.01.33.png","jetpack_sharing_enabled":true,"_links":{"self":[{"href":"http:\/\/www.eloriente.net\/home\/wp-json\/wp\/v2\/posts\/32514"}],"collection":[{"href":"http:\/\/www.eloriente.net\/home\/wp-json\/wp\/v2\/posts"}],"about":[{"href":"http:\/\/www.eloriente.net\/home\/wp-json\/wp\/v2\/types\/post"}],"author":[{"embeddable":true,"href":"http:\/\/www.eloriente.net\/home\/wp-json\/wp\/v2\/users\/1"}],"replies":[{"embeddable":true,"href":"http:\/\/www.eloriente.net\/home\/wp-json\/wp\/v2\/comments?post=32514"}],"version-history":[{"count":3,"href":"http:\/\/www.eloriente.net\/home\/wp-json\/wp\/v2\/posts\/32514\/revisions"}],"predecessor-version":[{"id":32521,"href":"http:\/\/www.eloriente.net\/home\/wp-json\/wp\/v2\/posts\/32514\/revisions\/32521"}],"wp:featuredmedia":[{"embeddable":true,"href":"http:\/\/www.eloriente.net\/home\/wp-json\/wp\/v2\/media\/32515"}],"wp:attachment":[{"href":"http:\/\/www.eloriente.net\/home\/wp-json\/wp\/v2\/media?parent=32514"}],"wp:term":[{"taxonomy":"category","embeddable":true,"href":"http:\/\/www.eloriente.net\/home\/wp-json\/wp\/v2\/categories?post=32514"},{"taxonomy":"post_tag","embeddable":true,"href":"http:\/\/www.eloriente.net\/home\/wp-json\/wp\/v2\/tags?post=32514"}],"curies":[{"name":"wp","href":"https:\/\/api.w.org\/{rel}","templated":true}]}}