{"id":32524,"date":"2014-09-24T00:00:26","date_gmt":"2014-09-24T06:00:26","guid":{"rendered":"http:\/\/www.eloriente.net\/home\/?p=32524"},"modified":"2014-09-23T13:31:32","modified_gmt":"2014-09-23T19:31:32","slug":"afromexicanos-tercera-raiz-cultural-del-pais","status":"publish","type":"post","link":"http:\/\/www.eloriente.net\/home\/2014\/09\/24\/afromexicanos-tercera-raiz-cultural-del-pais\/","title":{"rendered":"Afromexicanos: Tercera ra\u00edz cultural del pa\u00eds"},"content":{"rendered":"<p>eloriente.net<\/p>\n<p>24\/septiembre\/2014<\/p>\n<p>El Oakland Museum of California cita que: \u201cEn 1992, como parte de las celebraciones por el 500 aniversario de la llegada de los espa\u00f1oles a las Am\u00e9ricas (\u00abel encuentro\u00bb), el gobierno reconoci\u00f3 oficialmente que la cultura africana representaba la tercera ra\u00edz de la cultura mexicana, junto con el aporte espa\u00f1ol e ind\u00edgena\u201d.<\/p>\n<p>La importancia que esta afirmaci\u00f3n tiene, no se ve reflejada en la vida cotidiana de M\u00e9xico. En palabras de <a href=\"http:\/\/suite101.net\/article\/afromexicanos-la-tercera-raiz-de-mexico-a50726#.VCG-cCt5PCs\" target=\"_blank\">Joan Carles Guisado<\/a>, <em>\u00ablos estamentos pol\u00edticos mexicanos han optado de una manera u otra a la pr\u00e1ctica negaci\u00f3n de su tercera ra\u00edz\u00bb<\/em>. Son contados los casos en que la historia oficial hace una menci\u00f3n expl\u00edcita de la importancia del pueblo afrodescendiente. Las estad\u00edsticas, en los censos de poblaci\u00f3n, tampoco favorecen el conocimiento de esta ra\u00edz.<\/p>\n<p>Uno de los personajes m\u00e1s importantes en la historia de la Guerra de Independencia, ten\u00eda or\u00edgenes negros. Nos referimos a Vicente Guerrero, quien tambi\u00e9n ocup\u00f3 la silla presidencial de M\u00e9xico durante los primeros a\u00f1os de vida independiente. Gran parte de la sociedad mexicana, desconoce la existencia de la ra\u00edz afromexicana.<\/p>\n<p>De acuerdo con Guisado Cabezas la mayor\u00eda de esclavos negros llegaron a M\u00e9xico procedentes de \u00c1frica entre 1521 y 1640. A diferencia de las islas del Caribe, M\u00e9xico pose\u00eda una gran poblaci\u00f3n ind\u00edgena, a pesar de ello fue necesaria la importaci\u00f3n de esclavos, debido a la ilegalidad de la esclavitud ind\u00edgena proclamada en 1542 en la \u201cNuevas leyes de Indias\u201d y al conocimiento de los africanos en los yacimientos mineros, lo que los hizo m\u00e1s productivos en las minas de plata en Zacatecas y Guanajuato.<\/p>\n<p>Los afromexicanos en la actualidad se hayan ubicados principalmente en los estados de Guerrero, Oaxaca y Veracruz. Apenas en agosto de 2013, se instituy\u00f3 oficialmente el 19 de octubre como el \u201cD\u00eda del Pueblo Negro Afromexicano de Oaxaca\u201d, con el objetivo de reconocer los derechos y ra\u00edces culturales de los descendientes de mujeres y hombres africanos, quienes por d\u00e9cadas hab\u00edan sido relegados. Como en todo el pa\u00eds, el pueblo negro afromexicano ha jugado un papel fundamental en la construcci\u00f3n de la historia y legado cultural de Oaxaca, as\u00ed como en su desarrollo y transici\u00f3n democr\u00e1tica.<\/p>\n<p>Algunos l\u00edderes mexicanos afrodescendientes<\/p>\n<ul>\n<li>Yanga: primer gobernante negro de Am\u00e9rica, originario de Gab\u00f3n, se revel\u00f3 contra los gobernantes de la Nueva Espa\u00f1a, formando una comunidad en el estado de Veracruz sobre 1609.<\/li>\n<li>Jos\u00e9 Mar\u00eda Morelos y Pav\u00f3n: mulato de ascendencia negra naci\u00f3 en el a\u00f1o 1765 en Valladolid en el estado de Morelia. Insurgente, comisionado por Miguel Hidalgo como jefe insurgente en el sur de M\u00e9xico.<\/li>\n<li>Vicente Guerrero: insurgente nombrado presidente de M\u00e9xico por el congreso en enero de 1829, proven\u00eda de una familia de campesinos y arrieros de origen mestizo y era originario de Tixtla en el estado de Guerrero.<\/li>\n<li>Juan \u00c1lvarez \u00abLa Pantera del Sur\u00bb: nombrado presidente de la Rep\u00fablica en el a\u00f1o 1855, nacido en Atoyac en el estado de Guerrero. El apodo de \u201cla pantera del sur\u201d se lo puso el presidente Antonio L\u00f3pez de Santa Anna, precisamente por su ascendencia negra.<\/li>\n<\/ul>\n<p><a href=\"http:\/\/www.eloriente.net\/home\/wp-content\/uploads\/2014\/09\/Afromexicano-Ulises-Estrada.jpg\"><img loading=\"lazy\" decoding=\"async\" class=\"alignnone size-medium wp-image-32525\" title=\"Afromexicano - Ulises Estrada\" src=\"http:\/\/www.eloriente.net\/home\/wp-content\/uploads\/2014\/09\/Afromexicano-Ulises-Estrada-300x225.jpg\" alt=\"\" width=\"300\" height=\"225\" srcset=\"http:\/\/www.eloriente.net\/home\/wp-content\/uploads\/2014\/09\/Afromexicano-Ulises-Estrada-300x225.jpg 300w, http:\/\/www.eloriente.net\/home\/wp-content\/uploads\/2014\/09\/Afromexicano-Ulises-Estrada.jpg 1024w\" sizes=\"(max-width: 300px) 100vw, 300px\" \/><\/a><\/p>\n<p>Foto:\u00a0<a title=\"Ir a la galer\u00eda de Ulises Estrada\" href=\"https:\/\/www.flickr.com\/photos\/ule\/\" data-track=\"attributionNameClick\" data-rapid_p=\"22\">Ulises Estrada<\/a>\u00a0&#8211;\u00a0<a href=\"https:\/\/creativecommons.org\/licenses\/by-sa\/2.0\/\">Algunos derechos reservados<\/a><\/p>\n<p><strong>Entradas relacionadas:<\/strong><\/p>\n<p><a title=\"Permalink to Francisco C\u00e9spedes en la UABJO\" href=\"http:\/\/www.eloriente.net\/home\/2014\/09\/22\/francisco-cespedes-en-la-uabjo\/\" rel=\"bookmark\">Francisco C\u00e9spedes en la UABJO<\/a><\/p>\n<p><a href=\"http:\/\/www.eloriente.net\/home\/2014\/09\/22\/francisco-cespedes-en-la-uabjo\/\" rel=\"bookmark\"><img decoding=\"async\" title=\"Francisco C\u00e9spedes en la UABJO\" src=\"http:\/\/www.eloriente.net\/home\/wp-content\/themes\/city-desk\/timthumb.php?src=http%3A%2F%2Fwww.eloriente.net%2Fhome%2Fwp-content%2Fuploads%2F2014%2F09%2F221.jpg&amp;q=90&amp;w=160&amp;h=106&amp;zc=1\" alt=\"Francisco C\u00e9spedes en la UABJO\" \/><\/a><\/p>\n<p>eloriente.net \/ UABJO 22\/septiembre\/2014 \u2022 Con este evento, la Fundaci\u00f3n UABJO fortalece su programa de becas alimentarias. Con el prop\u00f3sito de incrementar el n\u00famero de becas alimentarias destinadas a estudiantes que se encuentran en situaci\u00f3n econ\u00f3mica vulnerable e inscritos en las diferentes licenciaturas de la nuestra M\u00e1xima Casa de Estudios, la Fundaci\u00f3n UABJO anuncia la [&#8230;]<\/p>\n<p>September 22, 2014<\/p>\n<div id=\"post-32449\">\n<p><a title=\"Permalink to Aniversario Juan Jos\u00e9 Arreola; material de lectura y videos\" href=\"http:\/\/www.eloriente.net\/home\/2014\/09\/21\/aniversario-juan-jose-arreola-material-de-lectura-y-videos\/\" rel=\"bookmark\">Aniversario Juan Jos\u00e9 Arreola; material de lectura y videos<\/a><\/p>\n<p><a href=\"http:\/\/www.eloriente.net\/home\/2014\/09\/21\/aniversario-juan-jose-arreola-material-de-lectura-y-videos\/\" rel=\"bookmark\"><img decoding=\"async\" title=\"Aniversario Juan Jos\u00e9 Arreola; material de lectura y videos\" src=\"http:\/\/www.eloriente.net\/home\/wp-content\/themes\/city-desk\/timthumb.php?src=http%3A%2F%2Fwww.eloriente.net%2Fhome%2Fwp-content%2Fuploads%2F2014%2F09%2FCaptura-de-pantalla-2014-09-21-a-las-12.48.02.png&amp;q=90&amp;w=160&amp;h=106&amp;zc=1\" alt=\"Aniversario Juan Jos\u00e9 Arreola; material de lectura y videos\" \/><\/a><\/p>\n<p>eloriente.net 21 de septiembre de 2014 Admirado escritor y oriente para quienes hacemos esta p\u00e1gina de internet (ELORIENTE.NET), Juan Jos\u00e9 Arreola naci\u00f3 un 21 de septiembre de 1918. Por esa raz\u00f3n (aunque cualquier d\u00eda es magn\u00edfico para leer al maestro de Zapotl\u00e1n), hoy te compartimos algunos recursos recomendados para acercarse a su creaci\u00f3n. Primero, sus [&#8230;]<\/p>\n<p>September 21, 2014<\/p>\n<\/div>\n<div id=\"post-32417\">\n<p><a title=\"Permalink to La Sangre al R\u00edo: Video entrevista con el autor Ra\u00fal Herrera M\u00e1rquez\" href=\"http:\/\/www.eloriente.net\/home\/2014\/09\/21\/la-sangre-al-rio-video-entrevista-con-el-autor-raul-herrera-marquez\/\" rel=\"bookmark\">La Sangre al R\u00edo: Video entrevista con el autor Ra\u00fal Herrera M\u00e1rquez<\/a><\/p>\n<p><a href=\"http:\/\/www.eloriente.net\/home\/2014\/09\/21\/la-sangre-al-rio-video-entrevista-con-el-autor-raul-herrera-marquez\/\" rel=\"bookmark\"><img decoding=\"async\" title=\"La Sangre al R\u00edo: Video entrevista con el autor Ra\u00fal Herrera M\u00e1rquez\" src=\"http:\/\/www.eloriente.net\/home\/wp-content\/themes\/city-desk\/timthumb.php?src=http%3A%2F%2Fwww.eloriente.net%2Fhome%2Fwp-content%2Fuploads%2F2014%2F09%2FPancho-Villa.jpg&amp;q=90&amp;w=160&amp;h=106&amp;zc=1\" alt=\"La Sangre al R\u00edo: Video entrevista con el autor Ra\u00fal Herrera M\u00e1rquez\" \/><\/a><\/p>\n<p>eloriente.net 21\/septiembre\/2014 Ra\u00fal Herrera M\u00e1rquez, destacado pianista egresado de la Escuela Nacional de M\u00fasica y del Instituto de M\u00fasica de Cleveland, incursiona en el mundo de las letras con su obra La Sangre al r\u00edo, una novela verdadera sobre la tragedia de una familia asediada por Francisco Villa. El autor, a partir de una investigaci\u00f3n [&#8230;]<\/p>\n<p>September 21, 2014<\/p>\n<\/div>\n\n\t\t\t  <div \n\t\t\t  \tclass = \"fb-comments\" \n\t\t\t  \tdata-href = \"http:\/\/www.eloriente.net\/home\/2014\/09\/24\/afromexicanos-tercera-raiz-cultural-del-pais\/\"\n\t\t\t  \tdata-numposts = \"10\"\n\t\t\t\tdata-colorscheme = \"dark\"\n\t\t\t\tdata-order-by = \"social\"\n\t\t\t\tdata-mobile=true>\n\t\t\t  <\/div>\n\t\t  <style>\n\t\t\t.fb_iframe_widget_fluid_desktop iframe {\n\t\t\t    width: 100% !important;\n\t\t\t}\n\t\t  <\/style>\n\t\t  ","protected":false},"excerpt":{"rendered":"<p>eloriente.net 24\/septiembre\/2014 El Oakland Museum of California cita que: \u201cEn 1992, como parte de las celebraciones por el 500 aniversario de la llegada de los espa\u00f1oles a las Am\u00e9ricas (\u00abel encuentro\u00bb), el gobierno reconoci\u00f3 oficialmente que la cultura africana representaba la tercera ra\u00edz de la cultura mexicana, junto con el aporte espa\u00f1ol e ind\u00edgena\u201d. La [&hellip;]<\/p>\n","protected":false},"author":1,"featured_media":32525,"comment_status":"open","ping_status":"open","sticky":false,"template":"","format":"standard","meta":{"_jetpack_memberships_contains_paid_content":false,"footnotes":""},"categories":[18,32,10,464],"tags":[902],"class_list":["post-32524","post","type-post","status-publish","format-standard","has-post-thumbnail","hentry","category-educacion-y-cultura","category-entradas","category-lo-mas-reciente","category-oaxaca-estados","tag-afromexicanos"],"jetpack_featured_media_url":"http:\/\/www.eloriente.net\/home\/wp-content\/uploads\/2014\/09\/Afromexicano-Ulises-Estrada.jpg","jetpack_sharing_enabled":true,"_links":{"self":[{"href":"http:\/\/www.eloriente.net\/home\/wp-json\/wp\/v2\/posts\/32524"}],"collection":[{"href":"http:\/\/www.eloriente.net\/home\/wp-json\/wp\/v2\/posts"}],"about":[{"href":"http:\/\/www.eloriente.net\/home\/wp-json\/wp\/v2\/types\/post"}],"author":[{"embeddable":true,"href":"http:\/\/www.eloriente.net\/home\/wp-json\/wp\/v2\/users\/1"}],"replies":[{"embeddable":true,"href":"http:\/\/www.eloriente.net\/home\/wp-json\/wp\/v2\/comments?post=32524"}],"version-history":[{"count":2,"href":"http:\/\/www.eloriente.net\/home\/wp-json\/wp\/v2\/posts\/32524\/revisions"}],"predecessor-version":[{"id":32527,"href":"http:\/\/www.eloriente.net\/home\/wp-json\/wp\/v2\/posts\/32524\/revisions\/32527"}],"wp:featuredmedia":[{"embeddable":true,"href":"http:\/\/www.eloriente.net\/home\/wp-json\/wp\/v2\/media\/32525"}],"wp:attachment":[{"href":"http:\/\/www.eloriente.net\/home\/wp-json\/wp\/v2\/media?parent=32524"}],"wp:term":[{"taxonomy":"category","embeddable":true,"href":"http:\/\/www.eloriente.net\/home\/wp-json\/wp\/v2\/categories?post=32524"},{"taxonomy":"post_tag","embeddable":true,"href":"http:\/\/www.eloriente.net\/home\/wp-json\/wp\/v2\/tags?post=32524"}],"curies":[{"name":"wp","href":"https:\/\/api.w.org\/{rel}","templated":true}]}}