{"id":32535,"date":"2014-09-24T08:05:12","date_gmt":"2014-09-24T14:05:12","guid":{"rendered":"http:\/\/www.eloriente.net\/home\/?p=32535"},"modified":"2014-09-24T08:05:12","modified_gmt":"2014-09-24T14:05:12","slug":"musicos-del-inba-en-oaxaca","status":"publish","type":"post","link":"http:\/\/www.eloriente.net\/home\/2014\/09\/24\/musicos-del-inba-en-oaxaca\/","title":{"rendered":"M\u00fasicos del INBA en Oaxaca"},"content":{"rendered":"<p>eloriente.net \/ <a href=\"http:\/\/www.fahho.org\/home.php\" target=\"_blank\">Fundaci\u00f3n Alfredo Harp Hel\u00fa Oaxaca<\/a><\/p>\n<p>24\/septiembre\/2014<\/p>\n<p>Como parte del programa Bellas Artes a todas partes, Rosa Mar\u00eda Diez (soprano), Luz Mar\u00eda Frenk (violonchelista), Rafael Urrusti (flautista) y Enrique B\u00e1rcena (pianista) se presentar\u00e1n en el Centro Cultural San Pablo (SP) para ejecutar un concierto con piezas de Johann Sebastian Bach, Franz Schubert y H. R. Bishop.<\/p>\n<p>El recital se llevar\u00e1 a cabo el viernes 26 de septiembre a las 19 horas en el claustro de SP y comenzar\u00e1 con la ejecuci\u00f3n de cinco movimientos del Cuaderno de Anna Magdalena de Bach.<\/p>\n<p>Este a\u00f1o, el Centro Cultural San Pablo es uno de los espacio que colaboran con el Instituto Nacional de Bellas Artes (INBA) para que artistas, grupos y compa\u00f1\u00edas de dicha instituci\u00f3n tengan presencia en diversos estados. Este trabajo en equipo beneficia al esparcimiento cultural de los oaxaque\u00f1os.<\/p>\n<p>Sobre los artistas<\/p>\n<p>Rosa Mar\u00eda Diez ha actuado como solista de las principales orquestas del pa\u00eds: Filarm\u00f3nica de la Ciudad de M\u00e9xico, Sinf\u00f3nica Nacional, Sinf\u00f3nica del Estado de M\u00e9xico, Sinf\u00f3nica de Miner\u00eda, OFUNAM, del Teatro de Bellas Artes, de C\u00e1mara de Bellas Artes y de la Universidad de Guanajuato.<\/p>\n<p>Luz Mar\u00eda Frenk ha pertenecido a la Orquesta Filarm\u00f3nica de la Ciudad de M\u00e9xico, donde ocup\u00f3 el puesto de violonchelista asistente de principal por seis a\u00f1os. Form\u00f3 parte de la Orquesta Sinf\u00f3nica de Miner\u00eda y de la Orquesta Sinf\u00f3nica Nacional. Ha participado en festivales internacionales como el Cervantino y el de Morelia, tanto con agrupaciones sinf\u00f3nicas como de c\u00e1mara.<\/p>\n<p>Rafael Urrusti permaneci\u00f3 en la Orquesta Sinf\u00f3nica Nacional por m\u00e1s de diez a\u00f1os. Desde hace treinta, su actividad art\u00edstica abarca los \u00e1mbitos sinf\u00f3nico, siempre de primera flauta. En 2001 ingres\u00f3 al grupo Concertistas de Bellas Artes. Adem\u00e1s es maestro de la Escuela de M\u00fasica Vida y Movimiento, que se especializa en la formaci\u00f3n de instrumentistas.<\/p>\n<p>Enrique B\u00e1rcena recibi\u00f3 menci\u00f3n honor\u00edfica por el Conservatorio Nacional de M\u00fasica. Realiz\u00f3 posteriores estudios en la Escuela de Perfeccionamiento Vida y Movimiento y, becado por el Gobierno austriaco, en la Hochschule f\u00fcr Musik und Darstellende Kunst en Viena.<\/p>\n<p><a href=\"http:\/\/www.eloriente.net\/home\/wp-content\/uploads\/2014\/09\/Bellas-Artes-a-todas-partes.jpg\"><img loading=\"lazy\" decoding=\"async\" class=\"alignnone size-medium wp-image-32536\" title=\"Bellas Artes a todas partes\" src=\"http:\/\/www.eloriente.net\/home\/wp-content\/uploads\/2014\/09\/Bellas-Artes-a-todas-partes-194x300.jpg\" alt=\"\" width=\"194\" height=\"300\" srcset=\"http:\/\/www.eloriente.net\/home\/wp-content\/uploads\/2014\/09\/Bellas-Artes-a-todas-partes-194x300.jpg 194w, http:\/\/www.eloriente.net\/home\/wp-content\/uploads\/2014\/09\/Bellas-Artes-a-todas-partes.jpg 621w\" sizes=\"(max-width: 194px) 100vw, 194px\" \/><\/a><\/p>\n<p>Imagen: FAHHO<\/p>\n<p><strong>Entradas relacionadas:<\/strong><\/p>\n<p><a title=\"Permalink to Seminario de Urbanismo sobre mercados p\u00fablicos en Oaxaca\" href=\"http:\/\/www.eloriente.net\/home\/2014\/09\/16\/seminario-de-urbanismo-sobre-mercados-publicos-en-oaxaca\/\" rel=\"bookmark\">Seminario de Urbanismo sobre mercados p\u00fablicos en Oaxaca<\/a><\/p>\n<p><a href=\"http:\/\/www.eloriente.net\/home\/2014\/09\/16\/seminario-de-urbanismo-sobre-mercados-publicos-en-oaxaca\/\" rel=\"bookmark\"><img decoding=\"async\" title=\"Seminario de Urbanismo sobre mercados p\u00fablicos en Oaxaca\" src=\"http:\/\/www.eloriente.net\/home\/wp-content\/themes\/city-desk\/timthumb.php?src=http%3A%2F%2Fwww.eloriente.net%2Fhome%2Fwp-content%2Fuploads%2F2014%2F09%2FSEMINARIO-DE-URBANISMO.jpg&amp;q=90&amp;w=160&amp;h=106&amp;zc=1\" alt=\"Seminario de Urbanismo sobre mercados p\u00fablicos en Oaxaca\" \/><\/a><\/p>\n<p>eloriente.net \/ Fundaci\u00f3n Alfredo Harp Hel\u00fa Oaxaca 17\/septiembre\/2014 De septiembre a diciembre se llevar\u00e1 a cabo en Casa de la Ciudad la cuarta edici\u00f3n del Seminario de Urbanismo dedicado a los mercados p\u00fablicos Con un programa que dura cuatro meses se llevar\u00e1 a cabo en la ciudad de Oaxaca el 4\u00ba Seminario de Urbanismo, que [&#8230;]<\/p>\n<p>September 16, 2014<\/p>\n<div id=\"post-31794\">\n<p><a title=\"Permalink to Seduce siglo XVII a mel\u00f3manos en la Catedral de Oaxaca\" href=\"http:\/\/www.eloriente.net\/home\/2014\/09\/02\/seduce-siglo-xvii-a-melomanos-en-la-catedral-de-oaxaca\/\" rel=\"bookmark\">Seduce siglo XVII a mel\u00f3manos en la Catedral de Oaxaca<\/a><\/p>\n<p><a href=\"http:\/\/www.eloriente.net\/home\/2014\/09\/02\/seduce-siglo-xvii-a-melomanos-en-la-catedral-de-oaxaca\/\" rel=\"bookmark\"><img decoding=\"async\" title=\"Seduce siglo XVII a mel\u00f3manos en la Catedral de Oaxaca\" src=\"http:\/\/www.eloriente.net\/home\/wp-content\/themes\/city-desk\/timthumb.php?src=http%3A%2F%2Fwww.eloriente.net%2Fhome%2Fwp-content%2Fuploads%2F2014%2F09%2FCatedral-1.jpg&amp;q=90&amp;w=160&amp;h=106&amp;zc=1\" alt=\"Seduce siglo XVII a mel\u00f3manos en la Catedral de Oaxaca\" \/><\/a><\/p>\n<p>eloriente.net 2\/septiembre\/2014 *Composiciones sacras, halladas en legendarios archivos y pertenecientes a quien se conoce como el \u00b4Primer gran compositor de Am\u00e9rica\u2019 fueron compartidas en una velada realizada en la Catedral de Oaxaca Con matices tonales del siglo XVII, la Catedral de la ciudad de Oaxaca se colm\u00f3 de Canto Gregoriano y Polifon\u00eda Cl\u00e1sica Novohispana a [&#8230;]<\/p>\n<p>September 2, 2014<\/p>\n<\/div>\n<div id=\"post-31761\">\n<p><a title=\"Permalink to Guardan en libro diez a\u00f1os de construcci\u00f3n feminista\" href=\"http:\/\/www.eloriente.net\/home\/2014\/09\/01\/guardan-en-libro-diez-anos-de-construccion-feminista\/\" rel=\"bookmark\">Guardan en libro diez a\u00f1os de construcci\u00f3n feminista<\/a><\/p>\n<p><a href=\"http:\/\/www.eloriente.net\/home\/2014\/09\/01\/guardan-en-libro-diez-anos-de-construccion-feminista\/\" rel=\"bookmark\"><img decoding=\"async\" title=\"Guardan en libro diez a\u00f1os de construcci\u00f3n feminista\" src=\"http:\/\/www.eloriente.net\/home\/wp-content\/themes\/city-desk\/timthumb.php?src=http%3A%2F%2Fwww.eloriente.net%2Fhome%2Fwp-content%2Fuploads%2F2014%2F09%2Fconcierto.jpg&amp;q=90&amp;w=160&amp;h=106&amp;zc=1\" alt=\"Guardan en libro diez a\u00f1os de construcci\u00f3n feminista\" \/><\/a><\/p>\n<p>eloriente.net 1\/septiembre\/2014 \u2022 El dolor generado por feminicidios ocurridos en Oaxaca y los avances en defensa de los derechos de las mujeres, fueron registrados por el Consorcio para el Di\u00e1logo Parlamentario y la Equidad Oaxaca A.C. M\u00e1s de 20 historias distribuidas en 82 p\u00e1ginas, que describen el dolor generado por los feminicidios cometidos en diferentes [&#8230;]<\/p>\n<p>September 1, 2014<\/p>\n<\/div>\n\n\t\t\t  <div \n\t\t\t  \tclass = \"fb-comments\" \n\t\t\t  \tdata-href = \"http:\/\/www.eloriente.net\/home\/2014\/09\/24\/musicos-del-inba-en-oaxaca\/\"\n\t\t\t  \tdata-numposts = \"10\"\n\t\t\t\tdata-colorscheme = \"dark\"\n\t\t\t\tdata-order-by = \"social\"\n\t\t\t\tdata-mobile=true>\n\t\t\t  <\/div>\n\t\t  <style>\n\t\t\t.fb_iframe_widget_fluid_desktop iframe {\n\t\t\t    width: 100% !important;\n\t\t\t}\n\t\t  <\/style>\n\t\t  ","protected":false},"excerpt":{"rendered":"<p>eloriente.net \/ Fundaci\u00f3n Alfredo Harp Hel\u00fa Oaxaca 24\/septiembre\/2014 Como parte del programa Bellas Artes a todas partes, Rosa Mar\u00eda Diez (soprano), Luz Mar\u00eda Frenk (violonchelista), Rafael Urrusti (flautista) y Enrique B\u00e1rcena (pianista) se presentar\u00e1n en el Centro Cultural San Pablo (SP) para ejecutar un concierto con piezas de Johann Sebastian Bach, Franz Schubert y H. [&hellip;]<\/p>\n","protected":false},"author":1,"featured_media":32536,"comment_status":"open","ping_status":"open","sticky":false,"template":"","format":"standard","meta":{"_jetpack_memberships_contains_paid_content":false,"footnotes":""},"categories":[8,29,18,32,10],"tags":[1381],"class_list":["post-32535","post","type-post","status-publish","format-standard","has-post-thumbnail","hentry","category-agenda","category-capital","category-educacion-y-cultura","category-entradas","category-lo-mas-reciente","tag-fahho"],"jetpack_featured_media_url":"http:\/\/www.eloriente.net\/home\/wp-content\/uploads\/2014\/09\/Bellas-Artes-a-todas-partes.jpg","jetpack_sharing_enabled":true,"_links":{"self":[{"href":"http:\/\/www.eloriente.net\/home\/wp-json\/wp\/v2\/posts\/32535"}],"collection":[{"href":"http:\/\/www.eloriente.net\/home\/wp-json\/wp\/v2\/posts"}],"about":[{"href":"http:\/\/www.eloriente.net\/home\/wp-json\/wp\/v2\/types\/post"}],"author":[{"embeddable":true,"href":"http:\/\/www.eloriente.net\/home\/wp-json\/wp\/v2\/users\/1"}],"replies":[{"embeddable":true,"href":"http:\/\/www.eloriente.net\/home\/wp-json\/wp\/v2\/comments?post=32535"}],"version-history":[{"count":1,"href":"http:\/\/www.eloriente.net\/home\/wp-json\/wp\/v2\/posts\/32535\/revisions"}],"predecessor-version":[{"id":32537,"href":"http:\/\/www.eloriente.net\/home\/wp-json\/wp\/v2\/posts\/32535\/revisions\/32537"}],"wp:featuredmedia":[{"embeddable":true,"href":"http:\/\/www.eloriente.net\/home\/wp-json\/wp\/v2\/media\/32536"}],"wp:attachment":[{"href":"http:\/\/www.eloriente.net\/home\/wp-json\/wp\/v2\/media?parent=32535"}],"wp:term":[{"taxonomy":"category","embeddable":true,"href":"http:\/\/www.eloriente.net\/home\/wp-json\/wp\/v2\/categories?post=32535"},{"taxonomy":"post_tag","embeddable":true,"href":"http:\/\/www.eloriente.net\/home\/wp-json\/wp\/v2\/tags?post=32535"}],"curies":[{"name":"wp","href":"https:\/\/api.w.org\/{rel}","templated":true}]}}