{"id":32548,"date":"2014-09-24T12:41:05","date_gmt":"2014-09-24T18:41:05","guid":{"rendered":"http:\/\/www.eloriente.net\/home\/?p=32548"},"modified":"2014-09-24T12:41:05","modified_gmt":"2014-09-24T18:41:05","slug":"curso-de-narrativa-periodistica-en-la-uabjo","status":"publish","type":"post","link":"http:\/\/www.eloriente.net\/home\/2014\/09\/24\/curso-de-narrativa-periodistica-en-la-uabjo\/","title":{"rendered":"Curso de Narrativa Period\u00edstica en la UABJO"},"content":{"rendered":"<p>eloriente.net \/ <a href=\"http:\/\/www.uabjo.mx\/\" target=\"_blank\">UABJO<\/a><\/p>\n<p>La Direcci\u00f3n de Arte y Cultura de la Universidad \u201cBenito Ju\u00e1rez\u201d de Oaxaca (UABJO), invita al taller \u201cNarrativa Period\u00edstica\u2026la nota m\u00e1s all\u00e1 de la Cr\u00f3nica, bases del micro relato\u201d, dirigido a estudiantes y p\u00fablico en general que deseen expandir las limitantes que devienen al tratar de diferenciar siempre los l\u00edmites entre un relato y una nota period\u00edstica.<\/p>\n<p>El taller ser\u00e1 impartido por Rodrigo Islas Brito, colaborador y reportero de medios impresos y digitales como el desaparecido El Jolgorio Cultural y el sitio de noticias locales y nacionales RIOAXACA.<\/p>\n<p>\u201cSe trata en buena parte de combatir ese diarismo sin consecuencias, que s\u00f3lo quiere resumir en dos p\u00e1rrafos la historia de la noticia, priv\u00e1ndonos a los lectores de todo lo que la rodea. De su complejidad, de sus protagonistas, de sus consecuencias\u201d<\/p>\n<p>Islas Brito plantea al micro relato como la base de toda buena nota, pues afirma que como reportero cuando est\u00e1s dando cuenta de un hecho noticioso en una nota, tambi\u00e9n estas dando testimonio de una historia.<\/p>\n<p>\u201cEn estos tiempos cibern\u00e9ticos nos quieren convencer que el lector no quiere leer, que no le gusta, que no sabe. Y esto solo ha dado como resultado un sesgo del espectro informativo, que ya no proviene de las cuestionadas figuras de autoridad, sino de los mismos reporteros que solo buscan sacar la chamba sin darle espacio a sus lectores para ning\u00fan tipo de m\u00ednimo esfuerzo reflexivo\u201d<\/p>\n<p>En este sentido, el comunicador plantea que \u201cla gente que se inscriba al curso obtendr\u00e1 herramientas que \u201cle permitan expandir un poco los g\u00e9neros period\u00edsticos, jugar con ellos, y en el proceso divertirnos.\u201d<\/p>\n<p>El curso tendr\u00e1 un curso de recuperaci\u00f3n de 1200 pesos y se realizar\u00e1 los s\u00e1bados, del 27 de septiembre al 6 de diciembre de 2014. Informes al tel\u00e9fono 502 07 32.<\/p>\n<p><a href=\"http:\/\/www.eloriente.net\/home\/wp-content\/uploads\/2014\/09\/241.jpg\"><img loading=\"lazy\" decoding=\"async\" class=\"alignnone size-medium wp-image-32549\" title=\"24(1)\" src=\"http:\/\/www.eloriente.net\/home\/wp-content\/uploads\/2014\/09\/241-300x200.jpg\" alt=\"\" width=\"300\" height=\"200\" srcset=\"http:\/\/www.eloriente.net\/home\/wp-content\/uploads\/2014\/09\/241-300x200.jpg 300w, http:\/\/www.eloriente.net\/home\/wp-content\/uploads\/2014\/09\/241-1024x682.jpg 1024w\" sizes=\"(max-width: 300px) 100vw, 300px\" \/><\/a><\/p>\n<p>Foto: UABJO<\/p>\n<p><strong>Entradas relacionadas:<\/strong><\/p>\n<p><a title=\"Permalink to Bolet\u00edn Electr\u00f3nico de Medio Ambiente y Gobierno por el CIEDD\" href=\"http:\/\/www.eloriente.net\/home\/2014\/09\/24\/boletin-electronico-de-medio-ambiente-y-gobierno-por-el-ciedd\/\" rel=\"bookmark\">Bolet\u00edn Electr\u00f3nico de Medio Ambiente y Gobierno por el CIEDD<\/a><\/p>\n<p><a href=\"http:\/\/www.eloriente.net\/home\/2014\/09\/24\/boletin-electronico-de-medio-ambiente-y-gobierno-por-el-ciedd\/\" rel=\"bookmark\"><img decoding=\"async\" title=\"Bolet\u00edn Electr\u00f3nico de Medio Ambiente y Gobierno por el CIEDD\" src=\"http:\/\/www.eloriente.net\/home\/wp-content\/themes\/city-desk\/timthumb.php?src=http%3A%2F%2Fwww.eloriente.net%2Fhome%2Fwp-content%2Fuploads%2F2014%2F09%2FCIEDD.jpg&amp;q=90&amp;w=160&amp;h=106&amp;zc=1\" alt=\"Bolet\u00edn Electr\u00f3nico de Medio Ambiente y Gobierno por el CIEDD\" \/><\/a><\/p>\n<p>eloriente.net \/ CIEDD 24\/septiembre\/2014 En el mes de septiembre, el Gobierno del Estado de Oaxaca a trav\u00e9s del Centro de Informaci\u00f3n Estad\u00edstica y Documental para el Desarrollo (CIEDD), presentan su nuevo n\u00famero de Sensor: Bolet\u00edn Electr\u00f3nico de Medio Ambiente y Gobierno. En esta edici\u00f3n dedicada al tema de los Humedales y la Biodiversidad Marina y [&#8230;]<\/p>\n<p>September 24, 2014<\/p>\n<div id=\"post-32524\">\n<p><a title=\"Permalink to Afromexicanos: Tercera ra\u00edz cultural del pa\u00eds\" href=\"http:\/\/www.eloriente.net\/home\/2014\/09\/24\/afromexicanos-tercera-raiz-cultural-del-pais\/\" rel=\"bookmark\">Afromexicanos: Tercera ra\u00edz cultural del pa\u00eds<\/a><\/p>\n<p><a href=\"http:\/\/www.eloriente.net\/home\/2014\/09\/24\/afromexicanos-tercera-raiz-cultural-del-pais\/\" rel=\"bookmark\"><img decoding=\"async\" title=\"Afromexicanos: Tercera ra\u00edz cultural del pa\u00eds\" src=\"http:\/\/www.eloriente.net\/home\/wp-content\/themes\/city-desk\/timthumb.php?src=http%3A%2F%2Fwww.eloriente.net%2Fhome%2Fwp-content%2Fuploads%2F2014%2F09%2FAfromexicano-Ulises-Estrada.jpg&amp;q=90&amp;w=160&amp;h=106&amp;zc=1\" alt=\"Afromexicanos: Tercera ra\u00edz cultural del pa\u00eds\" \/><\/a><\/p>\n<p>eloriente.net 24\/septiembre\/2014 El Oakland Museum of California cita que: \u201cEn 1992, como parte de las celebraciones por el 500 aniversario de la llegada de los espa\u00f1oles a las Am\u00e9ricas (\u00abel encuentro\u00bb), el gobierno reconoci\u00f3 oficialmente que la cultura africana representaba la tercera ra\u00edz de la cultura mexicana, junto con el aporte espa\u00f1ol e ind\u00edgena\u201d. La [&#8230;]<\/p>\n<p>September 24, 2014<\/p>\n<\/div>\n<div id=\"post-32493\">\n<p><a title=\"Permalink to Francisco C\u00e9spedes en la UABJO\" href=\"http:\/\/www.eloriente.net\/home\/2014\/09\/22\/francisco-cespedes-en-la-uabjo\/\" rel=\"bookmark\">Francisco C\u00e9spedes en la UABJO<\/a><\/p>\n<p><a href=\"http:\/\/www.eloriente.net\/home\/2014\/09\/22\/francisco-cespedes-en-la-uabjo\/\" rel=\"bookmark\"><img decoding=\"async\" title=\"Francisco C\u00e9spedes en la UABJO\" src=\"http:\/\/www.eloriente.net\/home\/wp-content\/themes\/city-desk\/timthumb.php?src=http%3A%2F%2Fwww.eloriente.net%2Fhome%2Fwp-content%2Fuploads%2F2014%2F09%2F221.jpg&amp;q=90&amp;w=160&amp;h=106&amp;zc=1\" alt=\"Francisco C\u00e9spedes en la UABJO\" \/><\/a><\/p>\n<p>eloriente.net \/ UABJO 22\/septiembre\/2014 \u2022 Con este evento, la Fundaci\u00f3n UABJO fortalece su programa de becas alimentarias. Con el prop\u00f3sito de incrementar el n\u00famero de becas alimentarias destinadas a estudiantes que se encuentran en situaci\u00f3n econ\u00f3mica vulnerable e inscritos en las diferentes licenciaturas de la nuestra M\u00e1xima Casa de Estudios, la Fundaci\u00f3n UABJO anuncia la [&#8230;]<\/p>\n<p>September 22, 2014<\/p>\n<\/div>\n<p>&nbsp;<\/p>\n\n\t\t\t  <div \n\t\t\t  \tclass = \"fb-comments\" \n\t\t\t  \tdata-href = \"http:\/\/www.eloriente.net\/home\/2014\/09\/24\/curso-de-narrativa-periodistica-en-la-uabjo\/\"\n\t\t\t  \tdata-numposts = \"10\"\n\t\t\t\tdata-colorscheme = \"dark\"\n\t\t\t\tdata-order-by = \"social\"\n\t\t\t\tdata-mobile=true>\n\t\t\t  <\/div>\n\t\t  <style>\n\t\t\t.fb_iframe_widget_fluid_desktop iframe {\n\t\t\t    width: 100% !important;\n\t\t\t}\n\t\t  <\/style>\n\t\t  ","protected":false},"excerpt":{"rendered":"<p>eloriente.net \/ UABJO La Direcci\u00f3n de Arte y Cultura de la Universidad \u201cBenito Ju\u00e1rez\u201d de Oaxaca (UABJO), invita al taller \u201cNarrativa Period\u00edstica\u2026la nota m\u00e1s all\u00e1 de la Cr\u00f3nica, bases del micro relato\u201d, dirigido a estudiantes y p\u00fablico en general que deseen expandir las limitantes que devienen al tratar de diferenciar siempre los l\u00edmites entre un [&hellip;]<\/p>\n","protected":false},"author":1,"featured_media":32549,"comment_status":"open","ping_status":"open","sticky":false,"template":"","format":"standard","meta":{"_jetpack_memberships_contains_paid_content":false,"footnotes":""},"categories":[1588,32,10,464,84],"tags":[182],"class_list":["post-32548","post","type-post","status-publish","format-standard","has-post-thumbnail","hentry","category-comunicados-y-boletines","category-entradas","category-lo-mas-reciente","category-oaxaca-estados","category-universidades","tag-uabjo"],"jetpack_featured_media_url":"http:\/\/www.eloriente.net\/home\/wp-content\/uploads\/2014\/09\/241.jpg","jetpack_sharing_enabled":true,"_links":{"self":[{"href":"http:\/\/www.eloriente.net\/home\/wp-json\/wp\/v2\/posts\/32548"}],"collection":[{"href":"http:\/\/www.eloriente.net\/home\/wp-json\/wp\/v2\/posts"}],"about":[{"href":"http:\/\/www.eloriente.net\/home\/wp-json\/wp\/v2\/types\/post"}],"author":[{"embeddable":true,"href":"http:\/\/www.eloriente.net\/home\/wp-json\/wp\/v2\/users\/1"}],"replies":[{"embeddable":true,"href":"http:\/\/www.eloriente.net\/home\/wp-json\/wp\/v2\/comments?post=32548"}],"version-history":[{"count":1,"href":"http:\/\/www.eloriente.net\/home\/wp-json\/wp\/v2\/posts\/32548\/revisions"}],"predecessor-version":[{"id":32550,"href":"http:\/\/www.eloriente.net\/home\/wp-json\/wp\/v2\/posts\/32548\/revisions\/32550"}],"wp:featuredmedia":[{"embeddable":true,"href":"http:\/\/www.eloriente.net\/home\/wp-json\/wp\/v2\/media\/32549"}],"wp:attachment":[{"href":"http:\/\/www.eloriente.net\/home\/wp-json\/wp\/v2\/media?parent=32548"}],"wp:term":[{"taxonomy":"category","embeddable":true,"href":"http:\/\/www.eloriente.net\/home\/wp-json\/wp\/v2\/categories?post=32548"},{"taxonomy":"post_tag","embeddable":true,"href":"http:\/\/www.eloriente.net\/home\/wp-json\/wp\/v2\/tags?post=32548"}],"curies":[{"name":"wp","href":"https:\/\/api.w.org\/{rel}","templated":true}]}}