{"id":32583,"date":"2014-09-26T00:00:23","date_gmt":"2014-09-26T06:00:23","guid":{"rendered":"http:\/\/www.eloriente.net\/home\/?p=32583"},"modified":"2014-09-25T11:39:19","modified_gmt":"2014-09-25T17:39:19","slug":"findetv-recomendaciones-el_oriente-para-ver-este-fin-de-semana-2","status":"publish","type":"post","link":"http:\/\/www.eloriente.net\/home\/2014\/09\/26\/findetv-recomendaciones-el_oriente-para-ver-este-fin-de-semana-2\/","title":{"rendered":"#FindeTV: Recomendaciones @El_Oriente para ver este fin de semana"},"content":{"rendered":"<p>eloriente.net<\/p>\n<p>26\/septiembre\/2014<\/p>\n<p>\u00a1Es viernes de recomendaciones! @El_Oriente te\u00a0<strong>comparte<\/strong>\u00a0algunos programas, eventos o pel\u00edculas que se transmitir\u00e1n este fin de semana para que, con medida, pases un rato frente al televisor con una programaci\u00f3n de calidad que vale el tiempo invertido.<\/p>\n<p>Si t\u00fa tienes m\u00e1s recomendaciones, no dudes en compartirlas en nuestro twitter:\u00a0<a href=\"https:\/\/twitter.com\/El_Oriente\" target=\"_blank\">@El_Oriente<\/a>\u00a0o en nuestra p\u00e1gina de\u00a0<a href=\"http:\/\/www.facebook.com\/pages\/El-Oriente\/443535572345554\" target=\"_blank\">FACEBOOK<\/a>.<\/p>\n<p><strong>Viernes 26 de septiembre<\/strong><\/p>\n<ul>\n<li><em>Canal 22: Experiencia ac\u00fastica \u2013 20:00 horas<\/em><\/li>\n<\/ul>\n<p>Jazz, pop, rock y un sinf\u00edn de g\u00e9neros musicales forman parte de Experiencia ac\u00fastica, donde Pablo Zacar\u00edas presenta los mejores eventos realizados en festivales nacionales e internacionales, \u00a0as\u00ed como conciertos que famosas agrupaciones ofrecen en importantes recintos.<\/p>\n<p><strong>S\u00e1bado 27 de septiembre<\/strong><\/p>\n<ul>\n<li><em>Planeta Futbol de SKY: Liverpool vs Everton &#8211; 06:45 horas<\/em><\/li>\n<\/ul>\n<p>Una edici\u00f3n m\u00e1s del cl\u00e1sico de Merseyside. Los dos equipos m\u00e1s populares de Liverpool, se enfrentan en apenas la jornada 6 de la Liga Inglesa; los \u00abReds\u00bb llegan con 6 puntos, uno m\u00e1s que el Everton, por lo que la victoria representar\u00eda una gran ayuda en busca de las primeras posiciones de la tabla. The Derby es uno de los partidos m\u00e1s pasionales de la isla y tendr\u00e1 como protagonistas al capit\u00e1n Steven Gerrard, Daniel Sturridge y al reci\u00e9n incorporado Mario Balotelli por parte del Liverpool, y del lado <em>tofee<\/em> a Tim Howard, Leighton Baines y Samuel Eto&#8217;o.<\/p>\n<ul>\n<li><em>Canal 22: La dichosa palabra \u2013 20:00 horas<\/em><\/li>\n<\/ul>\n<p>El conocimiento, ingenio, audacia y buen humor de los conductores se re\u00fanen en Canal 22 \u00a0para hablar de v\u00ednculo universal: el lenguaje. Laura Garc\u00eda, Eduardo Casar, German Ortega y Pablo Boullosa brindan definiciones, comentan frases mal empleadas, describen el origen de las palabras y aclaran las dudas de la audiencia sobre diversos temas literarios.<\/p>\n<p><strong>Domingo 28 de septiembre<\/strong><\/p>\n<ul>\n<li><em>Canal 22: La m\u00fasica con Manzanero \u2013 20:00 horas<\/em><\/li>\n<\/ul>\n<p>La m\u00fasica est\u00e1 en todos lados y en Canal 22 tambi\u00e9n, es por eso que uno de los m\u00e1s grandes compositores de M\u00e9xico: Armando Manzanero, protagoniza este espacio sonoro en el que se da cabida a artistas consagrados y nuevos talentos, quienes consentir\u00e1n al televidente con sus canciones.<\/p>\n<ul>\n<li><em>Canal 22: Series estelares Dostoyevski &#8211; 21:00 horas<\/em><\/li>\n<\/ul>\n<p>Miniserie cl\u00e1sica de Khotinenko basada en la vida no convencional, misteriosa y tr\u00e1gica del escritor ruso Dostoyevski. Altamente reconocido en los c\u00edrculos literarios, Dostoyevski tuvo una vida de contrastes entre apuros econ\u00f3micos. Desde\u00f1ado por las autoridades, tuvo siempre la gracia de un soberano. Tanto amor y celos, alegr\u00eda y sufrimiento; Dostoyevski era una paradoja viviente.<\/p>\n<ul>\n<li><em>History Channel: Houdini &#8211; 22:00 horas<\/em><\/li>\n<\/ul>\n<p>El laureado actor y ganador del premio \u00d3scar, Adrien Brody, interpreta a Harry Houdini en esta mini serie \u00e9pica que narra la historia del hombre oculto tras la magia al descubrir la fama, participar en espionaje, enfrentarse a espiritistas y conocer a los personajes m\u00e1s famosos de su \u00e9poca. HOUDINI relata la vida de Harry desde su origen de agobiante pobreza, su matrimonio con su amada esposa y asistente, Bess (Kristen Connolly), hasta lograr la fama internacional y su prematura y misteriosa muerte.<\/p>\n<p><a href=\"http:\/\/www.eloriente.net\/home\/wp-content\/uploads\/2014\/09\/Houdini-Ed.jpg\"><img loading=\"lazy\" decoding=\"async\" class=\"alignnone size-medium wp-image-32585\" title=\"Houdini - Ed\" src=\"http:\/\/www.eloriente.net\/home\/wp-content\/uploads\/2014\/09\/Houdini-Ed-300x222.jpg\" alt=\"\" width=\"300\" height=\"222\" srcset=\"http:\/\/www.eloriente.net\/home\/wp-content\/uploads\/2014\/09\/Houdini-Ed-300x222.jpg 300w, http:\/\/www.eloriente.net\/home\/wp-content\/uploads\/2014\/09\/Houdini-Ed.jpg 348w\" sizes=\"(max-width: 300px) 100vw, 300px\" \/><\/a><\/p>\n<p>Imagen:\u00a0<a title=\"Ir a la galer\u00eda de Ed\" href=\"https:\/\/www.flickr.com\/photos\/gooseotter\/\" data-track=\"attributionNameClick\" data-rapid_p=\"22\">Ed<\/a>\u00a0&#8211;\u00a0<a href=\"https:\/\/creativecommons.org\/licenses\/by-sa\/2.0\/\">Algunos derechos reservados<\/a><\/p>\n<p><strong>Entradas relacionadas:<\/strong><\/p>\n<p><a title=\"Permalink to \u201cGabino Cu\u00e9 Monteagudo, Alternancia y Transici\u00f3n\u201d libro de V\u00edctor Ra\u00fal Mart\u00ednez V\u00e1squez\" href=\"http:\/\/www.eloriente.net\/home\/2014\/09\/25\/gabino-cue-monteagudo-alternancia-y-transicion-libro-de-victor-raul-martinez-vasquez\/\" rel=\"bookmark\">\u201cGabino Cu\u00e9 Monteagudo, Alternancia y Transici\u00f3n\u201d libro de V\u00edctor Ra\u00fal Mart\u00ednez V\u00e1squez<\/a><\/p>\n<p><a href=\"http:\/\/www.eloriente.net\/home\/2014\/09\/25\/gabino-cue-monteagudo-alternancia-y-transicion-libro-de-victor-raul-martinez-vasquez\/\" rel=\"bookmark\"><img decoding=\"async\" title=\"\u201cGabino Cu\u00e9 Monteagudo, Alternancia y Transici\u00f3n\u201d libro de V\u00edctor Ra\u00fal Mart\u00ednez V\u00e1squez\" src=\"http:\/\/www.eloriente.net\/home\/wp-content\/themes\/city-desk\/timthumb.php?src=http%3A%2F%2Fwww.eloriente.net%2Fhome%2Fwp-content%2Fuploads%2F2014%2F09%2FV%C3%ADctor-Ra%C3%BAl-GobOax.jpg&amp;q=90&amp;w=160&amp;h=106&amp;zc=1\" alt=\"\u201cGabino Cu\u00e9 Monteagudo, Alternancia y Transici\u00f3n\u201d libro de V\u00edctor Ra\u00fal Mart\u00ednez V\u00e1squez\" \/><\/a><\/p>\n<p>eloriente.net \/ Gobierno de Oaxaca 25\/septiembre\/2014 El Doctor en Sociolog\u00eda por la Universidad Aut\u00f3noma de M\u00e9xico y miembro del Sistema Nacional de Investigaciones de la Academia de Ciencias y del Consejo Mexicano de Investigaci\u00f3n Educativa, V\u00edctor Ra\u00fal Mart\u00ednez V\u00e1squez, mostrar\u00e1 su nueva obra titulada \u201cGabino Cu\u00e9 Monteagudo, Alternancia y Transici\u00f3n en Oaxaca\u201d; este lunes 29 [&#8230;]<\/p>\n<p>September 25, 2014<\/p>\n<div id=\"post-32562\">\n<p><a title=\"Permalink to La espera est\u00e1 por terminar \u201cThe Flash\u201d #JuevesdeCineySeries\" href=\"http:\/\/www.eloriente.net\/home\/2014\/09\/25\/la-espera-esta-por-terminar-the-flash-juevesdecineyseries\/\" rel=\"bookmark\">La espera est\u00e1 por terminar \u201cThe Flash\u201d #JuevesdeCineySeries<\/a><\/p>\n<p><a href=\"http:\/\/www.eloriente.net\/home\/2014\/09\/25\/la-espera-esta-por-terminar-the-flash-juevesdecineyseries\/\" rel=\"bookmark\"><img decoding=\"async\" title=\"La espera est\u00e1 por terminar \u201cThe Flash\u201d #JuevesdeCineySeries\" src=\"http:\/\/www.eloriente.net\/home\/wp-content\/themes\/city-desk\/timthumb.php?src=http%3A%2F%2Fwww.eloriente.net%2Fhome%2Fwp-content%2Fuploads%2F2014%2F09%2FFlash.jpg&amp;q=90&amp;w=160&amp;h=106&amp;zc=1\" alt=\"La espera est\u00e1 por terminar \u201cThe Flash\u201d #JuevesdeCineySeries\" \/><\/a><\/p>\n<p>eloriente.net 25\/septiembre\/2014 La tragedia de Barry Allen, comenz\u00f3 a la corta de edad de 11 a\u00f1os, cuando su madre fue asesinada y su padre fue condenado injustamente del crimen, lo que lo condujo a prisi\u00f3n. Fueron a\u00f1os en esa dif\u00edcil etapa, pero Allen supo sobreponerse y a\u00f1os m\u00e1s tarde se convirti\u00f3 en un excelente investigador [&#8230;]<\/p>\n<p>September 25, 2014<\/p>\n<\/div>\n<div id=\"post-32548\">\n<p><a title=\"Permalink to Curso de Narrativa Period\u00edstica en la UABJO\" href=\"http:\/\/www.eloriente.net\/home\/2014\/09\/24\/curso-de-narrativa-periodistica-en-la-uabjo\/\" rel=\"bookmark\">Curso de Narrativa Period\u00edstica en la UABJO<\/a><\/p>\n<p><a href=\"http:\/\/www.eloriente.net\/home\/2014\/09\/24\/curso-de-narrativa-periodistica-en-la-uabjo\/\" rel=\"bookmark\"><img decoding=\"async\" title=\"Curso de Narrativa Period\u00edstica en la UABJO\" src=\"http:\/\/www.eloriente.net\/home\/wp-content\/themes\/city-desk\/timthumb.php?src=http%3A%2F%2Fwww.eloriente.net%2Fhome%2Fwp-content%2Fuploads%2F2014%2F09%2F241.jpg&amp;q=90&amp;w=160&amp;h=106&amp;zc=1\" alt=\"Curso de Narrativa Period\u00edstica en la UABJO\" \/><\/a><\/p>\n<p>eloriente.net \/ UABJO La Direcci\u00f3n de Arte y Cultura de la Universidad \u201cBenito Ju\u00e1rez\u201d de Oaxaca (UABJO), invita al taller \u201cNarrativa Period\u00edstica\u2026la nota m\u00e1s all\u00e1 de la Cr\u00f3nica, bases del micro relato\u201d, dirigido a estudiantes y p\u00fablico en general que deseen expandir las limitantes que devienen al tratar de diferenciar siempre los l\u00edmites entre un [&#8230;]<\/p>\n<p>September 24, 2014<\/p>\n<\/div>\n\n\t\t\t  <div \n\t\t\t  \tclass = \"fb-comments\" \n\t\t\t  \tdata-href = \"http:\/\/www.eloriente.net\/home\/2014\/09\/26\/findetv-recomendaciones-el_oriente-para-ver-este-fin-de-semana-2\/\"\n\t\t\t  \tdata-numposts = \"10\"\n\t\t\t\tdata-colorscheme = \"dark\"\n\t\t\t\tdata-order-by = \"social\"\n\t\t\t\tdata-mobile=true>\n\t\t\t  <\/div>\n\t\t  <style>\n\t\t\t.fb_iframe_widget_fluid_desktop iframe {\n\t\t\t    width: 100% !important;\n\t\t\t}\n\t\t  <\/style>\n\t\t  ","protected":false},"excerpt":{"rendered":"<p>eloriente.net 26\/septiembre\/2014 \u00a1Es viernes de recomendaciones! @El_Oriente te\u00a0comparte\u00a0algunos programas, eventos o pel\u00edculas que se transmitir\u00e1n este fin de semana para que, con medida, pases un rato frente al televisor con una programaci\u00f3n de calidad que vale el tiempo invertido. Si t\u00fa tienes m\u00e1s recomendaciones, no dudes en compartirlas en nuestro twitter:\u00a0@El_Oriente\u00a0o en nuestra p\u00e1gina de\u00a0FACEBOOK. [&hellip;]<\/p>\n","protected":false},"author":1,"featured_media":32585,"comment_status":"open","ping_status":"open","sticky":false,"template":"","format":"standard","meta":{"_jetpack_memberships_contains_paid_content":false,"footnotes":""},"categories":[2623,32,10],"tags":[2618],"class_list":["post-32583","post","type-post","status-publish","format-standard","has-post-thumbnail","hentry","category-findetv-salud-y-estilo-de-vida","category-entradas","category-lo-mas-reciente","tag-findetv"],"jetpack_featured_media_url":"http:\/\/www.eloriente.net\/home\/wp-content\/uploads\/2014\/09\/Houdini-Ed.jpg","jetpack_sharing_enabled":true,"_links":{"self":[{"href":"http:\/\/www.eloriente.net\/home\/wp-json\/wp\/v2\/posts\/32583"}],"collection":[{"href":"http:\/\/www.eloriente.net\/home\/wp-json\/wp\/v2\/posts"}],"about":[{"href":"http:\/\/www.eloriente.net\/home\/wp-json\/wp\/v2\/types\/post"}],"author":[{"embeddable":true,"href":"http:\/\/www.eloriente.net\/home\/wp-json\/wp\/v2\/users\/1"}],"replies":[{"embeddable":true,"href":"http:\/\/www.eloriente.net\/home\/wp-json\/wp\/v2\/comments?post=32583"}],"version-history":[{"count":2,"href":"http:\/\/www.eloriente.net\/home\/wp-json\/wp\/v2\/posts\/32583\/revisions"}],"predecessor-version":[{"id":32587,"href":"http:\/\/www.eloriente.net\/home\/wp-json\/wp\/v2\/posts\/32583\/revisions\/32587"}],"wp:featuredmedia":[{"embeddable":true,"href":"http:\/\/www.eloriente.net\/home\/wp-json\/wp\/v2\/media\/32585"}],"wp:attachment":[{"href":"http:\/\/www.eloriente.net\/home\/wp-json\/wp\/v2\/media?parent=32583"}],"wp:term":[{"taxonomy":"category","embeddable":true,"href":"http:\/\/www.eloriente.net\/home\/wp-json\/wp\/v2\/categories?post=32583"},{"taxonomy":"post_tag","embeddable":true,"href":"http:\/\/www.eloriente.net\/home\/wp-json\/wp\/v2\/tags?post=32583"}],"curies":[{"name":"wp","href":"https:\/\/api.w.org\/{rel}","templated":true}]}}