{"id":32608,"date":"2014-09-26T10:31:34","date_gmt":"2014-09-26T16:31:34","guid":{"rendered":"http:\/\/www.eloriente.net\/home\/?p=32608"},"modified":"2014-09-26T10:31:34","modified_gmt":"2014-09-26T16:31:34","slug":"abre-festival-internacional-tamaulipas-2014-con-1500-artistas","status":"publish","type":"post","link":"http:\/\/www.eloriente.net\/home\/2014\/09\/26\/abre-festival-internacional-tamaulipas-2014-con-1500-artistas\/","title":{"rendered":"Abre Festival Internacional Tamaulipas 2014 con 1,500 artistas"},"content":{"rendered":"<p>eloriente.net\/Gobierno de Tamaulipas<\/p>\n<p>26 de septiembre de 2014<\/p>\n<p>*<strong>M\u00e1s de mil 500 artistas recorrer\u00e1n toda la geograf\u00eda tamaulipeca con m\u00e1s de 500 espect\u00e1culos en los 43 municipios<\/strong><\/p>\n<p>CD. VICTORIA, Tamaulipas.-\u00a0\u201cCon el Festival Internacional Tamaulipas, nuestro estado se muestra con orgullo hacia M\u00e9xico y al mundo como lo que somos: una tierra grande y diversa, que apoyada en su energ\u00eda, apuesta al porvenir con lo mejor que tenemos, nuestra gente\u201d, se\u00f1al\u00f3 el Gobernador Egidio Torre Cant\u00fa al inaugurar, la m\u00e1xima fiesta del arte y la cultura de los tamaulipecos.<\/p>\n<p>\u201cDesde el Gobierno del Estado, facilitamos el fomento de las expresiones creativas de los tamaulipecos, convencidos que con s\u00f3lidas bases humanistas construimos un Tamaulipas m\u00e1s fuerte\u201d, afirm\u00f3.<\/p>\n<p>En esta tercera llamada, Torre Cant\u00fa estuvo acompa\u00f1ado de su esposa, Mar\u00eda del Pilar Gonz\u00e1lez de Torre, Presidenta del Sistema DIF Tamaulipas; Jorge Alberto Delgado Fern\u00e1ndez, Embajador de Uruguay en M\u00e9xico y su esposa, Mariana D\u00edaz de Delgado; Rolando Rodrigo Zapata Bello, Gobernador de Yucat\u00e1n y su esposa Sara Blancarte de Zapata; as\u00ed como Libertad Garc\u00eda Cabriales, titular del Instituto Tamaulipeco para la Cultura y las Artes (ITCA).<\/p>\n<p>\u201cEsta noche memorable, celebramos con gusto la unidad, la alegr\u00eda y el encuentro armonioso con la cultura\u201d, agreg\u00f3 Torre Cant\u00fa al se\u00f1alar que el Festival Internacional Tamaulipas se ha transformado y se ha consolidado.<\/p>\n<p>En ese sentido, dijo que el FIT responde ahora a un modelo de desarrollo que busca que la creatividad e innovaci\u00f3n estimulen a nuestras comunidades en torno a valores de fraternidad, convivencia y de paz.<\/p>\n<p>\u201cEsta es la ocasi\u00f3n de hacer de la gran celebraci\u00f3n cultural tamaulipeca, puente de solidaridad, revitalizaci\u00f3n del di\u00e1logo fraterno y oportunidad de progreso compartido\u201d, puntualiz\u00f3 el ejecutivo Estatal al hacer un llamado a que disfrutemos todos de las artes, de la armon\u00eda y del encuentro.<\/p>\n<p>En funci\u00f3n de una pol\u00edtica cultural estatal din\u00e1mica, democr\u00e1tica e incluyente, el Festival Internacional Tamaulipas (FIT) 2014 promueve espacios de convivencia a trav\u00e9s de la cultura y las artes en los 43 municipios de Tamaulipas con actividades de danza, m\u00fasica, teatro, artes pl\u00e1sticas y literatura de manera gratuita.<\/p>\n<p>Jorge Alberto Delgado Fern\u00e1ndez, Embajador de Uruguay en M\u00e9xico, a\u00a0 nombre de su pueblo agradeci\u00f3 esta oportunidad para que su bandera se una a la de su hermano M\u00e9xico, a Tamaulipas y Yucat\u00e1n.<\/p>\n<p>\u201cDisfrutemos pues en paz, juntos aprendamos \u00a0del colorido de nuestros cantos, de nuestros bailes a trav\u00e9s de quienes nos acompa\u00f1ar\u00e1n en esta fiesta que permanecer\u00e1 siempre en nuestra memoria, esta fiesta tamauliepuruguya-yucateca\u201d.<\/p>\n<p>La Directora del Instituto Tamaulipeco para la Cultura y las Artes, Libertad Garc\u00eda Cabriales, se\u00f1al\u00f3 que este Festival es uno de los m\u00e1s reconocidos a nivel nacional\u00a0 que se distingue por la unidad que se manifiesta en la danza, en la m\u00fasica y en la pl\u00e1stica de los grandes artistas internacionales pero muy especialmente de los artistas tamaulipecos<\/p>\n<p>La gran inauguraci\u00f3n de la m\u00e1xima fiesta del arte y la cultura 2014 se llev\u00f3 a cabo en la Plaza Ju\u00e1rez de Ciudad Victoria con la participaci\u00f3n de la Orquesta T\u00edpica Yukaltep\u00e9n y el Ballet Folkl\u00f3rico del Estado de Yucat\u00e1n.<\/p>\n<p>En esta misma plaza diferentes artesanos, provenientes de Yucat\u00e1n, ofrecieron una muestra para celebrar el arte, la cultura y las tradiciones de aquel estado invitado de honor.<\/p>\n<p>Posteriormente las autoridades se dirigieron al Teatro Amalia G. de Castillo Led\u00f3n, del Centro Cultural Tamaulipas (CCT), para presenciar el espect\u00e1culo \u201cMis tesoros\u201d ofrecido por la cantante y bailarina matamorense Bianca Marroqu\u00edn.<\/p>\n<p>En el Atrio del CCT se muestra la exposici\u00f3n \u201cPo\u00e9tica Urbana\u201d del artista pl\u00e1stico originario de Uruguay, pa\u00eds invitado de honor en esta edici\u00f3n.<\/p>\n<p>El Festival Internacional Tamaulipas 2014 celebra el encuentro entre los tamaulipecos con propuestas de 8 grupos internacionales, destacando 7 de Uruguay, 8 de Yucat\u00e1n, adem\u00e1s 19 agrupaciones nacionales y 13 de Tamaulipas. Forman parte de este festival 7 actividades literarias.<\/p>\n<p>En las artes pl\u00e1sticas se expondr\u00e1n 35 eventos con 2 exposiciones internacionales y 6 nacionales y 14 tamaulipecos.<\/p>\n<p>&#8212; Desde ELORIENTE.NET te invitamos a checar horarios, sedes, artistas, dando click <a href=\"http:\/\/fit.gob.mx\/\" target=\"_blank\">AQUI.<\/a><\/p>\n<p><a href=\"http:\/\/www.eloriente.net\/home\/wp-content\/uploads\/2014\/09\/FOTO-04-COMUNICADO-1403-ETC-FESTIVAL-TAMAULIPAS-2014.jpg\"><img loading=\"lazy\" decoding=\"async\" class=\"alignnone size-medium wp-image-32609\" title=\"FOTO-04-COMUNICADO-1403-ETC FESTIVAL TAMAULIPAS 2014\" src=\"http:\/\/www.eloriente.net\/home\/wp-content\/uploads\/2014\/09\/FOTO-04-COMUNICADO-1403-ETC-FESTIVAL-TAMAULIPAS-2014-300x127.jpg\" alt=\"\" width=\"300\" height=\"127\" srcset=\"http:\/\/www.eloriente.net\/home\/wp-content\/uploads\/2014\/09\/FOTO-04-COMUNICADO-1403-ETC-FESTIVAL-TAMAULIPAS-2014-300x127.jpg 300w, http:\/\/www.eloriente.net\/home\/wp-content\/uploads\/2014\/09\/FOTO-04-COMUNICADO-1403-ETC-FESTIVAL-TAMAULIPAS-2014-1024x436.jpg 1024w, http:\/\/www.eloriente.net\/home\/wp-content\/uploads\/2014\/09\/FOTO-04-COMUNICADO-1403-ETC-FESTIVAL-TAMAULIPAS-2014.jpg 2000w\" sizes=\"(max-width: 300px) 100vw, 300px\" \/><\/a><br \/>\n<iframe loading=\"lazy\" src=\"\/\/www.youtube.com\/embed\/VR2Y8wbWD6A\" frameborder=\"0\" width=\"560\" height=\"315\"><\/iframe><\/p>\n<address><strong>OTRAS ENTRADAS:<\/strong><\/address>\n<address id=\"post-32583\"><a title=\"Permalink to #FindeTV: Recomendaciones @El_Oriente para ver este fin de semana\" href=\"http:\/\/www.eloriente.net\/home\/2014\/09\/26\/findetv-recomendaciones-el_oriente-para-ver-este-fin-de-semana-2\/\" rel=\"bookmark\">#FindeTV: Recomendaciones @El_Oriente para ver este fin de semana<\/a><a href=\"http:\/\/www.eloriente.net\/home\/2014\/09\/26\/findetv-recomendaciones-el_oriente-para-ver-este-fin-de-semana-2\/\" rel=\"bookmark\"><img decoding=\"async\" title=\"#FindeTV: Recomendaciones @El_Oriente para ver este fin de semana\" src=\"http:\/\/www.eloriente.net\/home\/wp-content\/themes\/city-desk\/timthumb.php?src=http%3A%2F%2Fwww.eloriente.net%2Fhome%2Fwp-content%2Fuploads%2F2014%2F09%2FHoudini-Ed.jpg&amp;q=90&amp;w=160&amp;h=106&amp;zc=1\" alt=\"#FindeTV: Recomendaciones @El_Oriente para ver este fin de semana\" \/><\/a>eloriente.net 26\/septiembre\/2014 \u00a1Es viernes de recomendaciones! @El_Oriente te\u00a0comparte\u00a0algunos programas, eventos o pel\u00edculas que se transmitir\u00e1n este fin de semana para que, con medida, pases un rato frente al televisor con una programaci\u00f3n de calidad que vale el tiempo invertido. Si t\u00fa tienes m\u00e1s recomendaciones, no dudes en compartirlas en nuestro twitter:\u00a0@El_Oriente\u00a0o en nuestra p\u00e1gina de\u00a0FACEBOOK. [&#8230;]<\/p>\n<p>September 26, 2014<\/p>\n<\/address>\n<div id=\"post-32535\">\n<p><a title=\"Permalink to M\u00fasicos del INBA en Oaxaca\" href=\"http:\/\/www.eloriente.net\/home\/2014\/09\/24\/musicos-del-inba-en-oaxaca\/\" rel=\"bookmark\">M\u00fasicos del INBA en Oaxaca<\/a><\/p>\n<p><a href=\"http:\/\/www.eloriente.net\/home\/2014\/09\/24\/musicos-del-inba-en-oaxaca\/\" rel=\"bookmark\"><img decoding=\"async\" title=\"M\u00fasicos del INBA en Oaxaca\" src=\"http:\/\/www.eloriente.net\/home\/wp-content\/themes\/city-desk\/timthumb.php?src=http%3A%2F%2Fwww.eloriente.net%2Fhome%2Fwp-content%2Fuploads%2F2014%2F09%2FBellas-Artes-a-todas-partes.jpg&amp;q=90&amp;w=160&amp;h=106&amp;zc=1\" alt=\"M\u00fasicos del INBA en Oaxaca\" \/><\/a>eloriente.net \/ Fundaci\u00f3n Alfredo Harp Hel\u00fa Oaxaca 24\/septiembre\/2014 Como parte del programa Bellas Artes a todas partes, Rosa Mar\u00eda Diez (soprano), Luz Mar\u00eda Frenk (violonchelista), Rafael Urrusti (flautista) y Enrique B\u00e1rcena (pianista) se presentar\u00e1n en el Centro Cultural San Pablo (SP) para ejecutar un concierto con piezas de Johann Sebastian Bach, Franz Schubert y H. [&#8230;]<\/p>\n<address>September 24, 2014<\/address>\n<\/div>\n<p><a title=\"Permalink to Introducci\u00f3n al Festival Internacional del Globo en Le\u00f3n, Guanajuato\" href=\"http:\/\/www.eloriente.net\/home\/2014\/09\/17\/introduccion-al-festival-internacional-del-globo-en-leon-guanajuato\/\" rel=\"bookmark\">Introducci\u00f3n al Festival Internacional del Globo en Le\u00f3n, Guanajuato<\/a><\/p>\n<p><a href=\"http:\/\/www.eloriente.net\/home\/2014\/09\/17\/introduccion-al-festival-internacional-del-globo-en-leon-guanajuato\/\" rel=\"bookmark\"><img decoding=\"async\" title=\"Introducci\u00f3n al Festival Internacional del Globo en Le\u00f3n, Guanajuato\" src=\"http:\/\/www.eloriente.net\/home\/wp-content\/themes\/city-desk\/timthumb.php?src=http%3A%2F%2Fwww.eloriente.net%2Fhome%2Fwp-content%2Fuploads%2F2014%2F09%2FFIG-1.jpg&amp;q=90&amp;w=160&amp;h=106&amp;zc=1\" alt=\"Introducci\u00f3n al Festival Internacional del Globo en Le\u00f3n, Guanajuato\" \/><\/a><\/p>\n<p>eloriente.net \/ Festival Internacional del Globo 17\/septiembre\/2014 El Festival Internacional del Globo, es un evento de aerostaci\u00f3n con sede en la Ciudad de Le\u00f3n, Gto. Actualmente est\u00e1 posicionado entre los 3 mejores de su tipo, en todo el mundo. Presentando 200 globos aerost\u00e1ticos provenientes de m\u00e1s de 16 pa\u00edses como: Espa\u00f1a, Alemania, Brasil, Estados Unidos, [&#8230;]<\/p>\n<p>September 17, 2014<\/p>\n\n\t\t\t  <div \n\t\t\t  \tclass = \"fb-comments\" \n\t\t\t  \tdata-href = \"http:\/\/www.eloriente.net\/home\/2014\/09\/26\/abre-festival-internacional-tamaulipas-2014-con-1500-artistas\/\"\n\t\t\t  \tdata-numposts = \"10\"\n\t\t\t\tdata-colorscheme = \"dark\"\n\t\t\t\tdata-order-by = \"social\"\n\t\t\t\tdata-mobile=true>\n\t\t\t  <\/div>\n\t\t  <style>\n\t\t\t.fb_iframe_widget_fluid_desktop iframe {\n\t\t\t    width: 100% !important;\n\t\t\t}\n\t\t  <\/style>\n\t\t  ","protected":false},"excerpt":{"rendered":"<p>eloriente.net\/Gobierno de Tamaulipas 26 de septiembre de 2014 *M\u00e1s de mil 500 artistas recorrer\u00e1n toda la geograf\u00eda tamaulipeca con m\u00e1s de 500 espect\u00e1culos en los 43 municipios CD. VICTORIA, Tamaulipas.-\u00a0\u201cCon el Festival Internacional Tamaulipas, nuestro estado se muestra con orgullo hacia M\u00e9xico y al mundo como lo que somos: una tierra grande y diversa, que [&hellip;]<\/p>\n","protected":false},"author":1,"featured_media":32609,"comment_status":"open","ping_status":"open","sticky":false,"template":"","format":"standard","meta":{"_jetpack_memberships_contains_paid_content":false,"footnotes":""},"categories":[1588,18,32,13,63,24,31],"tags":[],"class_list":["post-32608","post","type-post","status-publish","format-standard","has-post-thumbnail","hentry","category-comunicados-y-boletines","category-educacion-y-cultura","category-entradas","category-especiales","category-estados","category-mexico-y-el-mundo","category-principal"],"jetpack_featured_media_url":"http:\/\/www.eloriente.net\/home\/wp-content\/uploads\/2014\/09\/FOTO-04-COMUNICADO-1403-ETC-FESTIVAL-TAMAULIPAS-2014.jpg","jetpack_sharing_enabled":true,"_links":{"self":[{"href":"http:\/\/www.eloriente.net\/home\/wp-json\/wp\/v2\/posts\/32608"}],"collection":[{"href":"http:\/\/www.eloriente.net\/home\/wp-json\/wp\/v2\/posts"}],"about":[{"href":"http:\/\/www.eloriente.net\/home\/wp-json\/wp\/v2\/types\/post"}],"author":[{"embeddable":true,"href":"http:\/\/www.eloriente.net\/home\/wp-json\/wp\/v2\/users\/1"}],"replies":[{"embeddable":true,"href":"http:\/\/www.eloriente.net\/home\/wp-json\/wp\/v2\/comments?post=32608"}],"version-history":[{"count":2,"href":"http:\/\/www.eloriente.net\/home\/wp-json\/wp\/v2\/posts\/32608\/revisions"}],"predecessor-version":[{"id":32611,"href":"http:\/\/www.eloriente.net\/home\/wp-json\/wp\/v2\/posts\/32608\/revisions\/32611"}],"wp:featuredmedia":[{"embeddable":true,"href":"http:\/\/www.eloriente.net\/home\/wp-json\/wp\/v2\/media\/32609"}],"wp:attachment":[{"href":"http:\/\/www.eloriente.net\/home\/wp-json\/wp\/v2\/media?parent=32608"}],"wp:term":[{"taxonomy":"category","embeddable":true,"href":"http:\/\/www.eloriente.net\/home\/wp-json\/wp\/v2\/categories?post=32608"},{"taxonomy":"post_tag","embeddable":true,"href":"http:\/\/www.eloriente.net\/home\/wp-json\/wp\/v2\/tags?post=32608"}],"curies":[{"name":"wp","href":"https:\/\/api.w.org\/{rel}","templated":true}]}}