{"id":32612,"date":"2014-09-26T11:14:04","date_gmt":"2014-09-26T17:14:04","guid":{"rendered":"http:\/\/www.eloriente.net\/home\/?p=32612"},"modified":"2014-09-27T20:55:10","modified_gmt":"2014-09-28T02:55:10","slug":"capulalpam-y-otros-pueblos-magicos-deberan-acreditar-permanencia","status":"publish","type":"post","link":"http:\/\/www.eloriente.net\/home\/2014\/09\/26\/capulalpam-y-otros-pueblos-magicos-deberan-acreditar-permanencia\/","title":{"rendered":"Capul\u00e1lpam y otros Pueblos M\u00e1gicos deber\u00e1n acreditar permanencia"},"content":{"rendered":"<p>eloriente.net<\/p>\n<p>26 de septiembre de 2014<\/p>\n<p style=\"text-align: right;\">Por: Fernando Ventura,<\/p>\n<p style=\"text-align: right;\">Redacci\u00f3n-Turismo ELORIENTE.NET<\/p>\n<p>eloriente.net (Oaxaca, M\u00e9xico, a 26 de septiembre de 2014).- Los procesos de incorporaci\u00f3n y permanencia al programa Pueblos M\u00e1gicos cuentan desde esta fecha con nuevos lineamientos generales, seg\u00fan se ha publicado en el Diario Oficial de la Federaci\u00f3n en acuerdo de la Secretar\u00eda de Turismo federal.<\/p>\n<p>De hecho, a partir de esta fecha, se tienen d\u00edas h\u00e1biles para que esta dependencia publique en su portal de internet la primera convocatoria para la incorporaci\u00f3n y permanencia al Programa, por lo cual, todas y cada una de las localidades deber\u00e1n cumplir con las reglas marcadas en el documento mencionado.<\/p>\n<p>Cabe mencionar que Pueblos M\u00e1gicos se autodefine como\u00a0 un \u00abPrograma de desarrollo tur\u00edstico integral para Localidades que en un\u00a0diferente nivel de desarrollo, organizan diversas acciones de car\u00e1cter econ\u00f3mico, social y ambiental con el\u00a0prop\u00f3sito de mejorar las condiciones de vida de una localidad tur\u00edstica\u00bb, y a partir de ahora tiene como ejes b\u00e1sicos la sustentabilidad, competitividad, tecnolog\u00edas de la informaci\u00f3n y transversalidad, que son los componentes del nuevo \u00abModelo Integral de Gesti\u00f3n Inteligente de Destinos\u00bb.<\/p>\n<p>Los requerimientos para alcanzar la incorporaci\u00f3n y permanencia var\u00edan seg\u00fan el caso. En el primero, invariablemente enviar\u00e1n al \u00e1rea oficial que se designe en la convocatoria, la acreditaci\u00f3n de existencia de un \u00e1rea local dedicada a la atenci\u00f3n del turismo; un directorio de prestadores de servicios tur\u00edsticos; un inventario de recursos y atractivos; datos e informaci\u00f3n georreferenciada sobre las condiciones de conectividad, comunicaci\u00f3n y cercan\u00eda a los centros urbanos de distribuci\u00f3n; as\u00ed como un Plan o Programa de Desarrollo Tur\u00edstico Municipal, entre otros.<\/p>\n<p>Para la permanencia, entre los que se encuentra Capul\u00e1lpam de M\u00e9ndez, en Oaxaca, <a href=\"http:\/\/atlasturistico.sectur.gob.mx\/pueblosmagicos.html\" target=\"_blank\">as\u00ed como los emblem\u00e1ticos Huamantla, en Tlaxcala, o Tequila, en Jalisco<\/a>, se apunta la necesidad de acreditar el mantenimiento y funcionamiento de un Comit\u00e9 del Pueblo M\u00e1gico; Aprobaci\u00f3n y punto de acuerdo del Congreso del Estado, donde se establezcan los recursos\u00a0presupuestarios por asignarse al Pueblo M\u00e1gico; el fortalecimiento e innovaci\u00f3n del cat\u00e1logo de productos tur\u00edsticos, entre otros.<\/p>\n<p>En caso de que el Pueblo M\u00e1gico no cumpla con alguno de los requisitos antes se\u00f1alados, \u00abla Direcci\u00f3n General de\u00a0Gesti\u00f3n de Destinos lo prevendr\u00e1 v\u00eda correo electr\u00f3nico por una sola ocasi\u00f3n, para que en el plazo de 90 d\u00edas\u00a0naturales lo subsane. En caso de no presentar la documentaci\u00f3n faltante en el plazo establecido, se informar\u00e1\u00a0al GES para su\u00a0valoraci\u00f3n y recomendaci\u00f3n\u00bb, se\u00f1ala el documento.<\/p>\n<p>Si es tu deseo consultar el Acuerdo \u00edntegro, ELORIENTE.NET te invita a dar click <a href=\"http:\/\/www.dof.gob.mx\/nota_detalle.php?codigo=5361690&amp;fecha=26\/09\/2014\" target=\"_blank\">AQU\u00cd<\/a>.<\/p>\n<p>DR. ELORIENTE.NET<\/p>\n<p><a href=\"http:\/\/www.eloriente.net\/home\/wp-content\/uploads\/2013\/01\/capulalpam.jpg\"><img loading=\"lazy\" decoding=\"async\" class=\"alignnone size-medium wp-image-7294\" title=\"capulalpam\" src=\"http:\/\/www.eloriente.net\/home\/wp-content\/uploads\/2013\/01\/capulalpam-300x222.jpg\" alt=\"\" width=\"300\" height=\"222\" srcset=\"http:\/\/www.eloriente.net\/home\/wp-content\/uploads\/2013\/01\/capulalpam-300x222.jpg 300w, http:\/\/www.eloriente.net\/home\/wp-content\/uploads\/2013\/01\/capulalpam.jpg 450w\" sizes=\"(max-width: 300px) 100vw, 300px\" \/><\/a><\/p>\n<p>Foto en Principal: <a href=\"http:\/\/www.fragmentosdetornavuelta.com\/2011\/11\/capulalpam-un-rincon-magico-en-la.html\" target=\"_blank\">Mar\u00eda Consuelo Contreras<\/a><\/p>\n<address><strong>OTRAS ENTRADAS:<\/strong><\/address>\n<div id=\"post-30904\">\n<p><a title=\"Permalink to Escucha a Manuel Pacheco, Manuel Garc\u00e9s, \u00c1lvaro P\u00e9rez, Eli\u00e9zer Mart\u00ednez, Roberto Hern\u00e1ndez, Wilfrido S\u00e1nchez y V\u00edctor V\u00e1squez en Todo Oaxaca Radio 12\/Ago\/2014\" href=\"http:\/\/www.eloriente.net\/home\/2014\/08\/13\/escucha-a-manuel-pacheco-manuel-garces-alvaro-perez-eliezer-martinez-roberto-hernandez-wilfrido-sanchez-y-victor-vasquez-en-todo-oaxaca-radio-12ago2014\/\" rel=\"bookmark\">Escucha a Manuel Pacheco, Manuel Garc\u00e9s, \u00c1lvaro P\u00e9rez, Eli\u00e9zer Mart\u00ednez, Roberto Hern\u00e1ndez, Wilfrido S\u00e1nchez y V\u00edctor V\u00e1squez en Todo Oaxaca Radio 12\/Ago\/2014<\/a><\/p>\n<p><a href=\"http:\/\/www.eloriente.net\/home\/2014\/08\/13\/escucha-a-manuel-pacheco-manuel-garces-alvaro-perez-eliezer-martinez-roberto-hernandez-wilfrido-sanchez-y-victor-vasquez-en-todo-oaxaca-radio-12ago2014\/\" rel=\"bookmark\"><img decoding=\"async\" title=\"Escucha a Manuel Pacheco, Manuel Garc\u00e9s, \u00c1lvaro P\u00e9rez, Eli\u00e9zer Mart\u00ednez, Roberto Hern\u00e1ndez, Wilfrido S\u00e1nchez y V\u00edctor V\u00e1squez en Todo Oaxaca Radio 12\/Ago\/2014\" src=\"http:\/\/www.eloriente.net\/home\/wp-content\/themes\/city-desk\/timthumb.php?src=http%3A%2F%2Fwww.eloriente.net%2Fhome%2Fwp-content%2Fuploads%2F2014%2F08%2FIMG_4982.jpg&amp;q=90&amp;w=160&amp;h=106&amp;zc=1\" alt=\"Escucha a Manuel Pacheco, Manuel Garc\u00e9s, \u00c1lvaro P\u00e9rez, Eli\u00e9zer Mart\u00ednez, Roberto Hern\u00e1ndez, Wilfrido S\u00e1nchez y V\u00edctor V\u00e1squez en Todo Oaxaca Radio 12\/Ago\/2014\" \/><\/a>todooaxacaradio.com 13\/agosto\/2014 Como cada martes, en punto de las 17:00 horas se transmiti\u00f3 el programa Todo Oaxaca Radio completamente en vivo desde la Ciudad de Oaxaca de Ju\u00e1rez, a trav\u00e9s de las frecuencias abiertas 570 AM, 94.9 FM y para todo el mundo a trav\u00e9s de www.todooaxacaradio.com. El programa es conducido por Rub\u00e9n Vasconcelos Beltr\u00e1n, [&#8230;]<\/p>\n<address>August 13, 2014<\/address>\n<\/div>\n<div id=\"post-17508\">\n<p><a title=\"Permalink to 10 pa\u00edses participan en Feria Mundial del Turismo Cultural en Morelia del 21-24\/nov\/13\" href=\"http:\/\/www.eloriente.net\/home\/2013\/11\/17\/10-paises-participan-en-feria-mundial-del-turismo-cultural-en-morelia-del-21-24nov13\/\" rel=\"bookmark\">10 pa\u00edses participan en Feria Mundial del Turismo Cultural en Morelia del 21-24\/nov\/13<\/a><\/p>\n<p><a href=\"http:\/\/www.eloriente.net\/home\/2013\/11\/17\/10-paises-participan-en-feria-mundial-del-turismo-cultural-en-morelia-del-21-24nov13\/\" rel=\"bookmark\"><img decoding=\"async\" title=\"10 pa\u00edses participan en Feria Mundial del Turismo Cultural en Morelia del 21-24\/nov\/13\" src=\"http:\/\/www.eloriente.net\/home\/wp-content\/themes\/city-desk\/timthumb.php?src=http%3A%2F%2Fwww.eloriente.net%2Fhome%2Fwp-content%2Fuploads%2F2013%2F11%2FAtribuci%C3%B3nCompartir-bajo-la-misma-licencia-Algunos-derechos-reservados-por-TonyTapia-Morelia.jpg&amp;q=90&amp;w=160&amp;h=106&amp;zc=1\" alt=\"10 pa\u00edses participan en Feria Mundial del Turismo Cultural en Morelia del 21-24\/nov\/13\" \/><\/a>eloriente.net\/Conaculta 17 de noviembre de 2013 Por cuarto a\u00f1o consecutivo, la ciudad de Morelia ser\u00e1 sede de la Feria Mundial de Turismo Cultural que se llevar\u00e1 a cabo del 21 al 24 de noviembre, para mostrar la oferta tur\u00edstica cultural de M\u00e9xico y otros pa\u00edses. Organizada por la Secretar\u00eda de Turismo, el Conaculta, el gobierno [&#8230;]<\/p>\n<p>November 17, 2013<\/p>\n<\/div>\n<p><a title=\"Permalink to Descarga App de Pueblos M\u00e1gicos: Fotos, informaci\u00f3n y mapas a tu alcance\" href=\"http:\/\/www.eloriente.net\/home\/2013\/07\/06\/descarga-app-de-pueblos-magicos-fotos-informacion-y-mapas-a-tu-alcance\/\" rel=\"bookmark\">Descarga App de Pueblos M\u00e1gicos: Fotos, informaci\u00f3n y mapas a tu alcance<\/a><\/p>\n<p><a href=\"http:\/\/www.eloriente.net\/home\/2013\/07\/06\/descarga-app-de-pueblos-magicos-fotos-informacion-y-mapas-a-tu-alcance\/\" rel=\"bookmark\"><img decoding=\"async\" title=\"Descarga App de Pueblos M\u00e1gicos: Fotos, informaci\u00f3n y mapas a tu alcance\" src=\"http:\/\/www.eloriente.net\/home\/wp-content\/themes\/city-desk\/timthumb.php?src=http%3A%2F%2Fwww.eloriente.net%2Fhome%2Fwp-content%2Fuploads%2F2013%2F07%2Faplicacion-pueblos-magicos-mexico-desconocido.jpg&amp;q=90&amp;w=160&amp;h=106&amp;zc=1\" alt=\"Descarga App de Pueblos M\u00e1gicos: Fotos, informaci\u00f3n y mapas a tu alcance\" \/><\/a><\/p>\n<p>eloriente.net 6 de julio de 2013 eloriente.net (Oaxaca, Oax.) 6 de julio de 2013.- El portal M\u00e9xico desconocido, hace algunos meses puso a disposici\u00f3n de los viajeros la aplicaci\u00f3n \u201cPueblos M\u00e1gicos\u201d, la cual puede descargarse gratis en una tablet o smartphone y llevar as\u00ed informaci\u00f3n sobre 64 hermosos lugares de la Rep\u00fablica Mexicana que han [&#8230;]<\/p>\n<p>July 6, 2013<\/p>\n<p>&nbsp;<\/p>\n<p>&nbsp;<\/p>\n\n\t\t\t  <div \n\t\t\t  \tclass = \"fb-comments\" \n\t\t\t  \tdata-href = \"http:\/\/www.eloriente.net\/home\/2014\/09\/26\/capulalpam-y-otros-pueblos-magicos-deberan-acreditar-permanencia\/\"\n\t\t\t  \tdata-numposts = \"10\"\n\t\t\t\tdata-colorscheme = \"dark\"\n\t\t\t\tdata-order-by = \"social\"\n\t\t\t\tdata-mobile=true>\n\t\t\t  <\/div>\n\t\t  <style>\n\t\t\t.fb_iframe_widget_fluid_desktop iframe {\n\t\t\t    width: 100% !important;\n\t\t\t}\n\t\t  <\/style>\n\t\t  ","protected":false},"excerpt":{"rendered":"<p>eloriente.net 26 de septiembre de 2014 Por: Fernando Ventura, Redacci\u00f3n-Turismo ELORIENTE.NET eloriente.net (Oaxaca, M\u00e9xico, a 26 de septiembre de 2014).- Los procesos de incorporaci\u00f3n y permanencia al programa Pueblos M\u00e1gicos cuentan desde esta fecha con nuevos lineamientos generales, seg\u00fan se ha publicado en el Diario Oficial de la Federaci\u00f3n en acuerdo de la Secretar\u00eda de [&hellip;]<\/p>\n","protected":false},"author":1,"featured_media":32616,"comment_status":"open","ping_status":"open","sticky":false,"template":"","format":"standard","meta":{"_jetpack_memberships_contains_paid_content":false,"footnotes":""},"categories":[32,63,2628,10,23,464,31,19],"tags":[2645,2647,2644,2646,109,2648],"class_list":["post-32612","post","type-post","status-publish","format-standard","has-post-thumbnail","hentry","category-entradas","category-estados","category-jalisco-estados","category-lo-mas-reciente","category-municipios","category-oaxaca-estados","category-principal","category-turismo-y-negocios","tag-capulalpam","tag-lineamientos-turismo","tag-pueblos-magicos","tag-sectur","tag-turismo","tag-turismo-cultural"],"jetpack_featured_media_url":"http:\/\/www.eloriente.net\/home\/wp-content\/uploads\/2014\/09\/Capul\u00e1lpam.jpg","jetpack_sharing_enabled":true,"_links":{"self":[{"href":"http:\/\/www.eloriente.net\/home\/wp-json\/wp\/v2\/posts\/32612"}],"collection":[{"href":"http:\/\/www.eloriente.net\/home\/wp-json\/wp\/v2\/posts"}],"about":[{"href":"http:\/\/www.eloriente.net\/home\/wp-json\/wp\/v2\/types\/post"}],"author":[{"embeddable":true,"href":"http:\/\/www.eloriente.net\/home\/wp-json\/wp\/v2\/users\/1"}],"replies":[{"embeddable":true,"href":"http:\/\/www.eloriente.net\/home\/wp-json\/wp\/v2\/comments?post=32612"}],"version-history":[{"count":4,"href":"http:\/\/www.eloriente.net\/home\/wp-json\/wp\/v2\/posts\/32612\/revisions"}],"predecessor-version":[{"id":32618,"href":"http:\/\/www.eloriente.net\/home\/wp-json\/wp\/v2\/posts\/32612\/revisions\/32618"}],"wp:featuredmedia":[{"embeddable":true,"href":"http:\/\/www.eloriente.net\/home\/wp-json\/wp\/v2\/media\/32616"}],"wp:attachment":[{"href":"http:\/\/www.eloriente.net\/home\/wp-json\/wp\/v2\/media?parent=32612"}],"wp:term":[{"taxonomy":"category","embeddable":true,"href":"http:\/\/www.eloriente.net\/home\/wp-json\/wp\/v2\/categories?post=32612"},{"taxonomy":"post_tag","embeddable":true,"href":"http:\/\/www.eloriente.net\/home\/wp-json\/wp\/v2\/tags?post=32612"}],"curies":[{"name":"wp","href":"https:\/\/api.w.org\/{rel}","templated":true}]}}