{"id":32637,"date":"2014-09-27T08:14:07","date_gmt":"2014-09-27T14:14:07","guid":{"rendered":"http:\/\/www.eloriente.net\/home\/?p=32637"},"modified":"2014-09-27T08:14:28","modified_gmt":"2014-09-27T14:14:28","slug":"oaxaca-nueva-opcion-para-proteger-a-los-adultos-mayores","status":"publish","type":"post","link":"http:\/\/www.eloriente.net\/home\/2014\/09\/27\/oaxaca-nueva-opcion-para-proteger-a-los-adultos-mayores\/","title":{"rendered":"Oaxaca: Nueva opci\u00f3n para proteger a los adultos mayores"},"content":{"rendered":"<p>eloriente.net \/ <a href=\"http:\/\/www.huboaxaca.org\/?p=6055\" target=\"_blank\">HUB Oaxaca<\/a><\/p>\n<p>27\/septiembre\/2014<\/p>\n<p style=\"text-align: right;\">Por\u00a0<a href=\"http:\/\/www.eloriente.net\/home\/category\/colaboradores\/hub-oaxaca\/\">Jos\u00e9 Pablo Salas<\/a><\/p>\n<p>Junto con el aumento en la calidad y la esperanza de vida de las personas a nivel mundial, tambi\u00e9n surgen retos importantes para las sociedades. El envejecimiento generalmente se percibe como una etapa en que el adulto mayor es m\u00e1s una carga que un sujeto libre y con necesidades iguales a las de todos. Cuando se ingresa a un adulto mayor a un asilo, esto puede repercutir en su \u00e1nimo y en su salud.<\/p>\n<p>Con esto en mente, un grupo de emprendedores oaxaque\u00f1os crearon la iniciativa del Centro de Atenci\u00f3n Bienestar y Desarrollo Integral para personas mayores de 60 a\u00f1os \u201cTe Quiero, Te Cuido\u201d, un espacio en el que lejos de abandonar a los adultos mayores, se les ense\u00f1a a revalorarse y se les da herramientas de autocuidado en esta nueva etapa de su vida.<\/p>\n<p>Seg\u00fan la investigaci\u00f3n que llevaron a cabo los emprendedores de \u201cTe Quiero, Te Cuido\u201d, en Oaxaca s\u00f3lo se encuentran asilos tradicionales de ancianos, que en muchos casos marginan de la sociedad a las personas mayores privando a todos de su sabidur\u00eda y potencial humano.<\/p>\n<p>Hay dos casas de d\u00eda o \u201cguarder\u00edas\u201d y algunos otros centros que imparten cursos y talleres para adultos mayores, sin embargo los requisitos para acceder a cualquiera de estos centros son complicados, los horarios son limitados, la oferta de actividades es restringida y var\u00eda poco de un centro a otro.<\/p>\n<p>Una opci\u00f3n accesible y de calidad<\/p>\n<p>Por otro parte, los centros privados mantienen costos altos que algunas familias de nivel socioecon\u00f3mico medio no pueden pagar. Adem\u00e1s, estos centros se crearon desde la visi\u00f3n de la vejez y de los adultos mayores como personas discapacitadas, ya no \u00fatiles e improductivas.<\/p>\n<p>\u201cEn Oaxaca no hay centros que cuiden de forma integral a los adultos mayores. El centro est\u00e1 pensado para que tenga un enfoque de derechos humanos, con actividades ecol\u00f3gicas, de nutrici\u00f3n y medicina alternativa, y con atenci\u00f3n a todas las \u00e1reas de su vida\u201d explica Lorena Robles, una de las integrantes de este proyecto.<\/p>\n<p>Adem\u00e1s de las actividades alternativas, el centro ofrecer\u00e1 atenci\u00f3n m\u00e9dica especializada en una cl\u00ednica con la que ya cuentan.<\/p>\n<p>Actualmente, \u201cTe Quiero, Te Cuido\u201d participa en el programa Impact Hub Fellowship para una vida larga y plena, un programa de apoyo a proyectos de envejecimiento saludable en Oaxaca, surgido de la alianza de AXA Seguros, Swiss Re Foundation y el Impact Hub Oaxaca.<\/p>\n<p>El programa arranc\u00f3 este a\u00f1o y recibi\u00f3 22 proyectos interesados en participar. De ellos se eligieron seis semifinalistas y el 11 de julio pasado se anunciaron los tres proyectos finalistas. Todo el equipo de \u201cTe Quiero, Te Cuido\u201d est\u00e1 recibiendo asesor\u00edas intensivas en el Impact Hub, un espacio que vincula y apoya proyectos con impacto social. En octubre pr\u00f3ximo se definir\u00e1 al ganador del Fellowship, que recibir\u00e1 $260,000 de inversi\u00f3n semilla.<\/p>\n<p><a href=\"http:\/\/www.eloriente.net\/home\/wp-content\/uploads\/2014\/09\/HUB.jpg\"><img loading=\"lazy\" decoding=\"async\" class=\"alignnone size-medium wp-image-32638\" title=\"Imprimir\" src=\"http:\/\/www.eloriente.net\/home\/wp-content\/uploads\/2014\/09\/HUB-195x300.jpg\" alt=\"\" width=\"195\" height=\"300\" srcset=\"http:\/\/www.eloriente.net\/home\/wp-content\/uploads\/2014\/09\/HUB-195x300.jpg 195w, http:\/\/www.eloriente.net\/home\/wp-content\/uploads\/2014\/09\/HUB.jpg 666w\" sizes=\"(max-width: 195px) 100vw, 195px\" \/><\/a><\/p>\n<p>Imagen: HUB Oaxaca<\/p>\n<p><strong>Entradas relacionadas:<\/strong><\/p>\n<p><a title=\"Permalink to Proyecto Triling\u00fce: en busca de la empat\u00eda cultural\" href=\"http:\/\/www.eloriente.net\/home\/2014\/09\/06\/proyecto-trilingue-en-busca-de-la-empatia-cultural\/\" rel=\"bookmark\">Proyecto Triling\u00fce: en busca de la empat\u00eda cultural<\/a><\/p>\n<p><a href=\"http:\/\/www.eloriente.net\/home\/2014\/09\/06\/proyecto-trilingue-en-busca-de-la-empatia-cultural\/\" rel=\"bookmark\"><img decoding=\"async\" title=\"Proyecto Triling\u00fce: en busca de la empat\u00eda cultural\" src=\"http:\/\/www.eloriente.net\/home\/wp-content\/themes\/city-desk\/timthumb.php?src=http%3A%2F%2Fwww.eloriente.net%2Fhome%2Fwp-content%2Fuploads%2F2014%2F09%2FTriling%C3%BCe-HUB.jpg&amp;q=90&amp;w=160&amp;h=106&amp;zc=1\" alt=\"Proyecto Triling\u00fce: en busca de la empat\u00eda cultural\" \/><\/a><\/p>\n<p>eloriente.net \/ HUB Oaxaca 5\/septiembre\/2014 Por Jos\u00e9 Pablo Salas Aunque los j\u00f3venes de cada pa\u00eds y comunidad tienen caracter\u00edsticas que los hacen \u00fanicos, tambi\u00e9n es posible encontrar temas e intereses comunes entre ellos, y promover la colaboraci\u00f3n en proyectos que impacten sus vidas de manera positiva. Bajo esta filosof\u00eda, Richard Hanson inici\u00f3 el Proyecto Triling\u00fce, [&#8230;]<\/p>\n<p>September 6, 2014<\/p>\n<div id=\"post-31666\">\n<p><a title=\"Permalink to La central de talentos: una alternativa econ\u00f3mica en Oaxaca\" href=\"http:\/\/www.eloriente.net\/home\/2014\/08\/30\/la-central-de-talentos-una-alternativa-economica-en-oaxacaelor\/\" rel=\"bookmark\">La central de talentos: una alternativa econ\u00f3mica en Oaxaca<\/a><\/p>\n<p><a href=\"http:\/\/www.eloriente.net\/home\/2014\/08\/30\/la-central-de-talentos-una-alternativa-economica-en-oaxacaelor\/\" rel=\"bookmark\"><img decoding=\"async\" title=\"La central de talentos: una alternativa econ\u00f3mica en Oaxaca\" src=\"http:\/\/www.eloriente.net\/home\/wp-content\/themes\/city-desk\/timthumb.php?src=http%3A%2F%2Fwww.eloriente.net%2Fhome%2Fwp-content%2Fuploads%2F2014%2F08%2FCentral-de-Talentos1.jpg&amp;q=90&amp;w=160&amp;h=106&amp;zc=1\" alt=\"La central de talentos: una alternativa econ\u00f3mica en Oaxaca\" \/><\/a><\/p>\n<p>eloriente.net 30\/agosto\/2014 Por: Jos\u00e9 Pablo Salas Las recientes crisis en el sistema econ\u00f3mico mundial, as\u00ed como la necesidad de encontrar alternativas que vuelvan m\u00e1s sustentable el intercambio de servicios llevaron a un grupo de emprendedores a crear la Central de Talentos, en Oaxaca. La Central de Talentos es un banco de horas que sigue un [&#8230;]<\/p>\n<p>August 30, 2014<\/p>\n<\/div>\n<div id=\"post-31366\">\n<p><a title=\"Permalink to Universidad del Adulto Mayor: una nueva mirada del envejecimiento en Oaxaca\" href=\"http:\/\/www.eloriente.net\/home\/2014\/08\/23\/universidad-del-adulto-mayor-una-nueva-mirada-del-envejecimiento-en-oaxaca\/\" rel=\"bookmark\">Universidad del Adulto Mayor: una nueva mirada del envejecimiento en Oaxaca<\/a><\/p>\n<p><a href=\"http:\/\/www.eloriente.net\/home\/2014\/08\/23\/universidad-del-adulto-mayor-una-nueva-mirada-del-envejecimiento-en-oaxaca\/\" rel=\"bookmark\"><img decoding=\"async\" title=\"Universidad del Adulto Mayor: una nueva mirada del envejecimiento en Oaxaca\" src=\"http:\/\/www.eloriente.net\/home\/wp-content\/themes\/city-desk\/timthumb.php?src=http%3A%2F%2Fwww.eloriente.net%2Fhome%2Fwp-content%2Fuploads%2F2014%2F08%2FUNIDAM-HUB-Oaxaca.jpg&amp;q=90&amp;w=160&amp;h=106&amp;zc=1\" alt=\"Universidad del Adulto Mayor: una nueva mirada del envejecimiento en Oaxaca\" \/><\/a><\/p>\n<p>eloriente.net 23\/ag0st0\/2014 Por Jos\u00e9 Pablo Salas La mejora en la calidad de vida y en los servicios de salud alrededor del mundo ha conducido a nuevos retos para brindar a los adultos mayores una vida, no s\u00f3lo digna, sino en la que puedan seguir aprendiendo y desarrollando sus habilidades. Con esto en mente y con [&#8230;]<\/p>\n<p>August 23, 2014<\/p>\n<\/div>\n<p>&nbsp;<\/p>\n\n\t\t\t  <div \n\t\t\t  \tclass = \"fb-comments\" \n\t\t\t  \tdata-href = \"http:\/\/www.eloriente.net\/home\/2014\/09\/27\/oaxaca-nueva-opcion-para-proteger-a-los-adultos-mayores\/\"\n\t\t\t  \tdata-numposts = \"10\"\n\t\t\t\tdata-colorscheme = \"dark\"\n\t\t\t\tdata-order-by = \"social\"\n\t\t\t\tdata-mobile=true>\n\t\t\t  <\/div>\n\t\t  <style>\n\t\t\t.fb_iframe_widget_fluid_desktop iframe {\n\t\t\t    width: 100% !important;\n\t\t\t}\n\t\t  <\/style>\n\t\t  ","protected":false},"excerpt":{"rendered":"<p>eloriente.net \/ HUB Oaxaca 27\/septiembre\/2014 Por\u00a0Jos\u00e9 Pablo Salas Junto con el aumento en la calidad y la esperanza de vida de las personas a nivel mundial, tambi\u00e9n surgen retos importantes para las sociedades. El envejecimiento generalmente se percibe como una etapa en que el adulto mayor es m\u00e1s una carga que un sujeto libre y [&hellip;]<\/p>\n","protected":false},"author":22,"featured_media":32638,"comment_status":"open","ping_status":"open","sticky":false,"template":"","format":"standard","meta":{"_jetpack_memberships_contains_paid_content":false,"footnotes":""},"categories":[29,11,32,82,10],"tags":[322],"class_list":["post-32637","post","type-post","status-publish","format-standard","has-post-thumbnail","hentry","category-capital","category-colaboradores","category-entradas","category-hub-oaxaca","category-lo-mas-reciente","tag-hub"],"jetpack_featured_media_url":"http:\/\/www.eloriente.net\/home\/wp-content\/uploads\/2014\/09\/HUB.jpg","jetpack_sharing_enabled":true,"_links":{"self":[{"href":"http:\/\/www.eloriente.net\/home\/wp-json\/wp\/v2\/posts\/32637"}],"collection":[{"href":"http:\/\/www.eloriente.net\/home\/wp-json\/wp\/v2\/posts"}],"about":[{"href":"http:\/\/www.eloriente.net\/home\/wp-json\/wp\/v2\/types\/post"}],"author":[{"embeddable":true,"href":"http:\/\/www.eloriente.net\/home\/wp-json\/wp\/v2\/users\/22"}],"replies":[{"embeddable":true,"href":"http:\/\/www.eloriente.net\/home\/wp-json\/wp\/v2\/comments?post=32637"}],"version-history":[{"count":2,"href":"http:\/\/www.eloriente.net\/home\/wp-json\/wp\/v2\/posts\/32637\/revisions"}],"predecessor-version":[{"id":32640,"href":"http:\/\/www.eloriente.net\/home\/wp-json\/wp\/v2\/posts\/32637\/revisions\/32640"}],"wp:featuredmedia":[{"embeddable":true,"href":"http:\/\/www.eloriente.net\/home\/wp-json\/wp\/v2\/media\/32638"}],"wp:attachment":[{"href":"http:\/\/www.eloriente.net\/home\/wp-json\/wp\/v2\/media?parent=32637"}],"wp:term":[{"taxonomy":"category","embeddable":true,"href":"http:\/\/www.eloriente.net\/home\/wp-json\/wp\/v2\/categories?post=32637"},{"taxonomy":"post_tag","embeddable":true,"href":"http:\/\/www.eloriente.net\/home\/wp-json\/wp\/v2\/tags?post=32637"}],"curies":[{"name":"wp","href":"https:\/\/api.w.org\/{rel}","templated":true}]}}