{"id":32666,"date":"2014-09-29T00:00:42","date_gmt":"2014-09-29T06:00:42","guid":{"rendered":"http:\/\/www.eloriente.net\/home\/?p=32666"},"modified":"2014-09-29T22:19:57","modified_gmt":"2014-09-30T04:19:57","slug":"proyecto-metrobus-oaxaca-recuento-lunesdepolitica","status":"publish","type":"post","link":"http:\/\/www.eloriente.net\/home\/2014\/09\/29\/proyecto-metrobus-oaxaca-recuento-lunesdepolitica\/","title":{"rendered":"Proyecto Metrob\u00fas Oaxaca #LunesdePol\u00edtica"},"content":{"rendered":"<p>eloriente.net<\/p>\n<p>29\/septiembre\/2014<\/p>\n<p>Un nuevo integrante dentro del transporte p\u00fablico de Oaxaca iniciar\u00eda su operaci\u00f3n en 2015. Despu\u00e9s de 3 a\u00f1os de rumores, protestas, negociaciones y planeaci\u00f3n, solo faltan detalles para que se inicie la primera etapa del Metrob\u00fas de Oaxaca, que correr\u00eda de Santa Rosa a Xoxocot\u00e1n.<\/p>\n<p>Acomp\u00e1\u00f1anos a darle un vistazo a esta historia que inici\u00f3 en 2011:<\/p>\n<div class=\"storify\"><iframe loading=\"lazy\" src=\"\/\/storify.com\/ELORIENTE\/metrobus-en-oaxaca\/embed?header=false\" frameborder=\"no\" width=\"100%\" height=\"750\"><\/iframe><script type=\"text\/javascript\" src=\"\/\/storify.com\/ELORIENTE\/metrobus-en-oaxaca.js?header=false\"><\/script><br \/>\n<noscript>[&amp;amp;amp;lt;a href=\u00bb\/\/storify.com\/ELORIENTE\/metrobus-en-oaxaca\u00bb target=\u00bb_blank\u00bb&amp;amp;amp;gt;View the story \u00abMETROB\u00daS EN OAXACA\u00bb on Storify&amp;amp;amp;lt;\/a&amp;amp;amp;gt;]<\/noscript><\/div>\n<p><a href=\"http:\/\/www.eloriente.net\/home\/wp-content\/uploads\/2014\/09\/Metrob\u00fas-mariordo59.jpg\"><img loading=\"lazy\" decoding=\"async\" class=\"alignnone size-medium wp-image-32667\" title=\"Metrob\u00fas - mariordo59\" src=\"http:\/\/www.eloriente.net\/home\/wp-content\/uploads\/2014\/09\/Metrob\u00fas-mariordo59-300x199.jpg\" alt=\"\" width=\"300\" height=\"199\" srcset=\"http:\/\/www.eloriente.net\/home\/wp-content\/uploads\/2014\/09\/Metrob\u00fas-mariordo59-300x199.jpg 300w, http:\/\/www.eloriente.net\/home\/wp-content\/uploads\/2014\/09\/Metrob\u00fas-mariordo59-1024x682.jpg 1024w, http:\/\/www.eloriente.net\/home\/wp-content\/uploads\/2014\/09\/Metrob\u00fas-mariordo59.jpg 2048w\" sizes=\"(max-width: 300px) 100vw, 300px\" \/><\/a><\/p>\n<p>Foto:\u00a0<a title=\"Ir a la galer\u00eda de mariordo59\" href=\"https:\/\/www.flickr.com\/photos\/30998987@N03\/\" data-track=\"attributionNameClick\" data-rapid_p=\"22\">mariordo59<\/a>\u00a0&#8211;\u00a0<a href=\"https:\/\/creativecommons.org\/licenses\/by-sa\/2.0\/\" rel=\"license cc:license\" target=\"_newtab\" data-rapid_p=\"26\">Algunos derechos reservados<\/a><\/p>\n<p><strong>Entradas relacionadas:<\/strong><\/p>\n<p><a title=\"Permalink to Equiparable costo del transporte p\u00fablico en Oaxaca con tarifas de importantes ciudades del pa\u00eds\" href=\"http:\/\/www.eloriente.net\/home\/2014\/05\/28\/equiparable-costo-del-transporte-publico-en-oaxaca-con-tarifas-de-importantes-ciudades-del-pais\/\" rel=\"bookmark\">Equiparable costo del transporte p\u00fablico en Oaxaca con tarifas de importantes ciudades del pa\u00eds<\/a><\/p>\n<p><a href=\"http:\/\/www.eloriente.net\/home\/2014\/05\/28\/equiparable-costo-del-transporte-publico-en-oaxaca-con-tarifas-de-importantes-ciudades-del-pais\/\" rel=\"bookmark\"><img decoding=\"async\" title=\"Equiparable costo del transporte p\u00fablico en Oaxaca con tarifas de importantes ciudades del pa\u00eds\" src=\"http:\/\/www.eloriente.net\/home\/wp-content\/themes\/city-desk\/timthumb.php?src=http%3A%2F%2Fwww.eloriente.net%2Fhome%2Fwp-content%2Fuploads%2F2014%2F05%2FTransporte-p%C3%BAblico-GobOax.jpg&amp;q=90&amp;w=160&amp;h=106&amp;zc=1\" alt=\"Equiparable costo del transporte p\u00fablico en Oaxaca con tarifas de importantes ciudades del pa\u00eds\" \/><\/a><\/p>\n<p>eloriente.net 28 de mayo de 2014 A pesar de que las condiciones de infraestructura, distancias y n\u00famero de usuarios son diferentes, en cuanto a transporte p\u00fablico en el pa\u00eds, el costo del pasaje en autob\u00fas en la ciudad de Oaxaca de Ju\u00e1rez de\u00a06 pesos es equiparable a las tarifas de importantes ciudades en M\u00e9xico. Con [&#8230;]<\/p>\n<p>May 28, 2014<\/p>\n<div id=\"post-32623\">\n<p><a title=\"Permalink to Transporte p\u00fablico en Oaxaca #Infograf\u00eda\" href=\"http:\/\/www.eloriente.net\/home\/2014\/09\/29\/transporte-publico-en-oaxaca-infografia\/\" rel=\"bookmark\">Transporte p\u00fablico en Oaxaca #Infograf\u00eda<\/a><\/p>\n<p><a href=\"http:\/\/www.eloriente.net\/home\/2014\/09\/29\/transporte-publico-en-oaxaca-infografia\/\" rel=\"bookmark\"><img decoding=\"async\" title=\"Transporte p\u00fablico en Oaxaca #Infograf\u00eda\" src=\"http:\/\/www.eloriente.net\/home\/wp-content\/themes\/city-desk\/timthumb.php?src=http%3A%2F%2Fwww.eloriente.net%2Fhome%2Fwp-content%2Fuploads%2F2014%2F03%2Ftaxis-amarillos.jpg&amp;q=90&amp;w=160&amp;h=106&amp;zc=1\" alt=\"Transporte p\u00fablico en Oaxaca #Infograf\u00eda\" \/><\/a><\/p>\n<p>eloriente.net 29\/septiembre\/2014 Con el inicio de operaciones del nuevo metrob\u00fas de la zona metropolitana de Oaxaca para 2015, conviene analizar los otros tipos de transporte p\u00fablico con los que cuenta el municipio y su \u00e1rea conurbada para determinar el impacto del proyecto. Aunque ha sido poca la informaci\u00f3n que ha salido a la luz, las [&#8230;]<\/p>\n<p>September 29, 2014<\/p>\n<\/div>\n<p><a title=\"Permalink to Encuentro Gabino-Ulises: Explicaciones\" href=\"http:\/\/www.eloriente.net\/home\/2014\/09\/23\/encuentro-gabino-ulises-explicaciones\/\" rel=\"bookmark\">Encuentro Gabino-Ulises: Explicaciones<\/a><\/p>\n<p><a href=\"http:\/\/www.eloriente.net\/home\/2014\/09\/23\/encuentro-gabino-ulises-explicaciones\/\" rel=\"bookmark\"><img decoding=\"async\" title=\"Encuentro Gabino-Ulises: Explicaciones\" src=\"http:\/\/www.eloriente.net\/home\/wp-content\/themes\/city-desk\/timthumb.php?src=http%3A%2F%2Fwww.eloriente.net%2Fhome%2Fwp-content%2Fuploads%2F2014%2F09%2FCaptura-de-pantalla-2014-09-23-a-las-12.01.33.png&amp;q=90&amp;w=160&amp;h=106&amp;zc=1\" alt=\"Encuentro Gabino-Ulises: Explicaciones\" \/><\/a><\/p>\n<p>eloriente.net 23 de septiembre de 2014 As\u00ed comparti\u00f3 en su columna de hoy el periodista de La Jornada, Julio Hern\u00e1ndez, una foto en la cual aparecen los gobernadores de Oaxaca, Gabino Cu\u00e9 (2012-2016) y Ulises Ruiz (2004-2012). Sin mayores referencias temporales (a no ser por la anotaci\u00f3n de que la foto corresponde a un encuentro [&#8230;]<\/p>\n<p>September 23, 2014<\/p>\n\n\t\t\t  <div \n\t\t\t  \tclass = \"fb-comments\" \n\t\t\t  \tdata-href = \"http:\/\/www.eloriente.net\/home\/2014\/09\/29\/proyecto-metrobus-oaxaca-recuento-lunesdepolitica\/\"\n\t\t\t  \tdata-numposts = \"10\"\n\t\t\t\tdata-colorscheme = \"dark\"\n\t\t\t\tdata-order-by = \"social\"\n\t\t\t\tdata-mobile=true>\n\t\t\t  <\/div>\n\t\t  <style>\n\t\t\t.fb_iframe_widget_fluid_desktop iframe {\n\t\t\t    width: 100% !important;\n\t\t\t}\n\t\t  <\/style>\n\t\t  ","protected":false},"excerpt":{"rendered":"<p>eloriente.net 29\/septiembre\/2014 Un nuevo integrante dentro del transporte p\u00fablico de Oaxaca iniciar\u00eda su operaci\u00f3n en 2015. Despu\u00e9s de 3 a\u00f1os de rumores, protestas, negociaciones y planeaci\u00f3n, solo faltan detalles para que se inicie la primera etapa del Metrob\u00fas de Oaxaca, que correr\u00eda de Santa Rosa a Xoxocot\u00e1n. Acomp\u00e1\u00f1anos a darle un vistazo a esta historia [&hellip;]<\/p>\n","protected":false},"author":1,"featured_media":32667,"comment_status":"open","ping_status":"open","sticky":false,"template":"","format":"standard","meta":{"_jetpack_memberships_contains_paid_content":false,"footnotes":""},"categories":[29,49,32,13,63,23,464,21],"tags":[4082,1462,73,131],"class_list":["post-32666","post","type-post","status-publish","format-standard","has-post-thumbnail","hentry","category-capital","category-destacadas","category-entradas","category-especiales","category-estados","category-municipios","category-oaxaca-estados","category-politica-y-gobierno","tag-lunesdepolitica","tag-metrobus","tag-oaxaca","tag-transporte"],"jetpack_featured_media_url":"http:\/\/www.eloriente.net\/home\/wp-content\/uploads\/2014\/09\/Metrob\u00fas-mariordo59.jpg","jetpack_sharing_enabled":true,"_links":{"self":[{"href":"http:\/\/www.eloriente.net\/home\/wp-json\/wp\/v2\/posts\/32666"}],"collection":[{"href":"http:\/\/www.eloriente.net\/home\/wp-json\/wp\/v2\/posts"}],"about":[{"href":"http:\/\/www.eloriente.net\/home\/wp-json\/wp\/v2\/types\/post"}],"author":[{"embeddable":true,"href":"http:\/\/www.eloriente.net\/home\/wp-json\/wp\/v2\/users\/1"}],"replies":[{"embeddable":true,"href":"http:\/\/www.eloriente.net\/home\/wp-json\/wp\/v2\/comments?post=32666"}],"version-history":[{"count":5,"href":"http:\/\/www.eloriente.net\/home\/wp-json\/wp\/v2\/posts\/32666\/revisions"}],"predecessor-version":[{"id":32716,"href":"http:\/\/www.eloriente.net\/home\/wp-json\/wp\/v2\/posts\/32666\/revisions\/32716"}],"wp:featuredmedia":[{"embeddable":true,"href":"http:\/\/www.eloriente.net\/home\/wp-json\/wp\/v2\/media\/32667"}],"wp:attachment":[{"href":"http:\/\/www.eloriente.net\/home\/wp-json\/wp\/v2\/media?parent=32666"}],"wp:term":[{"taxonomy":"category","embeddable":true,"href":"http:\/\/www.eloriente.net\/home\/wp-json\/wp\/v2\/categories?post=32666"},{"taxonomy":"post_tag","embeddable":true,"href":"http:\/\/www.eloriente.net\/home\/wp-json\/wp\/v2\/tags?post=32666"}],"curies":[{"name":"wp","href":"https:\/\/api.w.org\/{rel}","templated":true}]}}