{"id":32683,"date":"2014-09-29T12:20:01","date_gmt":"2014-09-29T18:20:01","guid":{"rendered":"http:\/\/www.eloriente.net\/home\/?p=32683"},"modified":"2014-09-29T12:20:01","modified_gmt":"2014-09-29T18:20:01","slug":"modernizacion-administrativa-en-el-poder-judicial-del-estado","status":"publish","type":"post","link":"http:\/\/www.eloriente.net\/home\/2014\/09\/29\/modernizacion-administrativa-en-el-poder-judicial-del-estado\/","title":{"rendered":"Modernizaci\u00f3n administrativa en el Poder Judicial del Estado"},"content":{"rendered":"<p>eloriente.net \/ <a href=\"http:\/\/www.tribunaloax.gob.mx\/\" target=\"_blank\">Tribunal Superior de Justicia<\/a><\/p>\n<p>29\/septiembre\/2014<\/p>\n<ul>\n<li>La implementaci\u00f3n de un proyecto de reingenier\u00eda administrativa ha contribuido a eficientar las actividades en el Fondo de Administraci\u00f3n de Justicia, afirm\u00f3 el magistrado Alfredo Lagunas<\/li>\n<\/ul>\n<p>La implementaci\u00f3n de un sistema integral de gesti\u00f3n administrativa computarizado, un nuevo dise\u00f1o de formatos de certificados de dep\u00f3sito y recibos oficiales con medidas de seguridad as\u00ed como la simplificaci\u00f3n del tr\u00e1mite para hacer efectivas las p\u00f3lizas de fianzas, son algunos de los resultados del proceso de modernizaci\u00f3n y cambios sustanciales adoptados en la Direcci\u00f3n del Fondo para la Administraci\u00f3n de Justicia, inform\u00f3 el titular del Poder Judicial del Estado, magistrado Alfredo Lagunas Rivera.<\/p>\n<p>En el proyecto de transformaci\u00f3n de la instituci\u00f3n, encaminado a mejorar los est\u00e1ndares de calidad en el servicio p\u00fablico y la atenci\u00f3n que se brinda a los usuarios, en esa \u00e1rea encargada de captar, resguardar y administrar de forma transparente los recursos econ\u00f3micos, bienes y valores que ingresan y egresan a trav\u00e9s de las garant\u00edas judiciales, exhibidas en los diferentes Juzgados, se implement\u00f3 un proyecto de reingenier\u00eda administrativa que han contribuido a eficientar el trabajo, dijo.<\/p>\n<p>En entrevista Lagunas Rivera destac\u00f3 que este a\u00f1o se puso en marcha un sistema integral de gesti\u00f3n administrativa, aprobado por el Pleno del Consejo de la Judicatura, y que permite concentrar en una sola base de datos los procedimientos generales de cada uno de los Departamentos del Fondo, lo que garantiza un mayor control en los registros y movimientos de ingresos, egresos, operaciones contables y financieras, bajo un esquema de seguridad y orden.<\/p>\n<p>Aunado a ello, se implement\u00f3 un nuevo dise\u00f1o de formatos de certificados de dep\u00f3sito y recibos oficiales, ajust\u00e1ndose a las necesidades de seguridad y control de car\u00e1cter jur\u00eddico administrativo, lo que ha representado un paso significativo en la instituci\u00f3n que avanza hacia la consolidaci\u00f3n de una administraci\u00f3n con medios tecnol\u00f3gicos modernos, puntualiz\u00f3.<\/p>\n<p>Asimismo, coment\u00f3 que otra de las estrategias establecidas con \u00e9xito y a partir de las reformas a la Ley Org\u00e1nica del Poder Judicial del Estado de abril del a\u00f1o 2012, es que a trav\u00e9s de la Direcci\u00f3n del Fondo para la Administraci\u00f3n de Justicia, se realiza el tr\u00e1mite para hacer efectivas las p\u00f3lizas de fianzas exhibidas en los diversos procesos penales que garantizan la libertad provisional de los procesados.<\/p>\n<p>De esta manera, indic\u00f3, se evita la triangulaci\u00f3n de las instituciones afianzadoras con la Secretar\u00eda de Finanzas del Gobierno del Estado, reduciendo al m\u00e1ximo los tiempos a favor de los beneficiarios del pago de la reparaci\u00f3n del da\u00f1o.<\/p>\n<p>Asimismo, resalt\u00f3 que la instalaci\u00f3n de un Caja-Ventanilla en el edificio de los Juzgados Civiles y Familiares del Centro, con la finalidad de brindar un mejor servicio a los beneficiarios que reciben pensi\u00f3n alimenticia a trav\u00e9s del Juzgado ha sido de gran ayuda al evitar que las personas se trasladen hasta Ciudad Judicial para realizar su cobro.<\/p>\n<p><a href=\"http:\/\/www.eloriente.net\/home\/wp-content\/uploads\/2014\/09\/Magistrado-Alfredo-Rodrigo-Lagunas-Rivera6.jpg\"><img loading=\"lazy\" decoding=\"async\" class=\"alignnone size-medium wp-image-32685\" title=\"Magistrado Alfredo Rodrigo Lagunas Rivera(6)\" src=\"http:\/\/www.eloriente.net\/home\/wp-content\/uploads\/2014\/09\/Magistrado-Alfredo-Rodrigo-Lagunas-Rivera6-300x210.jpg\" alt=\"\" width=\"300\" height=\"210\" srcset=\"http:\/\/www.eloriente.net\/home\/wp-content\/uploads\/2014\/09\/Magistrado-Alfredo-Rodrigo-Lagunas-Rivera6-300x210.jpg 300w, http:\/\/www.eloriente.net\/home\/wp-content\/uploads\/2014\/09\/Magistrado-Alfredo-Rodrigo-Lagunas-Rivera6-1024x718.jpg 1024w\" sizes=\"(max-width: 300px) 100vw, 300px\" \/><\/a><\/p>\n<p>Foto: TSJ<\/p>\n<p><strong>Entradas relacionadas:<\/strong><\/p>\n<p><a title=\"Permalink to \u00bfNadie se acuerda de la consumaci\u00f3n de Independencia?\" href=\"http:\/\/www.eloriente.net\/home\/2014\/09\/29\/nadie-se-acuerda-de-la-consumacion-de-independencia\/\" rel=\"bookmark\">\u00bfNadie se acuerda de la consumaci\u00f3n de Independencia?<\/a><\/p>\n<p><a href=\"http:\/\/www.eloriente.net\/home\/2014\/09\/29\/nadie-se-acuerda-de-la-consumacion-de-independencia\/\" rel=\"bookmark\"><img decoding=\"async\" title=\"\u00bfNadie se acuerda de la consumaci\u00f3n de Independencia?\" src=\"http:\/\/www.eloriente.net\/home\/wp-content\/themes\/city-desk\/timthumb.php?src=http%3A%2F%2Fwww.eloriente.net%2Fhome%2Fwp-content%2Fuploads%2F2013%2F06%2FAlgunos-derechos-reservados-sergejf-angel-de-la-independencia.jpg&amp;q=90&amp;w=160&amp;h=106&amp;zc=1\" alt=\"\u00bfNadie se acuerda de la consumaci\u00f3n de Independencia?\" \/><\/a><\/p>\n<p>eloriente.net 29\/septiembre\/2014 Por\u00a0Adri\u00e1n Ortiz Romero Pregunta vigente: \u00bfSe recordar\u00e1 \u201cotro\u201d bicentenario? Pocos la ubican como una fecha memorable en la historia nacional. Pero hoy 27 de septiembre se cumplen 193 a\u00f1os del episodio que marc\u00f3 la consumaci\u00f3n de la Independencia de M\u00e9xico. En efecto, deber\u00eda suponerse que \u00e9ste fuera tambi\u00e9n un d\u00eda de fiesta nacional, [&#8230;]<\/p>\n<p>September 29, 2014<\/p>\n<div id=\"post-32657\">\n<p><a title=\"Permalink to Margarita Luna Ramos recibe presea\" href=\"http:\/\/www.eloriente.net\/home\/2014\/09\/27\/margarita-luna-ramos-recibe-presea\/\" rel=\"bookmark\">Margarita Luna Ramos recibe presea<\/a><\/p>\n<p><a href=\"http:\/\/www.eloriente.net\/home\/2014\/09\/27\/margarita-luna-ramos-recibe-presea\/\" rel=\"bookmark\"><img decoding=\"async\" title=\"Margarita Luna Ramos recibe presea\" src=\"http:\/\/www.eloriente.net\/home\/wp-content\/themes\/city-desk\/timthumb.php?src=http%3A%2F%2Fwww.eloriente.net%2Fhome%2Fwp-content%2Fuploads%2F2014%2F09%2FEl-magistrado-Alfredo-Lagunas-con-el-presidente-de-la-AMDA-Jos%C3%A9-Ren%C3%A9-Olivos-Campos.jpg&amp;q=90&amp;w=160&amp;h=106&amp;zc=1\" alt=\"Margarita Luna Ramos recibe presea\" \/><\/a><\/p>\n<p>eloriente.net \/ Tribunal Superior de Justicia 27\/septiembre\/2014 El magistrado Alfredo Lagunas Rivera particip\u00f3 en las actividades de la constituci\u00f3n del Cap\u00edtulo Oaxaca de la Asociaci\u00f3n Mexicana de Derecho Administrativo El titular del Poder Judicial del Estado, magistrado Alfredo Rodrigo Lagunas Rivera atestigu\u00f3 la entrega de la presea, \u00fanica e irrepetible, \u201cJos\u00e9 Mar\u00eda del Castillo Velasco\u201d [&#8230;]<\/p>\n<p>September 27, 2014<\/p>\n<\/div>\n<div id=\"post-32630\">\n<p><a title=\"Permalink to La autoridad, perdida: \u00bfqu\u00e9 m\u00e1s ser\u00e1 tolerado?\" href=\"http:\/\/www.eloriente.net\/home\/2014\/09\/26\/la-autoridad-perdida-que-mas-sera-tolerado\/\" rel=\"bookmark\">La autoridad, perdida: \u00bfqu\u00e9 m\u00e1s ser\u00e1 tolerado?<\/a><\/p>\n<p><a href=\"http:\/\/www.eloriente.net\/home\/2014\/09\/26\/la-autoridad-perdida-que-mas-sera-tolerado\/\" rel=\"bookmark\"><img decoding=\"async\" title=\"La autoridad, perdida: \u00bfqu\u00e9 m\u00e1s ser\u00e1 tolerado?\" src=\"http:\/\/www.eloriente.net\/home\/wp-content\/themes\/city-desk\/timthumb.php?src=http%3A%2F%2Fwww.eloriente.net%2Fhome%2Fwp-content%2Fuploads%2F2014%2F04%2FMarcha-Contra-la-Reforma-Laboral-Por-Secci%C3%B3n-22.jpg&amp;q=90&amp;w=160&amp;h=106&amp;zc=1\" alt=\"La autoridad, perdida: \u00bfqu\u00e9 m\u00e1s ser\u00e1 tolerado?\" \/><\/a><\/p>\n<p>eloriente.net 26\/septiembre\/2014 Por Adri\u00e1n Ortiz Romero Escalada de violencia; Oaxaca, un bot\u00f3n negro En otros estados del pa\u00eds se habla con preocupaci\u00f3n de la incontenible violencia derivada de la criminalidad. Se dice que en casos como el de Michoac\u00e1n, Nuevo Le\u00f3n o Tamaulipas hay situaciones claras de Estado fallido a partir de que el gobierno [&#8230;]<\/p>\n<p>September 26, 2014<\/p>\n<\/div>\n\n\t\t\t  <div \n\t\t\t  \tclass = \"fb-comments\" \n\t\t\t  \tdata-href = \"http:\/\/www.eloriente.net\/home\/2014\/09\/29\/modernizacion-administrativa-en-el-poder-judicial-del-estado\/\"\n\t\t\t  \tdata-numposts = \"10\"\n\t\t\t\tdata-colorscheme = \"dark\"\n\t\t\t\tdata-order-by = \"social\"\n\t\t\t\tdata-mobile=true>\n\t\t\t  <\/div>\n\t\t  <style>\n\t\t\t.fb_iframe_widget_fluid_desktop iframe {\n\t\t\t    width: 100% !important;\n\t\t\t}\n\t\t  <\/style>\n\t\t  ","protected":false},"excerpt":{"rendered":"<p>eloriente.net \/ Tribunal Superior de Justicia 29\/septiembre\/2014 La implementaci\u00f3n de un proyecto de reingenier\u00eda administrativa ha contribuido a eficientar las actividades en el Fondo de Administraci\u00f3n de Justicia, afirm\u00f3 el magistrado Alfredo Lagunas La implementaci\u00f3n de un sistema integral de gesti\u00f3n administrativa computarizado, un nuevo dise\u00f1o de formatos de certificados de dep\u00f3sito y recibos oficiales [&hellip;]<\/p>\n","protected":false},"author":1,"featured_media":32685,"comment_status":"open","ping_status":"open","sticky":false,"template":"","format":"standard","meta":{"_jetpack_memberships_contains_paid_content":false,"footnotes":""},"categories":[1588,91,32,10,464],"tags":[225],"class_list":["post-32683","post","type-post","status-publish","format-standard","has-post-thumbnail","hentry","category-comunicados-y-boletines","category-congreso-y-justicia","category-entradas","category-lo-mas-reciente","category-oaxaca-estados","tag-tsj"],"jetpack_featured_media_url":"http:\/\/www.eloriente.net\/home\/wp-content\/uploads\/2014\/09\/Magistrado-Alfredo-Rodrigo-Lagunas-Rivera6.jpg","jetpack_sharing_enabled":true,"_links":{"self":[{"href":"http:\/\/www.eloriente.net\/home\/wp-json\/wp\/v2\/posts\/32683"}],"collection":[{"href":"http:\/\/www.eloriente.net\/home\/wp-json\/wp\/v2\/posts"}],"about":[{"href":"http:\/\/www.eloriente.net\/home\/wp-json\/wp\/v2\/types\/post"}],"author":[{"embeddable":true,"href":"http:\/\/www.eloriente.net\/home\/wp-json\/wp\/v2\/users\/1"}],"replies":[{"embeddable":true,"href":"http:\/\/www.eloriente.net\/home\/wp-json\/wp\/v2\/comments?post=32683"}],"version-history":[{"count":1,"href":"http:\/\/www.eloriente.net\/home\/wp-json\/wp\/v2\/posts\/32683\/revisions"}],"predecessor-version":[{"id":32688,"href":"http:\/\/www.eloriente.net\/home\/wp-json\/wp\/v2\/posts\/32683\/revisions\/32688"}],"wp:featuredmedia":[{"embeddable":true,"href":"http:\/\/www.eloriente.net\/home\/wp-json\/wp\/v2\/media\/32685"}],"wp:attachment":[{"href":"http:\/\/www.eloriente.net\/home\/wp-json\/wp\/v2\/media?parent=32683"}],"wp:term":[{"taxonomy":"category","embeddable":true,"href":"http:\/\/www.eloriente.net\/home\/wp-json\/wp\/v2\/categories?post=32683"},{"taxonomy":"post_tag","embeddable":true,"href":"http:\/\/www.eloriente.net\/home\/wp-json\/wp\/v2\/tags?post=32683"}],"curies":[{"name":"wp","href":"https:\/\/api.w.org\/{rel}","templated":true}]}}